{"id":10593,"date":"2020-11-09T20:44:24","date_gmt":"2020-11-09T23:44:24","guid":{"rendered":"http:\/\/www.eam.iua.edu.ar\/eam\/?p=10593"},"modified":"2020-11-09T22:14:46","modified_gmt":"2020-11-10T01:14:46","slug":"primer-vuelo-solo-y-vuelo-solo-en-la-e-a-m","status":"publish","type":"post","link":"http:\/\/www.eam.iua.edu.ar\/eam\/primer-vuelo-solo-y-vuelo-solo-en-la-e-a-m\/","title":{"rendered":"Primer Vuelo Solo y Vuelo Solo en la E.A.M."},"content":{"rendered":"<p>[vc_row][vc_column][vc_column_text el_class=\u00bbpublicaciones\u00bb]<\/p>\n<p style=\"text-align: left\">El viernes 6 de noviembre se llev\u00f3 a cabo una emotiva ceremonia en la <a href=\"http:\/\/www.eam.iua.edu.ar\/eam\/mision-y-autoridades\/\" target=\"_blank\" rel=\"noopener noreferrer\">Escuela de Aviaci\u00f3n Militar<\/a> por el Primer Vuelo Solo del Curso B\u00e1sico Conjunto de Piloto Militar (CBCPM C-12\/01 y C-12\/02) en aeronaves P-2002 Tecnam y G-120 TP Grob, Vuelo Solo del (CBCAM C-12\/11) en T-6C Texan II. Adem\u00e1s, la Primera Operaci\u00f3n Remota Solo del Curso de Operador de Sistemas A\u00e9reos Militares Remotamente Pilotados 5 en el Sistema de Armas Aukan (COSAMIRP 5).<\/p>\n<p style=\"text-align: left\">El evento fue presidido por el Jefe de la Fuerza A\u00e9rea, Brigadier D. Xavier ISAAC, acompa\u00f1ado por el Subjefe del Estado Mayor Conjunto de las FF.AA., Brigadier D. Pedro GIRARDI, el Director Gral. de Investigaci\u00f3n y Desarrollo, Brigadier D. C\u00e9sar CUNIETTI, el Director Gral. de Educaci\u00f3n, Brigadier D. Walter BRUN, el Director de la E.A.M., Comodoro D. Gustavo PEREZ ORTIZ, Personal Militar Superior y Subalterno y <a href=\"http:\/\/www.eam.iua.edu.ar\/eam\/cuerpo-de-cadetes\/\" target=\"_blank\" rel=\"noopener noreferrer\">Cadetes<\/a> del Instituto.<\/p>\n<p style=\"text-align: left\">El Capell\u00e1n de la <a href=\"http:\/\/www.eam.iua.edu.ar\/eam\/historia\/\" target=\"_blank\" rel=\"noopener noreferrer\">Escuela de Aviaci\u00f3n Militar<\/a>, Monse\u00f1or Germ\u00e1n CARMONA hizo una invocaci\u00f3n religiosa y bendijo los pa\u00f1uelos, distintivos y medallas de los cursantes.<\/p>\n<p style=\"text-align: left\">Las palabras alusivas estuvieron a cargo del Jefe del Grupo A\u00e9reo Escuela, Comodoro D. Carlos Gabriel CEND\u00d3N quien felicit\u00f3 a los cursantes por haber cumplimentado satisfactoria y meritoriamente el primer escal\u00f3n hacia el tan anhelado brevet de aviador militar y la certificaci\u00f3n como operadores remotos SAMIRP.<\/p>\n<p style=\"text-align: left\"><em>\u201cAlumnos insp\u00edrense en nuestros h\u00e9roes, quienes estuvieron en el mismo lugar que los encuentra aqu\u00ed reunidos, con las mismas sensaciones y los mismos deseos y quienes a la hora de la verdad demostraron con valent\u00eda, arrojo y profesionalismo todo aquello que la FAA les ense\u00f1\u00f3\u201d,<\/em> afirm\u00f3 el Com. CEND\u00d3N.<\/p>\n<p style=\"text-align: left\">Posteriormente, los Oficiales firmaron el libro hist\u00f3rico y se llev\u00f3 a cabo la entrega de escudos, pa\u00f1uelos y el tradicional bautismo a los cursantes que realizaron el Primer Vuelo Solo y a los Oficiales cursantes del COSAMIRP 5.<\/p>\n<p style=\"text-align: left\">Luego, los Oficiales cursantes del Curso B\u00e1sico Conjunto de Aviador Militar (CBCAM C-12\/11) que hicieron el Vuelo Solo en aeronaves T6C- <a href=\"http:\/\/www.eam.iua.edu.ar\/eam\/1-aniversario-de-la-incorporacion-de-los-t-6c-texan-ii-a-la-fuerza-aerea-argentina\/\" target=\"_blank\" rel=\"noopener noreferrer\">Texan<\/a> II recibieron los diplomas correspondientes.<\/p>\n<p style=\"text-align: left\">En el cierre de la ceremonia, los presentes disfrutaron de pasajes a\u00e9reos de aeronaves T6C Texan II y A4 AR Figthinghawk.<\/p>\n<p style=\"text-align: left\">Despu\u00e9s de concluido el emotivo acto, el Alf\u00e9rez D. Exequiel Mat\u00edas SPERONI, quien realiz\u00f3 su Primer Vuelo Solo, manifest\u00f3: <em>\u201cHoy es un d\u00eda trascendental, muy significativo y lleno de emociones para aquellos que miramos al cielo y sentimos que nuestro coraz\u00f3n, nuestra mente y nuestro esp\u00edritu est\u00e1n all\u00ed. Agradezco a todas las personas que hicieron esto posible, a Dios y a la Virgen, en su advocaci\u00f3n de Loreto, que nos acompa\u00f1an en cada vuelo y nos traen nuevamente a tierra y al calor de nuestras familias y seres queridos\u201d.<\/em><\/p>\n<p style=\"text-align: left\"><strong>Rese\u00f1a hist\u00f3rica<\/strong><\/p>\n<p style=\"text-align: left\">El 31 de agosto de 1925, en la Orden del D\u00eda N\u00ba 173 de la <a href=\"http:\/\/www.eam.iua.edu.ar\/eam\/historia\/\" target=\"_blank\" rel=\"noopener noreferrer\">Escuela de Aviaci\u00f3n<\/a>, ubicada en los predios de El Palomar, el entonces Director, Mayor ZULOAGA estableci\u00f3 el bautismo de los pilotos militares, dando inicio a lo que se constituy\u00f3 en una tradici\u00f3n mantenida a lo largo de los a\u00f1os.<\/p>\n<p style=\"text-align: left\">La \u201cOrden del D\u00eda\u201d expresaba que el bautismo de los alumnos pilotos que salen solos por primera vez, constituye un acto tradicional, cuya trascendencia se marca con caracteres indelebles en la vida del aviador.<\/p>\n<p>[\/vc_column_text][\/vc_column][\/vc_row][vc_row][vc_column][vc_text_separator title=\u00bbGaler\u00eda de im\u00e1genes\u00bb i_icon_fontawesome=\u00bbfa fa-camera\u00bb i_color=\u00bbcustom\u00bb color=\u00bborange\u00bb border_width=\u00bb2&#8243; add_icon=\u00bbtrue\u00bb i_custom_color=\u00bb#1859a3&#8243;][\/vc_column][\/vc_row][vc_row][vc_column][vc_gallery type=\u00bbimage_grid\u00bb images=\u00bb10619,10601,10602,10606,10605,10604,10609,10620,10603,10607,10611,10626,10608,10610,10613,10614,10618,10617,10621&#8243;][\/vc_column][\/vc_row]<\/p>\n","protected":false},"excerpt":{"rendered":"<p>El viernes 6 de noviembre se llev\u00f3 a cabo una emotiva ceremonia en la Escuela de Aviaci\u00f3n Militar por el Primer Vuelo Solo del Curso B\u00e1sico Conjunto de Piloto Militar C-12\/01 y C-12\/02 en aeronaves P-2002 Tecnam y G-120 TP Grob, Vuelo Solo del (CBCAM C-12\/11) en T-6C Texan II. Adem\u00e1s, la Primera Operaci\u00f3n Remota Solo del Curso de Operador de Sistemas A\u00e9reos Militares Remotamente Pilotados 5 en el Sistema de Armas Aukan (COSAMIRP 5).<\/p>\n","protected":false},"author":6,"featured_media":10621,"comment_status":"closed","ping_status":"closed","sticky":false,"template":"","format":"standard","meta":{"_joinchat":[],"footnotes":""},"categories":[2995],"tags":[1206,3022,3024,95,1890,660,1259,3021,1420,1422,1421,132,3023],"class_list":["post-10593","post","type-post","status-publish","format-standard","has-post-thumbnail","hentry","category-noticias-2","tag-cbcam","tag-cbcpm","tag-cosamirp","tag-eam","tag-escuela-de-aviacion-militar","tag-faa","tag-fuerza-aerea-argentina","tag-grob","tag-grupo-aereo-escuela","tag-primer-vuelo-solo","tag-tecnam","tag-texan-ii","tag-vuelo-solo"],"_links":{"self":[{"href":"http:\/\/www.eam.iua.edu.ar\/eam\/wp-json\/wp\/v2\/posts\/10593","targetHints":{"allow":["GET"]}}],"collection":[{"href":"http:\/\/www.eam.iua.edu.ar\/eam\/wp-json\/wp\/v2\/posts"}],"about":[{"href":"http:\/\/www.eam.iua.edu.ar\/eam\/wp-json\/wp\/v2\/types\/post"}],"author":[{"embeddable":true,"href":"http:\/\/www.eam.iua.edu.ar\/eam\/wp-json\/wp\/v2\/users\/6"}],"replies":[{"embeddable":true,"href":"http:\/\/www.eam.iua.edu.ar\/eam\/wp-json\/wp\/v2\/comments?post=10593"}],"version-history":[{"count":9,"href":"http:\/\/www.eam.iua.edu.ar\/eam\/wp-json\/wp\/v2\/posts\/10593\/revisions"}],"predecessor-version":[{"id":10628,"href":"http:\/\/www.eam.iua.edu.ar\/eam\/wp-json\/wp\/v2\/posts\/10593\/revisions\/10628"}],"wp:featuredmedia":[{"embeddable":true,"href":"http:\/\/www.eam.iua.edu.ar\/eam\/wp-json\/wp\/v2\/media\/10621"}],"wp:attachment":[{"href":"http:\/\/www.eam.iua.edu.ar\/eam\/wp-json\/wp\/v2\/media?parent=10593"}],"wp:term":[{"taxonomy":"category","embeddable":true,"href":"http:\/\/www.eam.iua.edu.ar\/eam\/wp-json\/wp\/v2\/categories?post=10593"},{"taxonomy":"post_tag","embeddable":true,"href":"http:\/\/www.eam.iua.edu.ar\/eam\/wp-json\/wp\/v2\/tags?post=10593"}],"curies":[{"name":"wp","href":"https:\/\/api.w.org\/{rel}","templated":true}]}}