{"id":10945,"date":"2021-04-19T12:23:14","date_gmt":"2021-04-19T15:23:14","guid":{"rendered":"http:\/\/www.eam.iua.edu.ar\/eam\/?p=10945"},"modified":"2021-05-13T16:28:53","modified_gmt":"2021-05-13T19:28:53","slug":"inscripcion-seminario-ejercicio-garra-2021","status":"publish","type":"post","link":"http:\/\/www.eam.iua.edu.ar\/eam\/inscripcion-seminario-ejercicio-garra-2021\/","title":{"rendered":"Inscripci\u00f3n Seminario Ejercicio Garra 2021"},"content":{"rendered":"<p>[vc_row][vc_column][vc_column_text]El Ejercicio Garra es una pr\u00e1ctica de gabinete que recrea una situaci\u00f3n hipot\u00e9tica, frente a la cual los participantes deber\u00e1n tomar decisiones basadas en la informaci\u00f3n (est\u00edmulos) que reciben durante el ejercicio.<\/p>\n<p>Se trata de una representaci\u00f3n simplificada de la realidad con fines predominantemente pedag\u00f3gicos, constituyendo de esta manera un excelente marco para integrar los \u00e1mbitos de actuaci\u00f3n profesional de los diversos participantes.<\/p>\n<p>Tambi\u00e9n se transforma en un disparador para que los participantes aprendan, en los albores de sus carreras profesionales, a utilizar las herramientas que sus respectivos \u00e1mbitos de formaci\u00f3n acad\u00e9mica les brindan. Ello implica principalmente poner en pr\u00e1ctica un c\u00famulo de saberes te\u00f3ricos previamente aprendidos e integrarlos con los de los dem\u00e1s participantes de otras disciplinas a los fines de lograr dar una respuesta a la problem\u00e1tica planteada que sea coherente y pasible de ser aplicada.<\/p>\n<p>En s\u00edntesis, es un ejercicio de simulaci\u00f3n, interdisciplinario e interinstitucional de conducci\u00f3n estrat\u00e9gica y resoluci\u00f3n de conflictos.[\/vc_column_text]<div class=\"sc_infobox sc_infobox_style_regular sc_infobox_iconed icon-graduation-light\">[vc_column_text css=\u00bb.vc_custom_1618840217097{padding-right: 1em !important;}\u00bb]Ex cadetes, hoy oficiales de la Fuerza A\u00e9rea Argentina y los \u00a0integrantes de la Filial C\u00f3rdoba de la Cruz Roja Argentina \u00a0que participaron en el Centro de Operaciones de Emergencias (COE) durante el desenvolvimiento \u00a0de la pandemia por Covid\u00a0 19 el pasado a\u00f1o, testimonian que \u00a0tal experiencia fue percibida\u00a0 como\u00a0 un revivir el Ejercicio Garra de ediciones anteriores. Tal circunstancia \u00a0nos llena de satisfacci\u00f3n, confirmando una vez m\u00e1s \u00a0los beneficios obtenidos al\u00a0 utilizar esta herramienta pedag\u00f3gica, en el\u00a0 proceso de ense\u00f1anza y\u00a0 aprendizaje de \u00e1reas sustantivas de diversas disciplinas, promoviendo el\u00a0 desarrollo de\u00a0 la capacidad de trabajo colaborativo para la toma de decisiones.[\/vc_column_text]<\/div>[\/vc_column][\/vc_row][vc_row][vc_column][vc_row_inner][vc_column_inner][vc_raw_html css=\u00bb.vc_custom_1619615603599{padding-left: 2em !important;}\u00bb]JTNDaDMlM0VJbmZvcm1lcyUzQyUyRmgzJTNFJTNDJTJGYnIlM0UlMEElM0NzcGFuJTIwY2xhc3MlM0QlMjJ2Y19pY29uX2VsZW1lbnQtaWNvbiUyMGZhJTIwZmEtcGhvbmUlMjIlM0UlM0MlMkZzcGFuJTNFJTIwJTIwJTI4MzUxJTI5JTIwNDMzMzkwMCUyMGludGVybm8lM0ElMjAzNzQ2NiUyMCUzQyUyRmJyJTNFJTBBJTNDc3BhbiUyMGNsYXNzJTNEJTIydmNfaWNvbl9lbGVtZW50LWljb24lMjBmYSUyMGZhLWVudmVsb3BlJTIyJTNFJTNDJTJGc3BhbiUzRSUyMCUyMCUzQ2ElMjBocmVmJTNEJTIybWFpbHRvJTNBc2VjcmV0YXJpYWV4dGVuc2lvbiU0MGVhbS5pdWEuZWR1LmFyJTIyJTNFJTIwc2VjcmV0YXJpYWV4dGVuc2lvbiU0MGVhbS5pdWEuZWR1LmFyJTNDJTJGYSUzRSUzQyUyRmJyJTNFJTBBJTNDc3BhbiUyMGNsYXNzJTNEJTIydmNfaWNvbl9lbGVtZW50LWljb24lMjBmYSUyMGZhLWVudmVsb3BlJTIyJTNFJTNDJTJGc3BhbiUzRSUyMCUyMCUzQ2ElMjBocmVmJTNEJTIybWFpbHRvJTNBc2VjcmV0YXJpYWRlZXh0ZW5zaW9uZWFtJTQwZ21haWwuY29tJTIyJTNFJTIwc2VjcmV0YXJpYWRlZXh0ZW5zaW9uZWFtJTQwZ21haWwuY29tJTNDJTJGYSUzRQ==[\/vc_raw_html][\/vc_column_inner][\/vc_row_inner][vc_empty_space][vc_column_text]<\/p>\n<h3>CONSTA DE DOS ETAPAS<\/h3>\n<h5><strong>1<sup>a<\/sup>\u00a0etapa: Seminario Interdisciplinario de Nivelaci\u00f3n.<\/strong><\/h5>\n<p><strong>Destinatarios del seminario<\/strong>:<\/p>\n<p>&#x2666; Cadetes y alumnos de las instituciones participantes.<\/p>\n<p><strong>Inscripci\u00f3n on line al seminario<\/strong>: del\u00a0<strong>19 de abril al\u00a0 12 de mayo de 2021<\/strong>.[\/vc_column_text][vc_empty_space][vc_column_text]<\/p>\n<p style=\"text-align: center;\"><span style=\"color: #800000;\"><strong>EL PER\u00cdODO DE INSCRIPCI\u00d3N HA FINALIZADO<\/strong><\/span><\/p>\n<p>[\/vc_column_text][vc_empty_space][vc_column_text]<\/p>\n<h5><strong>2<sup>a<\/sup> etapa: ejercicio propiamente dicho:\u00a0 setiembre de 2021.<\/strong><\/h5>\n<p>[\/vc_column_text][\/vc_column][\/vc_row]<\/p>\n","protected":false},"excerpt":{"rendered":"<p>[vc_row][vc_column][vc_column_text]El Ejercicio Garra es una pr\u00e1ctica de gabinete que recrea una situaci\u00f3n hipot\u00e9tica, frente a la cual los participantes deber\u00e1n tomar decisiones basadas en la informaci\u00f3n (est\u00edmulos) que reciben durante el ejercicio. Se trata de una representaci\u00f3n simplificada de la realidad con fines predominantemente pedag\u00f3gicos, constituyendo de esta manera un excelente marco para integrar los [&hellip;]<\/p>\n","protected":false},"author":1,"featured_media":10975,"comment_status":"closed","ping_status":"closed","sticky":false,"template":"","format":"standard","meta":{"_joinchat":[],"footnotes":""},"categories":[2995,1629],"tags":[101,3031,2994,3032],"class_list":["post-10945","post","type-post","status-publish","format-standard","has-post-thumbnail","hentry","category-noticias-2","category-secretaria-extension","tag-ejercicio-garra","tag-inscripcion-garra","tag-modalidad-virtual","tag-seminario-garra"],"_links":{"self":[{"href":"http:\/\/www.eam.iua.edu.ar\/eam\/wp-json\/wp\/v2\/posts\/10945","targetHints":{"allow":["GET"]}}],"collection":[{"href":"http:\/\/www.eam.iua.edu.ar\/eam\/wp-json\/wp\/v2\/posts"}],"about":[{"href":"http:\/\/www.eam.iua.edu.ar\/eam\/wp-json\/wp\/v2\/types\/post"}],"author":[{"embeddable":true,"href":"http:\/\/www.eam.iua.edu.ar\/eam\/wp-json\/wp\/v2\/users\/1"}],"replies":[{"embeddable":true,"href":"http:\/\/www.eam.iua.edu.ar\/eam\/wp-json\/wp\/v2\/comments?post=10945"}],"version-history":[{"count":28,"href":"http:\/\/www.eam.iua.edu.ar\/eam\/wp-json\/wp\/v2\/posts\/10945\/revisions"}],"predecessor-version":[{"id":10986,"href":"http:\/\/www.eam.iua.edu.ar\/eam\/wp-json\/wp\/v2\/posts\/10945\/revisions\/10986"}],"wp:featuredmedia":[{"embeddable":true,"href":"http:\/\/www.eam.iua.edu.ar\/eam\/wp-json\/wp\/v2\/media\/10975"}],"wp:attachment":[{"href":"http:\/\/www.eam.iua.edu.ar\/eam\/wp-json\/wp\/v2\/media?parent=10945"}],"wp:term":[{"taxonomy":"category","embeddable":true,"href":"http:\/\/www.eam.iua.edu.ar\/eam\/wp-json\/wp\/v2\/categories?post=10945"},{"taxonomy":"post_tag","embeddable":true,"href":"http:\/\/www.eam.iua.edu.ar\/eam\/wp-json\/wp\/v2\/tags?post=10945"}],"curies":[{"name":"wp","href":"https:\/\/api.w.org\/{rel}","templated":true}]}}