{"id":11046,"date":"2021-06-03T18:29:23","date_gmt":"2021-06-03T21:29:23","guid":{"rendered":"http:\/\/www.eam.iua.edu.ar\/eam\/?p=11046"},"modified":"2021-06-03T19:36:18","modified_gmt":"2021-06-03T22:36:18","slug":"reliquias-de-la-casa-de-un-heroe-descansan-en-el-cuerpo-de-cadetes-de-la-e-a-m","status":"publish","type":"post","link":"http:\/\/www.eam.iua.edu.ar\/eam\/reliquias-de-la-casa-de-un-heroe-descansan-en-el-cuerpo-de-cadetes-de-la-e-a-m\/","title":{"rendered":"Reliquias de la casa de un H\u00e9roe descansan en el Cuerpo de Cadetes de la E.A.M."},"content":{"rendered":"<p>[vc_row][vc_column][vc_column_text el_class=\u00bbpublicaciones\u00bb]El General Don Jos\u00e9 Francisco de San Mart\u00edn fue uno de los h\u00e9roes que nos leg\u00f3 los valores m\u00e1s profundos de amor a la patria, el honor, la libertad, su permanente lucha de los ideales por el bien com\u00fan y la defensa de la Naci\u00f3n. Por ello, la <a href=\"http:\/\/www.eam.iua.edu.ar\/eam\/mision-y-autoridades\/\" target=\"_blank\" rel=\"noopener noreferrer\">Escuela de Aviaci\u00f3n Militar<\/a> le rindi\u00f3 homenaje a uno de los pr\u00f3ceres m\u00e1s significativos e importantes para la historia de la Rep\u00fablica Argentina en una emotiva ceremonia.<\/p>\n<p>El pasado jueves 20 de mayo, en el edificio del Cuerpo de Cadetes, se realiz\u00f3 la entrega en resguardo de tierra del patio interno de la vivienda donde permaneci\u00f3 el General D. Jos\u00e9 De San Martin hasta su fallecimiento y la bandera argentina que flame\u00f3 en su casa hasta el a\u00f1o 2020.<\/p>\n<p>El emotivo acto fue presidido por el Director de la Escuela de Aviaci\u00f3n Militar, Brigadier D. Gustavo PEREZ ORTIZ, acompa\u00f1ado del Subdirector, Jefes de Grupo, Suboficial de Estado Mayor General de la Fuerza A\u00e9rea Argentina, el Suboficial de Organismo de la Direcci\u00f3n General de Educaci\u00f3n, el Suboficial de Unidad de la EAM, el Suboficial Mayor (R) Carlos RODR\u00cdGUEZ, Personal Militar Superior y Subalterno del Instituto.<\/p>\n<p>El fragmento de tierra que la Escuela de Aviaci\u00f3n Militar recibe para resguardo pertenece al patio interno de la casa donde el General San Mart\u00edn muri\u00f3, tras haber pasado sus \u00faltimos dos a\u00f1os de vida, un 17 de agosto de 1850, en Boulogne-Sur-Mer, Francia. En esta vivienda el padre de la Patria comparti\u00f3 sus \u00faltimos momentos de vida con la memorable compa\u00f1\u00eda de su hija Mercedes, su yerno Mariano Balcarce y sus nietas.<\/p>\n<p>Es importante destacar que tambi\u00e9n queda en resguardo la Bandera Argentina que flame\u00f3 en dicha vivienda hasta el a\u00f1o 2020. Actualmente en esta casa se encuentra el Museo \u201cLibertador General San Mart\u00edn\u201d y depende del <a href=\"https:\/\/www.cancilleria.gob.ar\/\" target=\"_blank\" rel=\"noopener noreferrer\">Ministerio de Relaciones Exteriores y Culto<\/a>, espec\u00edficamente \u00a0de la Embajada de la Rep\u00fablica Argentina en Francia.<\/p>\n<p>El encargado de traer los elementos hist\u00f3ricos desde Francia fue el Suboficial Mayor (R) Carlos RODR\u00cdGUEZ, cuando estuvo all\u00ed como Auxiliar de Agregadur\u00eda en la Embajada de Francia. En su emotivo discurso, destac\u00f3 el honor de ser parte de este momento hist\u00f3rico para la Escuela de Aviaci\u00f3n Militar y para la <a href=\"https:\/\/www.argentina.gob.ar\/fuerzaaerea\" target=\"_blank\" rel=\"noopener noreferrer\">Fuerza A\u00e9rea Argentina<\/a>, dejando en resguardo estos elementos de gran valor por lo que significa para el pueblo argentino la figura del Gral. San Mart\u00edn.<\/p>\n<p>El Director de la E.A.M., Brigadier PEREZ ORTIZ y el S.M. (R) RODR\u00cdGUEZ, fueron quienes realizaron la recepci\u00f3n de los elementos pertenecientes a la vivienda donde falleciera el General San Mart\u00edn, los cuales quedar\u00e1n en custodia en la Sala de Honor del <a href=\"http:\/\/www.eam.iua.edu.ar\/eam\/cuerpo-de-cadetes\/\" target=\"_blank\" rel=\"noopener noreferrer\">Cuerpo de Cadetes<\/a> del Instituto, precisamente en el lugar donde se atesoran algunos de sus elementos personales, evocando as\u00ed nuestro respeto y permanente memoria.[\/vc_column_text][\/vc_column][\/vc_row][vc_row][vc_column][vc_text_separator title=\u00bbGaler\u00eda de im\u00e1genes\u00bb i_icon_fontawesome=\u00bbfa fa-camera\u00bb i_color=\u00bbcustom\u00bb color=\u00bborange\u00bb border_width=\u00bb2&#8243; add_icon=\u00bbtrue\u00bb i_custom_color=\u00bb#003956&#8243;][\/vc_column][\/vc_row][vc_row][vc_column][vc_gallery type=\u00bbimage_grid\u00bb images=\u00bb11049,11052,11050,11053,11054,11051,11055&#8243;][\/vc_column][\/vc_row]<\/p>\n","protected":false},"excerpt":{"rendered":"<p>El General Don Jos\u00e9 Francisco de San Mart\u00edn fue uno de los h\u00e9roes que nos leg\u00f3 los valores m\u00e1s profundos de amor a la patria, el honor, la libertad, su permanente lucha de los ideales por el bien com\u00fan y la defensa de la Naci\u00f3n. Por ello, la Escuela de Aviaci\u00f3n Militar le rindi\u00f3 homenaje a uno de los pr\u00f3ceres m\u00e1s significativos e importantes para la historia de la Rep\u00fablica Argentina en una emotiva ceremonia.<\/p>\n","protected":false},"author":6,"featured_media":11059,"comment_status":"closed","ping_status":"closed","sticky":false,"template":"","format":"standard","meta":{"_joinchat":[],"footnotes":""},"categories":[2995],"tags":[98,122,121,95,1890,1259,2672,2307],"class_list":["post-11046","post","type-post","status-publish","format-standard","has-post-thumbnail","hentry","category-noticias-2","tag-actos","tag-ceremonias","tag-cuerpo-cadetes","tag-eam","tag-escuela-de-aviacion-militar","tag-fuerza-aerea-argentina","tag-general-jose-de-san-martin","tag-general-san-martin"],"_links":{"self":[{"href":"http:\/\/www.eam.iua.edu.ar\/eam\/wp-json\/wp\/v2\/posts\/11046","targetHints":{"allow":["GET"]}}],"collection":[{"href":"http:\/\/www.eam.iua.edu.ar\/eam\/wp-json\/wp\/v2\/posts"}],"about":[{"href":"http:\/\/www.eam.iua.edu.ar\/eam\/wp-json\/wp\/v2\/types\/post"}],"author":[{"embeddable":true,"href":"http:\/\/www.eam.iua.edu.ar\/eam\/wp-json\/wp\/v2\/users\/6"}],"replies":[{"embeddable":true,"href":"http:\/\/www.eam.iua.edu.ar\/eam\/wp-json\/wp\/v2\/comments?post=11046"}],"version-history":[{"count":4,"href":"http:\/\/www.eam.iua.edu.ar\/eam\/wp-json\/wp\/v2\/posts\/11046\/revisions"}],"predecessor-version":[{"id":11057,"href":"http:\/\/www.eam.iua.edu.ar\/eam\/wp-json\/wp\/v2\/posts\/11046\/revisions\/11057"}],"wp:featuredmedia":[{"embeddable":true,"href":"http:\/\/www.eam.iua.edu.ar\/eam\/wp-json\/wp\/v2\/media\/11059"}],"wp:attachment":[{"href":"http:\/\/www.eam.iua.edu.ar\/eam\/wp-json\/wp\/v2\/media?parent=11046"}],"wp:term":[{"taxonomy":"category","embeddable":true,"href":"http:\/\/www.eam.iua.edu.ar\/eam\/wp-json\/wp\/v2\/categories?post=11046"},{"taxonomy":"post_tag","embeddable":true,"href":"http:\/\/www.eam.iua.edu.ar\/eam\/wp-json\/wp\/v2\/tags?post=11046"}],"curies":[{"name":"wp","href":"https:\/\/api.w.org\/{rel}","templated":true}]}}