{"id":11071,"date":"2021-06-18T19:18:03","date_gmt":"2021-06-18T22:18:03","guid":{"rendered":"http:\/\/www.eam.iua.edu.ar\/eam\/?p=11071"},"modified":"2021-06-18T19:18:30","modified_gmt":"2021-06-18T22:18:30","slug":"no-los-hemos-de-olvidar","status":"publish","type":"post","link":"http:\/\/www.eam.iua.edu.ar\/eam\/no-los-hemos-de-olvidar\/","title":{"rendered":"NO LOS HEMOS DE OLVIDAR"},"content":{"rendered":"<p>[vc_row][vc_column][vc_column_text el_class=\u00bbpublicaciones\u00bb]Hace 39 a\u00f1os finalizaba una guerra que tuvo en vilo a toda la Argentina con la esperanza de recuperar el suelo perdido. Hace 39 a\u00f1os que finalizaba la guerra en la que muchos compatriotas lucharon con valent\u00eda y osad\u00eda por la recuperaci\u00f3n de las Islas Malvinas, Georgias del Sur, Sandwich del Sur y el espacio mar\u00edtimo circundante.<\/p>\n<p>En este contexto, y dentro de la vigilia que se est\u00e1 realizando en todo el pa\u00eds previa a la conmemoraci\u00f3n de los 40 a\u00f1os de finalizado el conflicto, en la <a href=\"http:\/\/www.eam.iua.edu.ar\/eam\/mision-y-autoridades\/\" target=\"_blank\" rel=\"noopener noreferrer\">Escuela de Aviaci\u00f3n Militar<\/a> se realiz\u00f3 un homenaje a los Ca\u00eddos y a los Veteranos de Guerra que regresaron heroicamente al continente luego de 74 d\u00edas de lucha incansable.<\/p>\n<p>La ceremonia estuvo presidida por el Subdirector del Instituto, Comodoro D. Eduardo BAIOCCO, quien estuvo acompa\u00f1ado por Veteranos de la <a href=\"https:\/\/www.argentina.gob.ar\/fuerzaaerea\/gesta-malvinas\" target=\"_blank\" rel=\"noopener noreferrer\">Guerra de Malvinas<\/a>, Jefes de Grupo, Personal Militar Superior, Subalterno y Cadetes.<br \/>\nLuego de entonar las estrofas del Himno Nacional Argentino y de escuchar la invocaci\u00f3n religiosa por parte del Presb\u00edtero Pablo VILCA, el Comodoro \u201cVGM\u201d (R) H\u00e9ctor LUDUE\u00d1A fue quien pronunci\u00f3 un emotivo discurso sobre lo acontecido hace 39 a\u00f1os atr\u00e1s.<\/p>\n<p><strong>\u201cCon gran orgullo resaltamos el desempe\u00f1o de cada hombre que combati\u00f3 en el sistema y especialidad correspondiente manteniendo viva la memoria y el legado de quienes quedaron como custodios eternos de nuestras Islas Malvinas\u201d.<\/strong><br \/>\nEntre sus palabras, remarc\u00f3 la actitud y valent\u00eda del personal que luch\u00f3 contra el enemigo. <strong>\u201cTener en nuestra mente a nuestros h\u00e9roes ca\u00eddos en combate nos induce a continuar la lucha conservando el alto esp\u00edritu y la pasi\u00f3n que pusimos cuando la Fuerza A\u00e9rea nos deleg\u00f3 el honor de defender el suelo argentino que nos pertenece en las Islas Malvinas usurpadas por Gran Breta\u00f1a\u201d. <\/strong><\/p>\n<p>Para finalizar, el Comodoro se refiri\u00f3 a la tarea que deben seguir realizando los Veteranos de guerra: <strong>\u201cNos insta el esfuerzo de mantener la causa Malvinas para las generaciones que nos sucedan, expresando las vivencias, detallando los momentos y acentuando m\u00e1s que nunca la concepci\u00f3n que nuestras Islas Malvinas fueron, son y ser\u00e1n por siempre Argentinas\u201d.<\/strong><\/p>\n<p>Durante la ceremonia se ley\u00f3 tambi\u00e9n el mensaje del Se\u00f1or Ministro de Defensa, Ing. Agust\u00edn ROSSI, quien en sus palabras inst\u00f3 a \u201cponer en valor y reconocer por su coraje y patriotismo a nuestros Veteranos y Veteranas de Guerra, a nuestros Ex Combatientes y a nuestros ca\u00eddos\u201d. Tambi\u00e9n se dio a conocer que \u201cdesde el <a href=\"https:\/\/www.argentina.gob.ar\/defensa\" target=\"_blank\" rel=\"noopener noreferrer\">Ministerio de Defensa de la Naci\u00f3n<\/a>, y desde cada uno de los lugares de las Fuerzas Armadas Argentinas, estamos llevando adelante el reconocimiento que no tuvieron en esos d\u00edas de junio de 1982, quiz\u00e1s en el momento que m\u00e1s lo necesitaban\u201d.<\/p>\n<p>Al finalizar la ceremonia, la emoci\u00f3n invadi\u00f3 a los presentes \u00a0quienes entonaron con gran fervor la Marcha Malvinas[\/vc_column_text][\/vc_column][\/vc_row][vc_row][vc_column][vc_text_separator title=\u00bbGaler\u00eda de im\u00e1genes\u00bb i_icon_fontawesome=\u00bbfa fa-camera\u00bb i_color=\u00bbcustom\u00bb color=\u00bborange\u00bb border_width=\u00bb2&#8243; add_icon=\u00bbtrue\u00bb i_custom_color=\u00bb#003156&#8243;][\/vc_column][\/vc_row][vc_row][vc_column][vc_gallery type=\u00bbimage_grid\u00bb images=\u00bb11076,11077,11078,11079,11080,11081,11082,11083,11084,11085&#8243;][\/vc_column][\/vc_row]<\/p>\n","protected":false},"excerpt":{"rendered":"<p>Hace 39 a\u00f1os finalizaba una guerra que tuvo en vilo a toda la Argentina con la esperanza de recuperar el suelo perdido. Hace 39 a\u00f1os que finalizaba la guerra en la que muchos compatriotas lucharon con valent\u00eda y osad\u00eda por la recuperaci\u00f3n de las Islas Malvinas, Georgias del Sur, Sandwich del Sur y el espacio mar\u00edtimo circundante.<\/p>\n","protected":false},"author":6,"featured_media":11086,"comment_status":"closed","ping_status":"closed","sticky":false,"template":"","format":"standard","meta":{"_joinchat":[],"footnotes":""},"categories":[2995],"tags":[221,122,121,1890,660,1259,3041,68,1235],"class_list":["post-11071","post","type-post","status-publish","format-standard","has-post-thumbnail","hentry","category-noticias-2","tag-cadetes","tag-ceremonias","tag-cuerpo-cadetes","tag-escuela-de-aviacion-militar","tag-faa","tag-fuerza-aerea-argentina","tag-guerra-de-malvinas","tag-malvinas","tag-vgm"],"_links":{"self":[{"href":"http:\/\/www.eam.iua.edu.ar\/eam\/wp-json\/wp\/v2\/posts\/11071","targetHints":{"allow":["GET"]}}],"collection":[{"href":"http:\/\/www.eam.iua.edu.ar\/eam\/wp-json\/wp\/v2\/posts"}],"about":[{"href":"http:\/\/www.eam.iua.edu.ar\/eam\/wp-json\/wp\/v2\/types\/post"}],"author":[{"embeddable":true,"href":"http:\/\/www.eam.iua.edu.ar\/eam\/wp-json\/wp\/v2\/users\/6"}],"replies":[{"embeddable":true,"href":"http:\/\/www.eam.iua.edu.ar\/eam\/wp-json\/wp\/v2\/comments?post=11071"}],"version-history":[{"count":5,"href":"http:\/\/www.eam.iua.edu.ar\/eam\/wp-json\/wp\/v2\/posts\/11071\/revisions"}],"predecessor-version":[{"id":11087,"href":"http:\/\/www.eam.iua.edu.ar\/eam\/wp-json\/wp\/v2\/posts\/11071\/revisions\/11087"}],"wp:featuredmedia":[{"embeddable":true,"href":"http:\/\/www.eam.iua.edu.ar\/eam\/wp-json\/wp\/v2\/media\/11086"}],"wp:attachment":[{"href":"http:\/\/www.eam.iua.edu.ar\/eam\/wp-json\/wp\/v2\/media?parent=11071"}],"wp:term":[{"taxonomy":"category","embeddable":true,"href":"http:\/\/www.eam.iua.edu.ar\/eam\/wp-json\/wp\/v2\/categories?post=11071"},{"taxonomy":"post_tag","embeddable":true,"href":"http:\/\/www.eam.iua.edu.ar\/eam\/wp-json\/wp\/v2\/tags?post=11071"}],"curies":[{"name":"wp","href":"https:\/\/api.w.org\/{rel}","templated":true}]}}