{"id":11089,"date":"2021-06-29T21:16:27","date_gmt":"2021-06-30T00:16:27","guid":{"rendered":"http:\/\/www.eam.iua.edu.ar\/eam\/?p=11089"},"modified":"2021-06-29T23:13:54","modified_gmt":"2021-06-30T02:13:54","slug":"10-000-hs-del-sistema-de-armas-texan-ii-en-la-e-a-m","status":"publish","type":"post","link":"http:\/\/www.eam.iua.edu.ar\/eam\/10-000-hs-del-sistema-de-armas-texan-ii-en-la-e-a-m\/","title":{"rendered":"10.000 hs del Sistema de Armas Texan II en la E.A.M."},"content":{"rendered":"<p>[vc_row][vc_column][vc_column_text el_class=\u00bbpublicaciones\u00bb]El pasado jueves 24 de junio se llev\u00f3 a cabo en la Escuela de Aviaci\u00f3n Militar la ceremonia para celebrar que el Sistema de Armas Beechcraft T-6C \u201cTEXAN\u201d ha superado las 10.000 horas de vuelo.<\/p>\n<p>Presidida por el Jefe del Estado Mayor General de la <a href=\"https:\/\/www.argentina.gob.ar\/fuerzaaerea\" target=\"_blank\" rel=\"noopener noreferrer\">Fuerza A\u00e9rea Argentina<\/a>, Brigadier Mayor D. Xavier ISAAC, quien estuvo acompa\u00f1ado por el Subjefe del Estado Mayor General de la F.A.A., Brigadier Mayor D. Hugo SCHAUB, el Director General de Educaci\u00f3n, Brigadier D. C\u00e9sar CUNIETTI, el Director de la Escuela de Aviaci\u00f3n Militar, Brigadier D. Gustavo Alejandro PEREZ ORTIZ, se cont\u00f3 adem\u00e1s con la presencia del Subdirector, los Jefes de Grupo, Personal Militar y Civil del Instituto.<\/p>\n<p>Luego de realizar su vuelo en Texan, el Brigadier Mayor ISAAC hizo referencia a la importancia de la calidad del material que se utiliza en la actualidad en la formaci\u00f3n de los futuros aviadores militares, que cuentan con tecnolog\u00eda de \u00faltima generaci\u00f3n\u00a0adem\u00e1s del profesionalismo de los instructores de vuelo.<\/p>\n<p>Posteriormente se proyect\u00f3 un video que narr\u00f3 en im\u00e1genes de manera sint\u00e9tica el recorrido por las 10.000 horas de vuelo, permitiendo a los presentes disfrutar de los paisajes que a diario sobrevuelan instructores y cursantes al hacer su trabajo.<\/p>\n<p>El Jefe de Operaciones del Escuadr\u00f3n A\u00e9reo Texan II, Capit\u00e1n D. Eric BALDASSA, fue el encargado de realizar las palabras alusivas y dijo\u2026<strong>\u201dHacemos hoy un alto en nuestras actividades para valorar el hito de haber alcanzado las 10.000 hs de vuelo del Sistema de armas Texan.\u00a0 Este hecho tan importante es gracias al esfuerzo y buen desempe\u00f1o puesto de manifiesto por todo el personal de los distintos Grupos que tiene esta Instituci\u00f3n, los cuales, directa o indirectamente, permite que la actividad de vuelo pueda realizarse sin inconvenientes\u2026.\u201d<\/strong> Agradeci\u00f3 adem\u00e1s la oportunidad de haber participado en el \u00faltimo de los ferry que trajo las aeronaves a la Escuela de Aviaci\u00f3n Militar.[\/vc_column_text][\/vc_column][\/vc_row][vc_row][vc_column][vc_text_separator title=\u00bbGaler\u00eda de im\u00e1genes\u00bb i_icon_fontawesome=\u00bbfa fa-camera\u00bb i_color=\u00bbcustom\u00bb color=\u00bborange\u00bb border_width=\u00bb2&#8243; add_icon=\u00bbtrue\u00bb i_custom_color=\u00bb#0c257a\u00bb][\/vc_column][\/vc_row][vc_row][vc_column][vc_gallery type=\u00bbimage_grid\u00bb images=\u00bb11093,11094,11095,11092,11096,11097,11100,11098,11099,11101,11102,11103,11104,11105,11106,11108,11107&#8243;][\/vc_column][\/vc_row]<\/p>\n","protected":false},"excerpt":{"rendered":"<p>El pasado jueves 24 de junio se llev\u00f3 a cabo en la Escuela de Aviaci\u00f3n Militar la ceremonia para celebrar que el Sistema de Armas Beechcraft T-6C \u201cTEXAN\u201d ha superado las 10.000 horas de vuelo.<\/p>\n","protected":false},"author":6,"featured_media":11109,"comment_status":"closed","ping_status":"closed","sticky":false,"template":"","format":"standard","meta":{"_joinchat":[],"footnotes":""},"categories":[2995],"tags":[3042,122,2429,95,1890,660,1259,1420,132],"class_list":["post-11089","post","type-post","status-publish","format-standard","has-post-thumbnail","hentry","category-noticias-2","tag-argentina","tag-ceremonias","tag-cordoba","tag-eam","tag-escuela-de-aviacion-militar","tag-faa","tag-fuerza-aerea-argentina","tag-grupo-aereo-escuela","tag-texan-ii"],"_links":{"self":[{"href":"http:\/\/www.eam.iua.edu.ar\/eam\/wp-json\/wp\/v2\/posts\/11089","targetHints":{"allow":["GET"]}}],"collection":[{"href":"http:\/\/www.eam.iua.edu.ar\/eam\/wp-json\/wp\/v2\/posts"}],"about":[{"href":"http:\/\/www.eam.iua.edu.ar\/eam\/wp-json\/wp\/v2\/types\/post"}],"author":[{"embeddable":true,"href":"http:\/\/www.eam.iua.edu.ar\/eam\/wp-json\/wp\/v2\/users\/6"}],"replies":[{"embeddable":true,"href":"http:\/\/www.eam.iua.edu.ar\/eam\/wp-json\/wp\/v2\/comments?post=11089"}],"version-history":[{"count":4,"href":"http:\/\/www.eam.iua.edu.ar\/eam\/wp-json\/wp\/v2\/posts\/11089\/revisions"}],"predecessor-version":[{"id":11111,"href":"http:\/\/www.eam.iua.edu.ar\/eam\/wp-json\/wp\/v2\/posts\/11089\/revisions\/11111"}],"wp:featuredmedia":[{"embeddable":true,"href":"http:\/\/www.eam.iua.edu.ar\/eam\/wp-json\/wp\/v2\/media\/11109"}],"wp:attachment":[{"href":"http:\/\/www.eam.iua.edu.ar\/eam\/wp-json\/wp\/v2\/media?parent=11089"}],"wp:term":[{"taxonomy":"category","embeddable":true,"href":"http:\/\/www.eam.iua.edu.ar\/eam\/wp-json\/wp\/v2\/categories?post=11089"},{"taxonomy":"post_tag","embeddable":true,"href":"http:\/\/www.eam.iua.edu.ar\/eam\/wp-json\/wp\/v2\/tags?post=11089"}],"curies":[{"name":"wp","href":"https:\/\/api.w.org\/{rel}","templated":true}]}}