{"id":11162,"date":"2021-08-18T16:15:41","date_gmt":"2021-08-18T19:15:41","guid":{"rendered":"http:\/\/www.eam.iua.edu.ar\/eam\/?p=11162"},"modified":"2021-08-18T17:00:28","modified_gmt":"2021-08-18T20:00:28","slug":"dia-del-instructor-militar-la-tarea-de-quienes-forman-a-los-futuros-oficiales-de-la-faa","status":"publish","type":"post","link":"http:\/\/www.eam.iua.edu.ar\/eam\/dia-del-instructor-militar-la-tarea-de-quienes-forman-a-los-futuros-oficiales-de-la-faa\/","title":{"rendered":"D\u00eda del Instructor Militar: la tarea de quienes forman a los futuros Oficiales de la FAA"},"content":{"rendered":"<p>[vc_row][vc_column][vc_column_text el_class=\u00bbpublicaciones\u00bb]El 28 de julio es un d\u00eda de gran importancia para nuestra instituci\u00f3n, ya que se celebra el D\u00eda del Instructor Militar de la <a href=\"http:\/\/www.eam.iua.edu.ar\/eam\/mision-y-autoridades\/\" target=\"_blank\" rel=\"noopener\">Escuela de Aviaci\u00f3n Militar<\/a>.<br \/>\nEste d\u00eda se instaura en conmemoraci\u00f3n al fallecimiento del Mayor Ra\u00fal GOUBAT en 1955, precursor de la Aeron\u00e1utica Argentina y primer oficial en obtener el brevet de Aviador Militar. Tambi\u00e9n se lo recuerda como el primer instructor de la especialidad, quien sent\u00f3 las bases del sistema de instrucci\u00f3n actual de la Escuela de Aviaci\u00f3n Militar.<\/p>\n<p>En el marco de la situaci\u00f3n sanitaria que atraviesa el pa\u00eds, la ceremonia se desarroll\u00f3 con un n\u00famero reducido de asistentes el pasado mi\u00e9rcoles 04 de agosto. El Director de la E.A.M. Brigadier D. Gustavo Alejandro PEREZ ORTIZ fue quien presidi\u00f3 la ceremonia, acompa\u00f1ado por autoridades del Instituto, Personal Militar Superior, Subalterno, Civil, Docente Civil y Cadetes.<\/p>\n<p>Vale el reconocimiento al trabajo que han realizado los instructores militares durante la pandemia por COVID-19, tiempo en el cual debieron adaptar a la virtualidad sus diversas estrategias de ense\u00f1anza.<br \/>\nEn este sentido, el Teniente Mat\u00edas MART\u00cdNEZ fue el encargado de pronunciar un discurso alusivo, destacando las haza\u00f1as y proezas del entonces primer instructor, Teniente Primero Ra\u00fal GOUBAT, que marcaron el camino a quienes hoy deben formar a las futuras generaciones de Oficiales de la <a href=\"https:\/\/www.argentina.gob.ar\/fuerzaaerea\" target=\"_blank\" rel=\"noopener\">Fuerza A\u00e9rea Argentina<\/a>.<\/p>\n<p><strong>\u201cSer instructor, significa, adem\u00e1s de ser un formador, ser un ejemplo positivo permanente para los subordinados. El instructor es el principal responsable de inculcar todo ese profesionalismo, esas virtudes y principios que caracterizan al Oficial de la Fuerza A\u00e9rea Argentina. Trabajando continuamente para lograr, una vez finalizada la etapa de ense\u00f1anza, el fin \u00faltimo de que el alumno sobrepase al instructor, en todos los aspectos.\u201d<\/strong><\/p>\n<p><strong>\u00a0<\/strong>Durante la ceremonia se ley\u00f3 la Orden de D\u00eda felicitando a los Instructores del Instituto por su ardua y responsable labor cotidiana. Para finalizar, se realiz\u00f3 el tradicional desfile final por parte del personal de la Escuela de Aviaci\u00f3n Militar.[\/vc_column_text][\/vc_column][\/vc_row][vc_row][vc_column][vc_text_separator title=\u00bbGaler\u00eda de im\u00e1genes\u00bb i_icon_fontawesome=\u00bbfas fa-camera\u00bb i_color=\u00bbcustom\u00bb color=\u00bborange\u00bb border_width=\u00bb2&#8243; add_icon=\u00bbtrue\u00bb i_custom_color=\u00bb#002a4f\u00bb][\/vc_column][\/vc_row][vc_row][vc_column][vc_gallery type=\u00bbimage_grid\u00bb images=\u00bb11165,11166,11167,11168,11169,11170,11171,11172&#8243;][\/vc_column][\/vc_row]<\/p>\n","protected":false},"excerpt":{"rendered":"<p>El 28 de julio es un d\u00eda de gran importancia para nuestra instituci\u00f3n, ya que se celebra el D\u00eda del Instructor Militar de la Escuela de Aviaci\u00f3n Militar.<br \/>\nEste d\u00eda se instaura en conmemoraci\u00f3n al fallecimiento del Mayor Ra\u00fal GOUBAT en 1955, precursor de la Aeron\u00e1utica Argentina y primer oficial en obtener el brevet de Aviador Militar. Tambi\u00e9n se lo recuerda como el primer instructor de la especialidad, quien sent\u00f3 las bases del sistema de instrucci\u00f3n actual de la Escuela de Aviaci\u00f3n Militar.<\/p>\n","protected":false},"author":6,"featured_media":11177,"comment_status":"closed","ping_status":"closed","sticky":false,"template":"","format":"standard","meta":{"_joinchat":[],"footnotes":""},"categories":[2995],"tags":[122,2429,95,1890,660,1259,110],"class_list":["post-11162","post","type-post","status-publish","format-standard","has-post-thumbnail","hentry","category-noticias-2","tag-ceremonias","tag-cordoba","tag-eam","tag-escuela-de-aviacion-militar","tag-faa","tag-fuerza-aerea-argentina","tag-instructor-militar"],"_links":{"self":[{"href":"http:\/\/www.eam.iua.edu.ar\/eam\/wp-json\/wp\/v2\/posts\/11162","targetHints":{"allow":["GET"]}}],"collection":[{"href":"http:\/\/www.eam.iua.edu.ar\/eam\/wp-json\/wp\/v2\/posts"}],"about":[{"href":"http:\/\/www.eam.iua.edu.ar\/eam\/wp-json\/wp\/v2\/types\/post"}],"author":[{"embeddable":true,"href":"http:\/\/www.eam.iua.edu.ar\/eam\/wp-json\/wp\/v2\/users\/6"}],"replies":[{"embeddable":true,"href":"http:\/\/www.eam.iua.edu.ar\/eam\/wp-json\/wp\/v2\/comments?post=11162"}],"version-history":[{"count":8,"href":"http:\/\/www.eam.iua.edu.ar\/eam\/wp-json\/wp\/v2\/posts\/11162\/revisions"}],"predecessor-version":[{"id":11205,"href":"http:\/\/www.eam.iua.edu.ar\/eam\/wp-json\/wp\/v2\/posts\/11162\/revisions\/11205"}],"wp:featuredmedia":[{"embeddable":true,"href":"http:\/\/www.eam.iua.edu.ar\/eam\/wp-json\/wp\/v2\/media\/11177"}],"wp:attachment":[{"href":"http:\/\/www.eam.iua.edu.ar\/eam\/wp-json\/wp\/v2\/media?parent=11162"}],"wp:term":[{"taxonomy":"category","embeddable":true,"href":"http:\/\/www.eam.iua.edu.ar\/eam\/wp-json\/wp\/v2\/categories?post=11162"},{"taxonomy":"post_tag","embeddable":true,"href":"http:\/\/www.eam.iua.edu.ar\/eam\/wp-json\/wp\/v2\/tags?post=11162"}],"curies":[{"name":"wp","href":"https:\/\/api.w.org\/{rel}","templated":true}]}}