{"id":11228,"date":"2021-08-20T11:20:39","date_gmt":"2021-08-20T14:20:39","guid":{"rendered":"http:\/\/www.eam.iua.edu.ar\/eam\/?p=11228"},"modified":"2021-08-20T11:20:39","modified_gmt":"2021-08-20T14:20:39","slug":"formate-como-oficial-de-la-fuerza-aerea-2","status":"publish","type":"post","link":"http:\/\/www.eam.iua.edu.ar\/eam\/formate-como-oficial-de-la-fuerza-aerea-2\/","title":{"rendered":"Formate como Oficial de la Fuerza A\u00e9rea"},"content":{"rendered":"<p>[vc_row][vc_column]<h3 class=\"sc_title sc_title_regular \"><\/p>\n<h4><span style=\"font-weight: 400;\">Inscripciones Abiertas a la Escuela de Aviaci\u00f3n Militar<\/span><\/h4>\n<p><\/h3>[\/vc_column][\/vc_row][vc_row][vc_column][vc_column_text]<span style=\"font-weight: 400;\">Desde el 10 de agosto se encuentran abiertas las inscripciones a la Carrera de OFICIAL de la Fuerza A\u00e9rea Argentina. El cursado se realiza durante cuatro a\u00f1os en la <\/span><a href=\"http:\/\/www.eam.iua.edu.ar\/eam\/\" target=\"_blank\" rel=\"noopener\"><span style=\"font-weight: 400;\">Escuela de Aviaci\u00f3n Militar<\/span><\/a><span style=\"font-weight: 400;\">, bajo un r\u00e9gimen de internado, recibiendo una <\/span><b>formaci\u00f3n integra<\/b><span style=\"font-weight: 400;\">l: educaci\u00f3n de <\/span><a href=\"http:\/\/www.eam.iua.edu.ar\/eam\/formacion-de-cadete\/#planestudios\" target=\"_blank\" rel=\"noopener\"><span style=\"font-weight: 400;\">nivel universitario<\/span><\/a><span style=\"font-weight: 400;\">, <\/span><a href=\"http:\/\/www.eam.iua.edu.ar\/eam\/formacion-de-cadete\/#instruccion\" target=\"_blank\" rel=\"noopener\"><span style=\"font-weight: 400;\">instrucci\u00f3n militar<\/span><\/a><span style=\"font-weight: 400;\"> bajo los m\u00e1s altos est\u00e1ndares de exigencia y ambos conjugados con el entrenamiento f\u00edsico que una capacitaci\u00f3n de estas caracter\u00edsticas requiere, organizado en <\/span><a href=\"http:\/\/www.eam.iua.edu.ar\/eam\/formacion-de-cadete\/#sports\" target=\"_blank\" rel=\"noopener\"><span style=\"font-weight: 400;\">escuadras deportivas<\/span><\/a><span style=\"font-weight: 400;\">.<\/span>[\/vc_column_text][vc_empty_space height=\u00bb2em\u00bb][\/vc_column][\/vc_row][vc_row][vc_column][vc_gallery type=\u00bbimage_grid\u00bb images=\u00bb11234,11235,11236,11237&#8243;][vc_empty_space height=\u00bb2em\u00bb][vc_column_text]<\/p>\n<h4><span style=\"font-weight: 400;\">Forjando L\u00edderes<\/span><\/h4>\n<p><span style=\"font-weight: 400;\">Cursar la Carrera significa adem\u00e1s <\/span><b>adquirir valores y virtudes<\/b><span style=\"font-weight: 400;\"> que van moldeando el esp\u00edritu de los Cadetes, quienes poco a poco van adquiriendo el compromiso de <\/span><a href=\"http:\/\/www.eam.iua.edu.ar\/eam\/eventos\/\" target=\"_blank\" rel=\"noopener\"><span style=\"font-weight: 400;\">servir y defender a la Patria<\/span><\/a><span style=\"font-weight: 400;\"> y reflejando el orgullo de portar el uniforme, no solamente durante los desfiles, sino tambi\u00e9n como s\u00edmbolo de su estilo de vida.<\/span>[\/vc_column_text][vc_empty_space height=\u00bb2em\u00bb][vc_row_inner][vc_column_inner width=\u00bb1\/4&#8243;][\/vc_column_inner][vc_column_inner width=\u00bb1\/2&#8243;]<video class=\"sc_video\" src=\"https:\/\/www.youtube.com\/embed\/6NdbPDwTsuA\" width=\"100%\" height=\"\" data-width=\"100%\" data-height=\"\" data-ratio=\"16:9\" poster=\"http:\/\/www.eam.iua.edu.ar\/eam\/wp-content\/uploads\/2021\/08\/inscripcion.jpg\" data-image=\"http:\/\/www.eam.iua.edu.ar\/eam\/wp-content\/uploads\/2021\/08\/inscripcion.jpg\" data-align=\"center\" style=\"width:100%;\" autoplay=\"autoplay\" controls=\"controls\" loop=\"loop\"><\/video>[\/vc_column_inner][vc_column_inner width=\u00bb1\/4&#8243;][\/vc_column_inner][\/vc_row_inner][\/vc_column][\/vc_row][vc_row][vc_column][vc_empty_space height=\u00bb2em\u00bb][vc_column_text]<\/p>\n<h4><span style=\"font-weight: 400;\">Proyecci\u00f3n Profesional<\/span><\/h4>\n<p><span style=\"font-weight: 400;\">La <\/span><b>formaci\u00f3n continua<\/b><span style=\"font-weight: 400;\"> que recibe el Oficial durante cada uno de los grados que va transcurriendo ser\u00e1 una constante a lo largo de su vida militar.<\/span><\/p>\n<p><span style=\"font-weight: 400;\">Como Licenciado en Recursos Aeroespaciales para la Defensa (<\/span><a href=\"http:\/\/www.eam.iua.edu.ar\/eam\/wp-content\/uploads\/2017\/10\/RM-524-2013-LICRAD.pdf\" target=\"_blank\" rel=\"noopener\"><span style=\"font-weight: 400;\">LICRAD<\/span><\/a><span style=\"font-weight: 400;\">), al egresar del Instituto, el Oficial de la Fuerza A\u00e9rea Argentina contin\u00faa su <\/span><a href=\"http:\/\/www.eam.iua.edu.ar\/eam\/proyeccion-profesional\/\" target=\"_blank\" rel=\"noopener\"><span style=\"font-weight: 400;\">proyecci\u00f3n profesional<\/span><\/a><span style=\"font-weight: 400;\"> en una de las diecisiete Especialidades que conforman el Escalaf\u00f3n Aire, T\u00e9cnico y General. <\/span>[\/vc_column_text][vc_empty_space height=\u00bb2em\u00bb]<figure class=\"sc_image  sc_image_shape_square\"><img decoding=\"async\" src=\"http:\/\/www.eam.iua.edu.ar\/eam\/wp-content\/uploads\/2021\/08\/Banner-especialidades-Carrera-de-Oficial-EAM-scaled.jpg\" alt=\"\" \/><\/figure>[\/vc_column][\/vc_row][vc_row][vc_column][vc_empty_space height=\u00bb2em\u00bb][vc_column_text]<\/p>\n<h4><span style=\"font-weight: 400;\">Pasos para ingresar:<\/span><\/h4>\n<p><span style=\"font-weight: 400;\">Hasta el 19 de noviembre estar\u00e1n abiertas las inscripciones, como primer paso del <\/span><a href=\"http:\/\/www.eam.iua.edu.ar\/eam\/pasos-para-incorporarse\/\" target=\"_blank\" rel=\"noopener\"><span style=\"font-weight: 400;\">proceso de ingreso<\/span><\/a><span style=\"font-weight: 400;\">, sigui\u00e9ndole un examen intelectual de cinco materias en diciembre (Matem\u00e1tica, F\u00edsica, Historia, Lengua e Ingl\u00e9s) y un examen definitivo (compuesto por examen m\u00e9dico, aptitud f\u00edsica, entrevista personal, etc.) en febrero de 2022, en el que los candidatos se adaptan a la vida militar.<\/span><\/p>\n<p><span style=\"font-weight: 400;\">M\u00e1s informaci\u00f3n: <\/span><a href=\"http:\/\/www.eam.iua.edu.ar\" target=\"_blank\" rel=\"noopener\"><span style=\"font-weight: 400;\">www.eam.iua.edu.ar<\/span><\/a><span style=\"font-weight: 400;\">\u00a0<\/span>[\/vc_column_text][\/vc_column][\/vc_row][vc_row][vc_column][\/vc_column][\/vc_row]<\/p>\n","protected":false},"excerpt":{"rendered":"<p>[vc_row][vc_column][\/vc_column][\/vc_row][vc_row][vc_column][vc_column_text]Desde el 10 de agosto se encuentran abiertas las inscripciones a la Carrera de OFICIAL de la Fuerza A\u00e9rea Argentina. El cursado se realiza durante cuatro a\u00f1os en la Escuela de Aviaci\u00f3n Militar, bajo un r\u00e9gimen de internado, recibiendo una formaci\u00f3n integral: educaci\u00f3n de nivel universitario, instrucci\u00f3n militar bajo los m\u00e1s altos est\u00e1ndares de exigencia [&hellip;]<\/p>\n","protected":false},"author":1,"featured_media":11233,"comment_status":"closed","ping_status":"closed","sticky":false,"template":"","format":"standard","meta":{"_joinchat":[],"footnotes":""},"categories":[2995],"tags":[3046,95,660,3045,1259,3043,3044,3047],"class_list":["post-11228","post","type-post","status-publish","format-standard","has-post-thumbnail","hentry","category-noticias-2","tag-carrera-de-oficial","tag-eam","tag-faa","tag-forjando-lideres","tag-fuerza-aerea-argentina","tag-incorporacion-2022","tag-ingreso-eam-2022","tag-te-estamos-esperando"],"_links":{"self":[{"href":"http:\/\/www.eam.iua.edu.ar\/eam\/wp-json\/wp\/v2\/posts\/11228","targetHints":{"allow":["GET"]}}],"collection":[{"href":"http:\/\/www.eam.iua.edu.ar\/eam\/wp-json\/wp\/v2\/posts"}],"about":[{"href":"http:\/\/www.eam.iua.edu.ar\/eam\/wp-json\/wp\/v2\/types\/post"}],"author":[{"embeddable":true,"href":"http:\/\/www.eam.iua.edu.ar\/eam\/wp-json\/wp\/v2\/users\/1"}],"replies":[{"embeddable":true,"href":"http:\/\/www.eam.iua.edu.ar\/eam\/wp-json\/wp\/v2\/comments?post=11228"}],"version-history":[{"count":14,"href":"http:\/\/www.eam.iua.edu.ar\/eam\/wp-json\/wp\/v2\/posts\/11228\/revisions"}],"predecessor-version":[{"id":12599,"href":"http:\/\/www.eam.iua.edu.ar\/eam\/wp-json\/wp\/v2\/posts\/11228\/revisions\/12599"}],"wp:featuredmedia":[{"embeddable":true,"href":"http:\/\/www.eam.iua.edu.ar\/eam\/wp-json\/wp\/v2\/media\/11233"}],"wp:attachment":[{"href":"http:\/\/www.eam.iua.edu.ar\/eam\/wp-json\/wp\/v2\/media?parent=11228"}],"wp:term":[{"taxonomy":"category","embeddable":true,"href":"http:\/\/www.eam.iua.edu.ar\/eam\/wp-json\/wp\/v2\/categories?post=11228"},{"taxonomy":"post_tag","embeddable":true,"href":"http:\/\/www.eam.iua.edu.ar\/eam\/wp-json\/wp\/v2\/tags?post=11228"}],"curies":[{"name":"wp","href":"https:\/\/api.w.org\/{rel}","templated":true}]}}