{"id":11308,"date":"2021-08-31T13:15:43","date_gmt":"2021-08-31T16:15:43","guid":{"rendered":"http:\/\/www.eam.iua.edu.ar\/eam\/?p=11308"},"modified":"2021-08-31T13:31:55","modified_gmt":"2021-08-31T16:31:55","slug":"convocatoria-de-profesor-universitario-suplente-para-eam-educacion-fisica","status":"publish","type":"post","link":"http:\/\/www.eam.iua.edu.ar\/eam\/convocatoria-de-profesor-universitario-suplente-para-eam-educacion-fisica\/","title":{"rendered":"Convocatoria de Profesor Universitario Suplente Para EAM  || Educaci\u00f3n F\u00edsica"},"content":{"rendered":"<p>[vc_row][vc_column][vc_column_text]Se lleva a conocimiento al p\u00fablico en general, que la Escuela de Aviaci\u00f3n Militar realizar\u00e1 una Convocatoria para Selecci\u00f3n Docente, para <strong>UN (01)<\/strong> cargo de<strong> ONCE (11) horas semanales<\/strong> de clases de Profesor de Nivel Universitario con car\u00e1cter Suplente, en la asignatura <strong>Educaci\u00f3n F\u00edsica<\/strong>, para el per\u00edodo comprendido desde <strong>01 NOV 21 al 31 DIC 21.<\/strong>[\/vc_column_text][vc_empty_space height=\u00bb2em\u00bb][\/vc_column][\/vc_row][vc_row][vc_column width=\u00bb1\/4&#8243;][\/vc_column][vc_column width=\u00bb1\/2&#8243;][vc_column_text]<\/p>\n<p style=\"text-align: center;\">INSCRIPCIONES: <strong>13 SEPTIEMBRE 2021<\/strong> hasta el <strong>24 DE SEPTIEMBRE 2021<\/strong><\/p>\n<p>[\/vc_column_text][\/vc_column][vc_column width=\u00bb1\/4&#8243;][\/vc_column][\/vc_row][vc_row][vc_column][vc_empty_space height=\u00bb2em\u00bb][\/vc_column][\/vc_row][vc_row][vc_column][vc_column_text]<\/p>\n<p style=\"text-align: center;\">PERFIL: Profesor y\/o Licenciado en Educaci\u00f3n F\u00edsica.<\/p>\n<p>[\/vc_column_text][\/vc_column][\/vc_row][vc_row][vc_column][vc_empty_space height=\u00bb2em\u00bb][vc_row_inner][vc_column_inner][vc_column_text]<\/p>\n<p style=\"text-align: center;\">DESCARGAR:<a href=\"http:\/\/www.eam.iua.edu.ar\/eam\/wp-content\/uploads\/2021\/08\/REQUISITOS.pdf\" target=\"_blank\" rel=\"noopener\"><strong> BASES DE LA CONVOCATORIA<\/strong><\/a><\/p>\n<p>[\/vc_column_text][\/vc_column_inner][\/vc_row_inner][vc_empty_space height=\u00bb2em\u00bb][\/vc_column][\/vc_row][vc_row][vc_column][vc_column_text]<\/p>\n<p style=\"text-align: center;\"><strong>EMAIL: selecciondocente@eam.iua.edu.ar<\/strong><\/p>\n<p>[\/vc_column_text][\/vc_column][\/vc_row][vc_row][vc_column][vc_empty_space height=\u00bb2em\u00bb][\/vc_column][\/vc_row][vc_row][vc_column][vc_column_text]<\/p>\n<p style=\"text-align: center;\"><strong>(+54) 351 4333900 Interno: 37259<\/strong><\/p>\n<p>[\/vc_column_text][vc_empty_space height=\u00bb2em\u00bb][\/vc_column][\/vc_row][vc_row][vc_column][vc_column_text]<\/p>\n<p style=\"text-align: center;\"><strong>HORARIO: 09:00 a 13:00hs<\/strong><\/p>\n<p>[\/vc_column_text][\/vc_column][\/vc_row][vc_row][vc_column][\/vc_column][\/vc_row]<\/p>\n","protected":false},"excerpt":{"rendered":"<p>[vc_row][vc_column][vc_column_text]Se lleva a conocimiento al p\u00fablico en general, que la Escuela de Aviaci\u00f3n Militar realizar\u00e1 una Convocatoria para Selecci\u00f3n Docente, para UN (01) cargo de ONCE (11) horas semanales de clases de Profesor de Nivel Universitario con car\u00e1cter Suplente, en la asignatura Educaci\u00f3n F\u00edsica, para el per\u00edodo comprendido desde 01 NOV 21 al 31 DIC [&hellip;]<\/p>\n","protected":false},"author":1,"featured_media":11315,"comment_status":"closed","ping_status":"closed","sticky":false,"template":"","format":"standard","meta":{"_joinchat":[],"footnotes":""},"categories":[2995],"tags":[95,3048,660,3039,3038,3040,3036,3037],"class_list":["post-11308","post","type-post","status-publish","format-standard","has-post-thumbnail","hentry","category-noticias-2","tag-eam","tag-educacion-fisica","tag-faa","tag-formacionmilitar","tag-fuerzasarmadas","tag-profesor","tag-profesor-docentes","tag-universidad"],"_links":{"self":[{"href":"http:\/\/www.eam.iua.edu.ar\/eam\/wp-json\/wp\/v2\/posts\/11308","targetHints":{"allow":["GET"]}}],"collection":[{"href":"http:\/\/www.eam.iua.edu.ar\/eam\/wp-json\/wp\/v2\/posts"}],"about":[{"href":"http:\/\/www.eam.iua.edu.ar\/eam\/wp-json\/wp\/v2\/types\/post"}],"author":[{"embeddable":true,"href":"http:\/\/www.eam.iua.edu.ar\/eam\/wp-json\/wp\/v2\/users\/1"}],"replies":[{"embeddable":true,"href":"http:\/\/www.eam.iua.edu.ar\/eam\/wp-json\/wp\/v2\/comments?post=11308"}],"version-history":[{"count":8,"href":"http:\/\/www.eam.iua.edu.ar\/eam\/wp-json\/wp\/v2\/posts\/11308\/revisions"}],"predecessor-version":[{"id":11324,"href":"http:\/\/www.eam.iua.edu.ar\/eam\/wp-json\/wp\/v2\/posts\/11308\/revisions\/11324"}],"wp:featuredmedia":[{"embeddable":true,"href":"http:\/\/www.eam.iua.edu.ar\/eam\/wp-json\/wp\/v2\/media\/11315"}],"wp:attachment":[{"href":"http:\/\/www.eam.iua.edu.ar\/eam\/wp-json\/wp\/v2\/media?parent=11308"}],"wp:term":[{"taxonomy":"category","embeddable":true,"href":"http:\/\/www.eam.iua.edu.ar\/eam\/wp-json\/wp\/v2\/categories?post=11308"},{"taxonomy":"post_tag","embeddable":true,"href":"http:\/\/www.eam.iua.edu.ar\/eam\/wp-json\/wp\/v2\/tags?post=11308"}],"curies":[{"name":"wp","href":"https:\/\/api.w.org\/{rel}","templated":true}]}}