{"id":11361,"date":"2021-10-08T10:26:57","date_gmt":"2021-10-08T13:26:57","guid":{"rendered":"http:\/\/www.eam.iua.edu.ar\/eam\/?p=11361"},"modified":"2021-10-08T11:10:18","modified_gmt":"2021-10-08T14:10:18","slug":"egreso-cbcpm-y-cam-2021","status":"publish","type":"post","link":"http:\/\/www.eam.iua.edu.ar\/eam\/egreso-cbcpm-y-cam-2021\/","title":{"rendered":"Egreso CBCPM y CAM 2021"},"content":{"rendered":"<p>[vc_row][vc_column][vc_column_text el_class=\u00bbpublicaciones\u00bb]Con gran orgullo la <a href=\"http:\/\/www.eam.iua.edu.ar\/eam\/mision-y-autoridades\/\" target=\"_blank\" rel=\"noopener\">Escuela de Aviaci\u00f3n Militar<\/a> celebr\u00f3 el pasado mi\u00e9rcoles 29 de septiembre un nuevo egreso de Pilotos y Aviadores Militares.<\/p>\n<p>La Plaza de Armas General San Mart\u00edn fue testigo silenciosa una vez m\u00e1s de la ceremonia que se llev\u00f3 a cabo por el egreso del Curso B\u00e1sico Conjunto de Piloto Militar (CBCPM) y del Curso de Aviador Militar (CAM), siendo los primeros en recibir el diploma con \u00e9sta denominaci\u00f3n, creado por Resoluci\u00f3n del Ministerio de Defensa a fines de 2019.<\/p>\n<p>Presidida por el Jefe del Estado Mayor General de la <a href=\"https:\/\/www.argentina.gob.ar\/fuerzaaerea\" target=\"_blank\" rel=\"noopener\">Fuerza A\u00e9rea<\/a>, Brigadier Mayor D, Xavier ISAAC, quien estuvo acompa\u00f1ado por Subjefe del <a href=\"https:\/\/www.fuerzas-armadas.mil.ar\/\" target=\"_blank\" rel=\"noopener\">Estado Mayor Conjunto<\/a>, Brigadier Mayor D. Pedro GIRARDI, el Secretario de Asuntos Internacionales para la Defensa, Licenciado Juan CAFIERO, Directores Generales del Ej\u00e9rcito, la Armada y Fuerza A\u00e9rea, el Director del Instituto, Brigadier Gustavo PEREZ ORTIZ, el Subdirector, Jefes de Grupo, personal militar superior y subalterno, Veteranos de la Guerra de Malvinas, <a href=\"http:\/\/www.eam.iua.edu.ar\/eam\/pasos-para-incorporarse\/\" target=\"_blank\" rel=\"noopener\">Cadetes<\/a>, familiares e invitados especiales.<\/p>\n<p>El compromiso y sacrificio son la marca distintiva del trabajo realizado por el personal de Instructores de Vuelo, Jefes de Escuadrones como as\u00ed tambi\u00e9n de toda la Escuela de Aviaci\u00f3n, fundamentalmente en las circunstancias de una pandemia que llev\u00f3 al l\u00edmite los esfuerzos para poder cumplir con una de las misiones de nuestra prestigiosa instituci\u00f3n que es la formaci\u00f3n de los pilotos y aviadores militares de la <a href=\"https:\/\/www.argentina.gob.ar\/fuerzaaerea\" target=\"_blank\" rel=\"noopener\">Fuerza A\u00e9rea Argentina<\/a>.<\/p>\n<p>El Brigadier Mayor GIRARDI en su discurso les dijo a los j\u00f3venes oficiales que egresaron<strong><em>\u201d\u2026el desarrollo de este curso tiene una relevancia para el Estado Mayor Conjunto pues materializa no solamente la adquisici\u00f3n de conocimientos, habilidades y destrezas propias de la actividad a\u00e9rea si no que tambi\u00e9n permite\u00a0 los oficiales cursantes de las tres fuerzas intercambiar conocimientos, vivencias, cultura y experiencias propias de cada una de ellas, as\u00ed como estrechar lazos de amistad y camarader\u00eda estos aspectos permitir\u00e1n en el futuro el entendimiento y el trabajo en equipo tan necesario para el desarrollo de la actividad militar conjunta\u2026\u201d<\/em><\/strong><\/p>\n<p>Por su parte, el Secretario de Asuntos Internacionales para la Defensa, Licenciado Juan CAFIERO refiri\u00f3 en su discurso<em><strong>\u201d \u2026lo que hoy logran con esfuerzo, dedicaci\u00f3n, estudio y pr\u00e1ctica es un punto de partida en su formaci\u00f3n y profesi\u00f3n militar, en definitiva de ahora en m\u00e1s van a seguir dando pasos que tienen que ver con ese rasgo distintivo de las Fuerzas Armadas Argentinas que es el alto nivel de profesionalismo\u2026\u201d<\/strong><\/em><\/p>\n<p>El Jefe del Grupo A\u00e9reo Escuela, Comodoro D. Carlos CEND\u00d3N, en su calidad no s\u00f3lo de Jefe de Grupo si no como Jefe de los dos cursos, felicit\u00f3 a los egresados por los logros alcanzados y les dijo<em><strong>\u201d \u2026 es hora de volar y crecer, sigan adelante con determinaci\u00f3n, lleven con honor el brevet engrandecido por nuestro h\u00e9roes\u2026\u201d<\/strong><\/em><\/p>\n<p>Posteriormente, Monse\u00f1or German CARMONA, capell\u00e1n de la <a href=\"http:\/\/www.eam.iua.edu.ar\/eam\/historia\/\" target=\"_blank\" rel=\"noopener\">Escuela de Aviaci\u00f3n Militar<\/a> \u00a0realiz\u00f3 una invocaci\u00f3n religiosa y bendijo los despachos y el Ayudante del Director de la Escuela de Aviaci\u00f3n realiz\u00f3 la lectura de las resoluciones de egreso y de los premios que se otorgaron.<\/p>\n<p>El Brigadier Mayor Xavier ISAAC fue quien comenz\u00f3 con la entrega de los premios y luego lo hicieron respectivamente los representantes de cada uno de los premios que reciben como corolario de una ceremonia que sin dudas fue muy emotiva no s\u00f3lo para los egresados y sus familiares como as\u00ed tambi\u00e9n para todos los presentes.[\/vc_column_text][\/vc_column][\/vc_row][vc_row][vc_column][vc_text_separator title=\u00bbGaler\u00eda de im\u00e1genes\u00bb i_icon_fontawesome=\u00bbfas fa-camera\u00bb i_color=\u00bbcustom\u00bb color=\u00bborange\u00bb border_width=\u00bb2&#8243; add_icon=\u00bbtrue\u00bb i_custom_color=\u00bb#015291&#8243;][\/vc_column][\/vc_row][vc_row][vc_column][vc_gallery type=\u00bbimage_grid\u00bb images=\u00bb11366,11367,11373,11379,11370,11374,11375,11369,11371,11372,11368,11376,11377,11378,11365&#8243;][\/vc_column][\/vc_row]<\/p>\n","protected":false},"excerpt":{"rendered":"<p>Con gran orgullo la Escuela de Aviaci\u00f3n Militar celebr\u00f3 el pasado mi\u00e9rcoles 29 de septiembre un nuevo egreso de Pilotos y Aviadores Militares.<\/p>\n","protected":false},"author":6,"featured_media":11388,"comment_status":"closed","ping_status":"closed","sticky":false,"template":"","format":"standard","meta":{"_joinchat":[],"footnotes":""},"categories":[2995],"tags":[221,117,1206,3022,122,95,1890,660,1259,1420,2948],"class_list":["post-11361","post","type-post","status-publish","format-standard","has-post-thumbnail","hentry","category-noticias-2","tag-cadetes","tag-cam","tag-cbcam","tag-cbcpm","tag-ceremonias","tag-eam","tag-escuela-de-aviacion-militar","tag-faa","tag-fuerza-aerea-argentina","tag-grupo-aereo-escuela","tag-oficiales"],"_links":{"self":[{"href":"http:\/\/www.eam.iua.edu.ar\/eam\/wp-json\/wp\/v2\/posts\/11361","targetHints":{"allow":["GET"]}}],"collection":[{"href":"http:\/\/www.eam.iua.edu.ar\/eam\/wp-json\/wp\/v2\/posts"}],"about":[{"href":"http:\/\/www.eam.iua.edu.ar\/eam\/wp-json\/wp\/v2\/types\/post"}],"author":[{"embeddable":true,"href":"http:\/\/www.eam.iua.edu.ar\/eam\/wp-json\/wp\/v2\/users\/6"}],"replies":[{"embeddable":true,"href":"http:\/\/www.eam.iua.edu.ar\/eam\/wp-json\/wp\/v2\/comments?post=11361"}],"version-history":[{"count":10,"href":"http:\/\/www.eam.iua.edu.ar\/eam\/wp-json\/wp\/v2\/posts\/11361\/revisions"}],"predecessor-version":[{"id":11387,"href":"http:\/\/www.eam.iua.edu.ar\/eam\/wp-json\/wp\/v2\/posts\/11361\/revisions\/11387"}],"wp:featuredmedia":[{"embeddable":true,"href":"http:\/\/www.eam.iua.edu.ar\/eam\/wp-json\/wp\/v2\/media\/11388"}],"wp:attachment":[{"href":"http:\/\/www.eam.iua.edu.ar\/eam\/wp-json\/wp\/v2\/media?parent=11361"}],"wp:term":[{"taxonomy":"category","embeddable":true,"href":"http:\/\/www.eam.iua.edu.ar\/eam\/wp-json\/wp\/v2\/categories?post=11361"},{"taxonomy":"post_tag","embeddable":true,"href":"http:\/\/www.eam.iua.edu.ar\/eam\/wp-json\/wp\/v2\/tags?post=11361"}],"curies":[{"name":"wp","href":"https:\/\/api.w.org\/{rel}","templated":true}]}}