{"id":11448,"date":"2021-11-30T13:05:41","date_gmt":"2021-11-30T16:05:41","guid":{"rendered":"http:\/\/www.eam.iua.edu.ar\/eam\/?p=11448"},"modified":"2021-11-30T17:55:34","modified_gmt":"2021-11-30T20:55:34","slug":"bodas-de-plata-promocion-lxiv","status":"publish","type":"post","link":"http:\/\/www.eam.iua.edu.ar\/eam\/bodas-de-plata-promocion-lxiv\/","title":{"rendered":"Bodas de Plata de la Promoci\u00f3n LXIV"},"content":{"rendered":"<p>[vc_row][vc_column][vc_column_text el_class=\u00bbpublicaciones\u00bb]El pasado viernes 26 de noviembre se llev\u00f3 a cabo la ceremonia por los 25 a\u00f1os de ingreso a la <a href=\"http:\/\/www.eam.iua.edu.ar\/eam\/mision-y-autoridades\/\">Escuela de Aviaci\u00f3n Militar<\/a> de los integrantes de la promoci\u00f3n LXIV. Tras una larga espera debido a la pandemia que afect\u00f3 el normal desarrollo de las actividades en el a\u00f1o 2020 finalmente se realiz\u00f3 la ceremonia. En un reencuentro muy esperado y emotivo los Oficiales e integrantes de la promoci\u00f3n acompa\u00f1ados por sus familias fueron recibidos por el Subdirector de la Escuela de Aviaci\u00f3n Militar, Comodoro D. Eduardo BAIOCCO quien estuvo acompa\u00f1ado por los Jefes de Grupo del Instituto.<\/p>\n<p>Luego, pudieron compartir una clase magistral en las aulas en las que pasaron sus jornadas como <a href=\"http:\/\/www.eam.iua.edu.ar\/eam\/formacion-de-cadete\/#vidacadete\" target=\"_blank\" rel=\"noopener\">Cadetes<\/a>, reviviendo an\u00e9cdotas de la mano de dos de sus profesores y continuaron el recorrido hacia el grupo t\u00e9cnico, a\u00e9reo para luego hacer lo propio en el <a href=\"http:\/\/www.eam.iua.edu.ar\/eam\/cuerpo-de-cadetes\/\" target=\"_blank\" rel=\"noopener\">Cuerpo de Cadetes<\/a>.<\/p>\n<p>Posteriormente, se trasladaron a la Plaza de Armas Gral. San Mart\u00edn donde se desarroll\u00f3 la ceremonia que estuvo presidida por el Subdirector de la E.A.M., acompa\u00f1ado de los Jefes de Grupo, Personal Militar Superior y Subalterno, Personal Civil y Cadetes.<\/p>\n<p>Adem\u00e1s, se realiz\u00f3 la lectura de la declaraci\u00f3n de Hu\u00e9spedes de Honor a los integrantes de la promoci\u00f3n y a sus familias, y luego, el Vicecomodoro D. Esteban SAVOIA fue el encargado de un sentido discurso, resaltando valores como el Honor, la hombr\u00eda de bien y enalteciendo el lema que los define <strong>\u201cMientras uno permanezca, todos seguiremos luchando\u201d.<\/strong><\/p>\n<p>El presb\u00edtero Pablo Vilca realiz\u00f3 una invocaci\u00f3n religiosa y bendijo la tradicional placa donada a la Escuela de Aviaci\u00f3n Militar. En el cierre de esta emotiva ceremonia, el personal formado realiz\u00f3 el desfile ante el palco de autoridades.[\/vc_column_text][\/vc_column][\/vc_row][vc_row][vc_column][vc_text_separator title=\u00bbGaler\u00eda de im\u00e1genes\u00bb i_icon_fontawesome=\u00bbfas fa-camera\u00bb i_color=\u00bbcustom\u00bb color=\u00bborange\u00bb border_width=\u00bb2&#8243; add_icon=\u00bbtrue\u00bb i_custom_color=\u00bb#0568bf\u00bb][\/vc_column][\/vc_row][vc_row][vc_column][\/vc_column][\/vc_row][vc_row][vc_column][vc_gallery type=\u00bbimage_grid\u00bb images=\u00bb11472,11473,11474,11475,11476,11477,11478,11479,11480,11481,11482,11483,11484,11485&#8243;][\/vc_column][\/vc_row]<\/p>\n","protected":false},"excerpt":{"rendered":"<p>El pasado viernes 26 de noviembre se llev\u00f3 a cabo la ceremonia por los 25 a\u00f1os de ingreso a la Escuela de Aviaci\u00f3n Militar de los integrantes de la promoci\u00f3n LXIV. <\/p>\n","protected":false},"author":6,"featured_media":11470,"comment_status":"closed","ping_status":"closed","sticky":false,"template":"","format":"standard","meta":{"_joinchat":[],"footnotes":""},"categories":[2995],"tags":[1973,221,122,121,874,1890,660,1259,1420,2948],"class_list":["post-11448","post","type-post","status-publish","format-standard","has-post-thumbnail","hentry","category-noticias-2","tag-bodas-de-plata","tag-cadetes","tag-ceremonias","tag-cuerpo-cadetes","tag-escuela-de-aviacion","tag-escuela-de-aviacion-militar","tag-faa","tag-fuerza-aerea-argentina","tag-grupo-aereo-escuela","tag-oficiales"],"_links":{"self":[{"href":"http:\/\/www.eam.iua.edu.ar\/eam\/wp-json\/wp\/v2\/posts\/11448","targetHints":{"allow":["GET"]}}],"collection":[{"href":"http:\/\/www.eam.iua.edu.ar\/eam\/wp-json\/wp\/v2\/posts"}],"about":[{"href":"http:\/\/www.eam.iua.edu.ar\/eam\/wp-json\/wp\/v2\/types\/post"}],"author":[{"embeddable":true,"href":"http:\/\/www.eam.iua.edu.ar\/eam\/wp-json\/wp\/v2\/users\/6"}],"replies":[{"embeddable":true,"href":"http:\/\/www.eam.iua.edu.ar\/eam\/wp-json\/wp\/v2\/comments?post=11448"}],"version-history":[{"count":14,"href":"http:\/\/www.eam.iua.edu.ar\/eam\/wp-json\/wp\/v2\/posts\/11448\/revisions"}],"predecessor-version":[{"id":11493,"href":"http:\/\/www.eam.iua.edu.ar\/eam\/wp-json\/wp\/v2\/posts\/11448\/revisions\/11493"}],"wp:featuredmedia":[{"embeddable":true,"href":"http:\/\/www.eam.iua.edu.ar\/eam\/wp-json\/wp\/v2\/media\/11470"}],"wp:attachment":[{"href":"http:\/\/www.eam.iua.edu.ar\/eam\/wp-json\/wp\/v2\/media?parent=11448"}],"wp:term":[{"taxonomy":"category","embeddable":true,"href":"http:\/\/www.eam.iua.edu.ar\/eam\/wp-json\/wp\/v2\/categories?post=11448"},{"taxonomy":"post_tag","embeddable":true,"href":"http:\/\/www.eam.iua.edu.ar\/eam\/wp-json\/wp\/v2\/tags?post=11448"}],"curies":[{"name":"wp","href":"https:\/\/api.w.org\/{rel}","templated":true}]}}