{"id":11641,"date":"2022-02-24T14:24:55","date_gmt":"2022-02-24T17:24:55","guid":{"rendered":"http:\/\/www.eam.iua.edu.ar\/eam\/?p=11641"},"modified":"2022-02-25T12:38:00","modified_gmt":"2022-02-25T15:38:00","slug":"convocatoria-de-profesores-universitario-suplentes-para-la-eam-logistica-general","status":"publish","type":"post","link":"http:\/\/www.eam.iua.edu.ar\/eam\/convocatoria-de-profesores-universitario-suplentes-para-la-eam-logistica-general\/","title":{"rendered":"Convocatoria de Profesores\/as Nivel Universitario Car\u00e1cter Suplente Para EAM || Log\u00edstica General"},"content":{"rendered":"<p style=\"text-align: justify;\">[vc_row][vc_column][vc_column_text css=\u00bb.vc_custom_1621350077260{padding-right: 2em !important;}\u00bb]<\/p>\n<p style=\"text-align: justify;\">Se lleva a conocimiento al p\u00fablico en general, que la Escuela de Aviaci\u00f3n Militar realizar\u00e1 una Convocatoria para Selecci\u00f3n Docente, para <strong>DOS (02)<\/strong> cargos de Profesor\/a de Nivel Universitario con car\u00e1cter Suplente, para la asignatura <strong>Log\u00edstica General<\/strong>, con<strong> CINCO (05)<\/strong> horas semanales de clases cada uno, durante el per\u00edodo comprendido desde el <strong>11 ABR 22 al 31 JUL 22.<\/strong><\/p>\n<p style=\"text-align: justify;\">[\/vc_column_text][vc_empty_space][vc_row_inner][vc_column_inner width=\u00bb1\/4&#8243;]<span class=\"sc_icon icon-calendar-light aligncenter\" style=\"font-size:2em; line-height: 1em;\"><\/span>[\/vc_column_inner][vc_column_inner width=\u00bb3\/4&#8243;][vc_column_text]<\/p>\n<p style=\"text-align: center;\"><strong>INSCRIPCI\u00d3N:<\/strong> <strong>24 FEB 2022<\/strong> hasta el <strong>11 MAR 2022<\/strong><\/p>\n<p style=\"text-align: justify;\">[\/vc_column_text][vc_empty_space][\/vc_column_inner][\/vc_row_inner][vc_row_inner][vc_column_inner width=\u00bb1\/4&#8243;]<span class=\"sc_icon icon-graduation-light aligncenter\" style=\"font-size:2em; line-height: 1em;\"><\/span>[\/vc_column_inner][vc_column_inner width=\u00bb3\/4&#8243;][vc_column_text]<\/p>\n<p style=\"text-align: justify;\"><strong>PERFIL: <\/strong>Licenciatura en logistica \/ Licenciatura en administracion de empresas.<\/p>\n<p style=\"text-align: justify;\">[\/vc_column_text][vc_empty_space][\/vc_column_inner][\/vc_row_inner][vc_row_inner][vc_column_inner width=\u00bb1\/4&#8243;]<span class=\"sc_icon icon-file-pdf aligncenter\" style=\"font-size:2em; line-height: 1em;\"><\/span>[\/vc_column_inner][vc_column_inner width=\u00bb3\/4&#8243;][vc_column_text]<\/p>\n<p style=\"text-align: center;\"><strong>DESCARGAR<\/strong>: <a href=\"http:\/\/www.eam.iua.edu.ar\/eam\/wp-content\/uploads\/2022\/02\/O.G.-007-LOGISTICA-GENERAL.pdf\" target=\"_blank\" rel=\"noopener noreferrer\">BASES DE LA CONVOCATORIA<\/a><\/p>\n<p style=\"text-align: center;\"><a href=\"http:\/\/www.eam.iua.edu.ar\/eam\/wp-content\/uploads\/2021\/05\/OG-ANEXO-scaled.jpg\" target=\"_blank\" rel=\"noopener noreferrer\">MODELO CV EAM<\/a><\/p>\n<p style=\"text-align: justify;\">[\/vc_column_text][vc_empty_space][\/vc_column_inner][\/vc_row_inner][vc_row_inner][vc_column_inner width=\u00bb1\/4&#8243;]<span class=\"sc_icon icon-location-light aligncenter\" style=\"font-size:2em; line-height: 1em;\"><\/span>[\/vc_column_inner][vc_column_inner width=\u00bb3\/4&#8243;][vc_column_text]<\/p>\n<p style=\"text-align: center;\"><strong>LUGAR:<\/strong> Divisi\u00f3n Docente &#8211; Escuadr\u00f3n Estudios &#8211; Escuela de Aviaci\u00f3n Militar<\/p>\n<p style=\"text-align: justify;\">[\/vc_column_text][vc_empty_space][\/vc_column_inner][\/vc_row_inner][vc_row_inner][vc_column_inner width=\u00bb1\/4&#8243;]<span class=\"sc_icon icon-mail-light aligncenter\" style=\"font-size:2em; line-height: 1em;\"><\/span>[\/vc_column_inner][vc_column_inner width=\u00bb3\/4&#8243;][vc_column_text]<\/p>\n<p style=\"text-align: center;\"><strong>EMAIL:<\/strong> <a href=\"mailto:docentes@eam.iua.edu.ar\">docentes@eam.iua.edu.ar<\/a><\/p>\n<p style=\"text-align: justify;\">[\/vc_column_text][vc_empty_space][\/vc_column_inner][\/vc_row_inner][vc_row_inner][vc_column_inner width=\u00bb1\/4&#8243;]<span class=\"sc_icon icon-mobile-light aligncenter\" style=\"font-size:2em; line-height: 1em;\"><\/span>[\/vc_column_inner][vc_column_inner width=\u00bb3\/4&#8243;][vc_column_text]<\/p>\n<p style=\"text-align: center;\"><a title=\"Llamar:(+54) 351 4333900\" href=\"tel:(+54) 351 4333900\">(+54) 351 4333915<\/a> interno: 37259<\/p>\n<p style=\"text-align: justify;\">[\/vc_column_text][vc_empty_space][\/vc_column_inner][\/vc_row_inner][vc_row_inner][vc_column_inner width=\u00bb1\/4&#8243;]<span class=\"sc_icon icon-clock-empty aligncenter\" style=\"font-size:2em; line-height: 1em;\"><\/span>[\/vc_column_inner][vc_column_inner width=\u00bb3\/4&#8243;][vc_column_text]<\/p>\n<p style=\"text-align: center;\"><strong>HORARIO:<\/strong> 9:00 hs a 13:00hs.<\/p>\n<p style=\"text-align: justify;\">[\/vc_column_text][vc_empty_space][\/vc_column_inner][\/vc_row_inner][\/vc_column][\/vc_row][vc_row][vc_column][vc_empty_space][vc_empty_space][\/vc_column][\/vc_row][vc_row][vc_column][\/vc_column][\/vc_row]<\/p>\n","protected":false},"excerpt":{"rendered":"<p>[vc_row][vc_column][vc_column_text css=\u00bb.vc_custom_1621350077260{padding-right: 2em !important;}\u00bb] Se lleva a conocimiento al p\u00fablico en general, que la Escuela de Aviaci\u00f3n Militar realizar\u00e1 una Convocatoria para Selecci\u00f3n Docente, para DOS (02) cargos de Profesor\/a de Nivel Universitario con car\u00e1cter Suplente, para la asignatura Log\u00edstica General, con CINCO (05) horas semanales de clases cada uno, durante el per\u00edodo comprendido desde [&hellip;]<\/p>\n","protected":false},"author":1,"featured_media":11676,"comment_status":"closed","ping_status":"closed","sticky":false,"template":"","format":"standard","meta":{"_joinchat":[],"footnotes":""},"categories":[2995],"tags":[2999,2867,1890,1259,3057,3056,3036,3058,107],"class_list":["post-11641","post","type-post","status-publish","format-standard","has-post-thumbnail","hentry","category-noticias-2","tag-convocatorias","tag-docentes","tag-escuela-de-aviacion-militar","tag-fuerza-aerea-argentina","tag-fuerzas-armadas","tag-logistica","tag-profesor-docentes","tag-profesor-logistica","tag-seleccion-docente"],"_links":{"self":[{"href":"http:\/\/www.eam.iua.edu.ar\/eam\/wp-json\/wp\/v2\/posts\/11641","targetHints":{"allow":["GET"]}}],"collection":[{"href":"http:\/\/www.eam.iua.edu.ar\/eam\/wp-json\/wp\/v2\/posts"}],"about":[{"href":"http:\/\/www.eam.iua.edu.ar\/eam\/wp-json\/wp\/v2\/types\/post"}],"author":[{"embeddable":true,"href":"http:\/\/www.eam.iua.edu.ar\/eam\/wp-json\/wp\/v2\/users\/1"}],"replies":[{"embeddable":true,"href":"http:\/\/www.eam.iua.edu.ar\/eam\/wp-json\/wp\/v2\/comments?post=11641"}],"version-history":[{"count":9,"href":"http:\/\/www.eam.iua.edu.ar\/eam\/wp-json\/wp\/v2\/posts\/11641\/revisions"}],"predecessor-version":[{"id":11683,"href":"http:\/\/www.eam.iua.edu.ar\/eam\/wp-json\/wp\/v2\/posts\/11641\/revisions\/11683"}],"wp:featuredmedia":[{"embeddable":true,"href":"http:\/\/www.eam.iua.edu.ar\/eam\/wp-json\/wp\/v2\/media\/11676"}],"wp:attachment":[{"href":"http:\/\/www.eam.iua.edu.ar\/eam\/wp-json\/wp\/v2\/media?parent=11641"}],"wp:term":[{"taxonomy":"category","embeddable":true,"href":"http:\/\/www.eam.iua.edu.ar\/eam\/wp-json\/wp\/v2\/categories?post=11641"},{"taxonomy":"post_tag","embeddable":true,"href":"http:\/\/www.eam.iua.edu.ar\/eam\/wp-json\/wp\/v2\/tags?post=11641"}],"curies":[{"name":"wp","href":"https:\/\/api.w.org\/{rel}","templated":true}]}}