{"id":11705,"date":"2022-03-29T10:28:05","date_gmt":"2022-03-29T13:28:05","guid":{"rendered":"http:\/\/www.eam.iua.edu.ar\/eam\/?p=11705"},"modified":"2022-04-26T12:18:40","modified_gmt":"2022-04-26T15:18:40","slug":"inscripcion-seminario-ejercicio-garra-2022","status":"publish","type":"post","link":"http:\/\/www.eam.iua.edu.ar\/eam\/inscripcion-seminario-ejercicio-garra-2022\/","title":{"rendered":"Inscripci\u00f3n Seminario Ejercicio Garra 2022"},"content":{"rendered":"<p>[vc_row][vc_column][vc_column_text]El Ejercicio Garra es una pr\u00e1ctica de gabinete que recrea una situaci\u00f3n hipot\u00e9tica, frente a la cual los participantes deber\u00e1n tomar decisiones basadas en la informaci\u00f3n (est\u00edmulos) que reciben durante el ejercicio.<\/p>\n<p><span id=\"x_m_4794026044009561076gmail-docs-internal-guid-1c7298a6-7fff-7380-a95b-799fe0ca10c6\">Es una representaci\u00f3n de la realidad con fines pedag\u00f3gicos, que constituye un excelente veh\u00edculo para integrar los \u00e1mbitos civil y militar de actuaci\u00f3n profesional. Aplicando contenidos te\u00f3ricos y reformul\u00e1ndolos en su aplicaci\u00f3n a una situaci\u00f3n de crisis.<\/span>[\/vc_column_text]<div class=\"sc_infobox sc_infobox_style_regular sc_infobox_iconed icon-graduation-light\">[vc_column_text css=\u00bb.vc_custom_1648554922823{padding-right: 1em !important;}\u00bb]<span id=\"x_m_4794026044009561076gmail-docs-internal-guid-1c7298a6-7fff-7380-a95b-799fe0ca10c6\">Ex cadetes, hoy oficiales de la Fuerza A\u00e9rea Argentina y los \u00a0integrantes de la Filial C\u00f3rdoba de la Cruz Roja Argentina \u00a0que participaron en el Centro de Operaciones de Emergencias (COE) durante el desarrollo \u00a0de la pandemia por Covid\u00a0 19, testimonian que \u00a0tal experiencia fue percibida\u00a0 como\u00a0 un revivir el Ejercicio Garra de ediciones anteriores. Tal circunstancia \u00a0nos llena de satisfacci\u00f3n y orgullo, confirmando una vez m\u00e1s \u00a0los beneficios obtenidos al\u00a0 utilizar esta herramienta pedag\u00f3gica, en el\u00a0 proceso de ense\u00f1anza y\u00a0 aprendizaje de \u00e1reas sustantivas de diversas disciplinas, promoviendo el\u00a0 desarrollo de\u00a0 la capacidad de trabajo colaborativo para la toma de decisiones.<\/span><\/p>\n<p><span id=\"x_m_4794026044009561076gmail-docs-internal-guid-1c7298a6-7fff-7380-a95b-799fe0ca10c6\">Como preparaci\u00f3n a la participaci\u00f3n en el Ejercicio se realiza un Seminario Interdisciplinario de Nivelaci\u00f3n, al cual los invitamos en esta ocasi\u00f3n. M\u00e1s informaci\u00f3n:\u00a0 <a id=\"LPlnk296197\" href=\"http:\/\/www.eam.iua.edu.ar\/eam\/extension\/\" target=\"_blank\" rel=\"noopener noreferrer\" data-auth=\"NotApplicable\" data-linkindex=\"0\">http:\/\/www.eam.iua.edu.ar\/eam\/extension\/<\/a><\/span>[\/vc_column_text]<\/div>[\/vc_column][\/vc_row][vc_row][vc_column][vc_row_inner][vc_column_inner][vc_raw_html css=\u00bb.vc_custom_1619615603599{padding-left: 2em !important;}\u00bb]JTNDaDMlM0VJbmZvcm1lcyUzQyUyRmgzJTNFJTNDJTJGYnIlM0UlMEElM0NzcGFuJTIwY2xhc3MlM0QlMjJ2Y19pY29uX2VsZW1lbnQtaWNvbiUyMGZhJTIwZmEtcGhvbmUlMjIlM0UlM0MlMkZzcGFuJTNFJTIwJTIwJTI4MzUxJTI5JTIwNDMzMzkwMCUyMGludGVybm8lM0ElMjAzNzQ2NiUyMCUzQyUyRmJyJTNFJTBBJTNDc3BhbiUyMGNsYXNzJTNEJTIydmNfaWNvbl9lbGVtZW50LWljb24lMjBmYSUyMGZhLWVudmVsb3BlJTIyJTNFJTNDJTJGc3BhbiUzRSUyMCUyMCUzQ2ElMjBocmVmJTNEJTIybWFpbHRvJTNBc2VjcmV0YXJpYWV4dGVuc2lvbiU0MGVhbS5pdWEuZWR1LmFyJTIyJTNFJTIwc2VjcmV0YXJpYWV4dGVuc2lvbiU0MGVhbS5pdWEuZWR1LmFyJTNDJTJGYSUzRSUzQyUyRmJyJTNFJTBBJTNDc3BhbiUyMGNsYXNzJTNEJTIydmNfaWNvbl9lbGVtZW50LWljb24lMjBmYSUyMGZhLWVudmVsb3BlJTIyJTNFJTNDJTJGc3BhbiUzRSUyMCUyMCUzQ2ElMjBocmVmJTNEJTIybWFpbHRvJTNBc2VjcmV0YXJpYWRlZXh0ZW5zaW9uZWFtJTQwZ21haWwuY29tJTIyJTNFJTIwc2VjcmV0YXJpYWRlZXh0ZW5zaW9uZWFtJTQwZ21haWwuY29tJTNDJTJGYSUzRQ==[\/vc_raw_html][\/vc_column_inner][\/vc_row_inner][vc_empty_space][vc_column_text]<\/p>\n<h5><strong>Actividad dirigida a estudiantes terciarios o universitarios.<\/strong><\/h5>\n<h6><span style=\"color: #ff0000;\"><strong>Inscripci\u00f3n on line al seminario<\/strong>: <span style=\"color: #000000;\">del 04 de abril al 22 de mayo de 2022.<\/span><\/span><\/h6>\n<p>[\/vc_column_text][vc_empty_space][vc_column_text][\/vc_column_text][vc_empty_space][\/vc_column][\/vc_row]<\/p>\n","protected":false},"excerpt":{"rendered":"<p>[vc_row][vc_column][vc_column_text]El Ejercicio Garra es una pr\u00e1ctica de gabinete que recrea una situaci\u00f3n hipot\u00e9tica, frente a la cual los participantes deber\u00e1n tomar decisiones basadas en la informaci\u00f3n (est\u00edmulos) que reciben durante el ejercicio. Es una representaci\u00f3n de la realidad con fines pedag\u00f3gicos, que constituye un excelente veh\u00edculo para integrar los \u00e1mbitos civil y militar de actuaci\u00f3n [&hellip;]<\/p>\n","protected":false},"author":1,"featured_media":11727,"comment_status":"closed","ping_status":"closed","sticky":false,"template":"","format":"standard","meta":{"_joinchat":[],"footnotes":""},"categories":[2995,1629],"tags":[101,3031,2994,3032],"class_list":["post-11705","post","type-post","status-publish","format-standard","has-post-thumbnail","hentry","category-noticias-2","category-secretaria-extension","tag-ejercicio-garra","tag-inscripcion-garra","tag-modalidad-virtual","tag-seminario-garra"],"_links":{"self":[{"href":"http:\/\/www.eam.iua.edu.ar\/eam\/wp-json\/wp\/v2\/posts\/11705","targetHints":{"allow":["GET"]}}],"collection":[{"href":"http:\/\/www.eam.iua.edu.ar\/eam\/wp-json\/wp\/v2\/posts"}],"about":[{"href":"http:\/\/www.eam.iua.edu.ar\/eam\/wp-json\/wp\/v2\/types\/post"}],"author":[{"embeddable":true,"href":"http:\/\/www.eam.iua.edu.ar\/eam\/wp-json\/wp\/v2\/users\/1"}],"replies":[{"embeddable":true,"href":"http:\/\/www.eam.iua.edu.ar\/eam\/wp-json\/wp\/v2\/comments?post=11705"}],"version-history":[{"count":16,"href":"http:\/\/www.eam.iua.edu.ar\/eam\/wp-json\/wp\/v2\/posts\/11705\/revisions"}],"predecessor-version":[{"id":11798,"href":"http:\/\/www.eam.iua.edu.ar\/eam\/wp-json\/wp\/v2\/posts\/11705\/revisions\/11798"}],"wp:featuredmedia":[{"embeddable":true,"href":"http:\/\/www.eam.iua.edu.ar\/eam\/wp-json\/wp\/v2\/media\/11727"}],"wp:attachment":[{"href":"http:\/\/www.eam.iua.edu.ar\/eam\/wp-json\/wp\/v2\/media?parent=11705"}],"wp:term":[{"taxonomy":"category","embeddable":true,"href":"http:\/\/www.eam.iua.edu.ar\/eam\/wp-json\/wp\/v2\/categories?post=11705"},{"taxonomy":"post_tag","embeddable":true,"href":"http:\/\/www.eam.iua.edu.ar\/eam\/wp-json\/wp\/v2\/tags?post=11705"}],"curies":[{"name":"wp","href":"https:\/\/api.w.org\/{rel}","templated":true}]}}