{"id":11730,"date":"2022-04-10T08:52:05","date_gmt":"2022-04-10T11:52:05","guid":{"rendered":"http:\/\/www.eam.iua.edu.ar\/eam\/?p=11730"},"modified":"2022-04-10T08:54:55","modified_gmt":"2022-04-10T11:54:55","slug":"conmemorando-40-anos-de-historia","status":"publish","type":"post","link":"http:\/\/www.eam.iua.edu.ar\/eam\/conmemorando-40-anos-de-historia\/","title":{"rendered":"Conmemorando 40 a\u00f1os de Historia"},"content":{"rendered":"<p>[vc_row][vc_column][vc_column_text el_class=\u00bbpublicaciones\u00bb]El pasado 2 de abril se cumplieron 40 a\u00f1os del inicio del Conflicto del Atl\u00e1ntico Sur por la recuperaci\u00f3n de las Islas Malvinas.<\/p>\n<p>40 a\u00f1os llenos de historia, recuerdos e im\u00e1genes imposibles de borrar de la memoria colectiva.\u00a0 Una fecha tan cara a los sentimientos de todos los argentinos, merec\u00eda un destacado homenaje a todos aquellos Veteranos que participaron del conflicto, como as\u00ed a nuestros h\u00e9roes que dieron su vida en defensa de la Patria. Por tal motivo, la Guarnici\u00f3n A\u00e9rea C\u00f3rdoba particip\u00f3 de numerosos eventos conmemorativos conjuntamente con el <a href=\"https:\/\/www.argentina.gob.ar\/ejercito\" target=\"_blank\" rel=\"noopener\">Ej\u00e9rcito Argentino<\/a>, autoridades municipales y provinciales de C\u00f3rdoba.<\/p>\n<p>El s\u00e1bado 26 de marzo, el Parque Sarmiento fue el escenario elegido para que la <a href=\"http:\/\/www.eam.iua.edu.ar\/eam\/banda-de-musica\/\" target=\"_blank\" rel=\"noopener\">Banda Militar de M\u00fasica \u201cBautismo de Fuego\u201d<\/a> deleitara a los presentes interpretando marchas militares. El desfile\u00a0 del personal militar engalan\u00f3 las calles del parque mientras la gente presente se deten\u00eda con asombro a escucharlos.<\/p>\n<p><img loading=\"lazy\" decoding=\"async\" class=\"aligncenter wp-image-11763 size-large_image\" src=\"http:\/\/www.eam.iua.edu.ar\/eam\/wp-content\/uploads\/2022\/04\/DSC_0637-870x580.jpg\" alt=\"\" width=\"870\" height=\"580\" srcset=\"http:\/\/www.eam.iua.edu.ar\/eam\/wp-content\/uploads\/2022\/04\/DSC_0637-870x580.jpg 870w, http:\/\/www.eam.iua.edu.ar\/eam\/wp-content\/uploads\/2022\/04\/DSC_0637-300x200.jpg 300w, http:\/\/www.eam.iua.edu.ar\/eam\/wp-content\/uploads\/2022\/04\/DSC_0637-938x625.jpg 938w, http:\/\/www.eam.iua.edu.ar\/eam\/wp-content\/uploads\/2022\/04\/DSC_0637-768x512.jpg 768w, http:\/\/www.eam.iua.edu.ar\/eam\/wp-content\/uploads\/2022\/04\/DSC_0637-390x260.jpg 390w, http:\/\/www.eam.iua.edu.ar\/eam\/wp-content\/uploads\/2022\/04\/DSC_0637.jpg 1152w\" sizes=\"auto, (max-width: 870px) 100vw, 870px\" \/><\/p>\n<p><img loading=\"lazy\" decoding=\"async\" class=\"aligncenter wp-image-11764 size-large_image\" src=\"http:\/\/www.eam.iua.edu.ar\/eam\/wp-content\/uploads\/2022\/04\/DSC_0656-870x580.jpg\" alt=\"\" width=\"870\" height=\"580\" srcset=\"http:\/\/www.eam.iua.edu.ar\/eam\/wp-content\/uploads\/2022\/04\/DSC_0656-870x580.jpg 870w, http:\/\/www.eam.iua.edu.ar\/eam\/wp-content\/uploads\/2022\/04\/DSC_0656-300x200.jpg 300w, http:\/\/www.eam.iua.edu.ar\/eam\/wp-content\/uploads\/2022\/04\/DSC_0656-938x625.jpg 938w, http:\/\/www.eam.iua.edu.ar\/eam\/wp-content\/uploads\/2022\/04\/DSC_0656-768x512.jpg 768w, http:\/\/www.eam.iua.edu.ar\/eam\/wp-content\/uploads\/2022\/04\/DSC_0656-390x260.jpg 390w, http:\/\/www.eam.iua.edu.ar\/eam\/wp-content\/uploads\/2022\/04\/DSC_0656.jpg 1152w\" sizes=\"auto, (max-width: 870px) 100vw, 870px\" \/><\/p>\n<p><img loading=\"lazy\" decoding=\"async\" class=\"aligncenter wp-image-11761 size-large_image\" src=\"http:\/\/www.eam.iua.edu.ar\/eam\/wp-content\/uploads\/2022\/04\/DSC_0626-1-870x580.jpg\" alt=\"\" width=\"870\" height=\"580\" srcset=\"http:\/\/www.eam.iua.edu.ar\/eam\/wp-content\/uploads\/2022\/04\/DSC_0626-1-870x580.jpg 870w, http:\/\/www.eam.iua.edu.ar\/eam\/wp-content\/uploads\/2022\/04\/DSC_0626-1-300x200.jpg 300w, http:\/\/www.eam.iua.edu.ar\/eam\/wp-content\/uploads\/2022\/04\/DSC_0626-1-938x625.jpg 938w, http:\/\/www.eam.iua.edu.ar\/eam\/wp-content\/uploads\/2022\/04\/DSC_0626-1-768x512.jpg 768w, http:\/\/www.eam.iua.edu.ar\/eam\/wp-content\/uploads\/2022\/04\/DSC_0626-1-390x260.jpg 390w, http:\/\/www.eam.iua.edu.ar\/eam\/wp-content\/uploads\/2022\/04\/DSC_0626-1.jpg 1152w\" sizes=\"auto, (max-width: 870px) 100vw, 870px\" \/><\/p>\n<p>Por su parte,\u00a0 el Gobierno de la provincia de C\u00f3rdoba en conjunto con la Municipalidad de la ciudad y las Fuerzas Armadas, organiz\u00f3 una vigilia la noche previa al 02 de abril. En esta oportunidad, el Personal de la Escuela de Aviaci\u00f3n se hizo presente en la Plaza de la Intendencia\u00a0 \u201cH\u00e9roes de Malvinas\u201d para participar de la celebraci\u00f3n. El Director del Instituto, Comodoro Mayor D. Marcelo Jos\u00e9 MONETTO; \u00a0el Subdirector, Comodoro D. Gonzalo Javier TOLOZA y Personal Militar Superior y Subalterno participaron del espect\u00e1culo musical y celebraci\u00f3n. La Banda Militar de M\u00fasica \u201cBautismo de Fuego\u201d y la Banda Militar \u201cBoquer\u00f3n\u201d perteneciente a Ej\u00e9rcito Argentino, entonaron las estrofas del Himno Nacional Argentino y la Marcha Malvinas a las 00 del 02 de abril.<\/p>\n<p><img loading=\"lazy\" decoding=\"async\" class=\"aligncenter wp-image-11734 size-large_image\" src=\"http:\/\/www.eam.iua.edu.ar\/eam\/wp-content\/uploads\/2022\/04\/DSC_0544-870x646.jpg\" alt=\"Vigilia Malvinas\" width=\"870\" height=\"646\" srcset=\"http:\/\/www.eam.iua.edu.ar\/eam\/wp-content\/uploads\/2022\/04\/DSC_0544-870x646.jpg 870w, http:\/\/www.eam.iua.edu.ar\/eam\/wp-content\/uploads\/2022\/04\/DSC_0544-300x223.jpg 300w, http:\/\/www.eam.iua.edu.ar\/eam\/wp-content\/uploads\/2022\/04\/DSC_0544-938x696.jpg 938w, http:\/\/www.eam.iua.edu.ar\/eam\/wp-content\/uploads\/2022\/04\/DSC_0544-768x570.jpg 768w, http:\/\/www.eam.iua.edu.ar\/eam\/wp-content\/uploads\/2022\/04\/DSC_0544-390x289.jpg 390w, http:\/\/www.eam.iua.edu.ar\/eam\/wp-content\/uploads\/2022\/04\/DSC_0544.jpg 1035w\" sizes=\"auto, (max-width: 870px) 100vw, 870px\" \/><\/p>\n<p><img loading=\"lazy\" decoding=\"async\" class=\"aligncenter wp-image-11733 size-large_image\" src=\"http:\/\/www.eam.iua.edu.ar\/eam\/wp-content\/uploads\/2022\/04\/DSC_0543-870x580.jpg\" alt=\"Vigilia Malvinas\" width=\"870\" height=\"580\" srcset=\"http:\/\/www.eam.iua.edu.ar\/eam\/wp-content\/uploads\/2022\/04\/DSC_0543-870x580.jpg 870w, http:\/\/www.eam.iua.edu.ar\/eam\/wp-content\/uploads\/2022\/04\/DSC_0543-300x200.jpg 300w, http:\/\/www.eam.iua.edu.ar\/eam\/wp-content\/uploads\/2022\/04\/DSC_0543-938x625.jpg 938w, http:\/\/www.eam.iua.edu.ar\/eam\/wp-content\/uploads\/2022\/04\/DSC_0543-768x512.jpg 768w, http:\/\/www.eam.iua.edu.ar\/eam\/wp-content\/uploads\/2022\/04\/DSC_0543-390x260.jpg 390w, http:\/\/www.eam.iua.edu.ar\/eam\/wp-content\/uploads\/2022\/04\/DSC_0543.jpg 1152w\" sizes=\"auto, (max-width: 870px) 100vw, 870px\" \/><\/p>\n<p><img loading=\"lazy\" decoding=\"async\" class=\"aligncenter wp-image-11738 size-large_image\" src=\"http:\/\/www.eam.iua.edu.ar\/eam\/wp-content\/uploads\/2022\/04\/DSC_0645-870x580.jpg\" alt=\"Vigilia Malvinas\" width=\"870\" height=\"580\" srcset=\"http:\/\/www.eam.iua.edu.ar\/eam\/wp-content\/uploads\/2022\/04\/DSC_0645-870x580.jpg 870w, http:\/\/www.eam.iua.edu.ar\/eam\/wp-content\/uploads\/2022\/04\/DSC_0645-300x200.jpg 300w, http:\/\/www.eam.iua.edu.ar\/eam\/wp-content\/uploads\/2022\/04\/DSC_0645-938x625.jpg 938w, http:\/\/www.eam.iua.edu.ar\/eam\/wp-content\/uploads\/2022\/04\/DSC_0645-768x512.jpg 768w, http:\/\/www.eam.iua.edu.ar\/eam\/wp-content\/uploads\/2022\/04\/DSC_0645-390x260.jpg 390w, http:\/\/www.eam.iua.edu.ar\/eam\/wp-content\/uploads\/2022\/04\/DSC_0645.jpg 1152w\" sizes=\"auto, (max-width: 870px) 100vw, 870px\" \/><\/p>\n<p><img loading=\"lazy\" decoding=\"async\" class=\"aligncenter wp-image-11737 size-large_image\" src=\"http:\/\/www.eam.iua.edu.ar\/eam\/wp-content\/uploads\/2022\/04\/DSC_0640-870x580.jpg\" alt=\"Vigilia Malvinas\" width=\"870\" height=\"580\" srcset=\"http:\/\/www.eam.iua.edu.ar\/eam\/wp-content\/uploads\/2022\/04\/DSC_0640-870x580.jpg 870w, http:\/\/www.eam.iua.edu.ar\/eam\/wp-content\/uploads\/2022\/04\/DSC_0640-300x200.jpg 300w, http:\/\/www.eam.iua.edu.ar\/eam\/wp-content\/uploads\/2022\/04\/DSC_0640-938x625.jpg 938w, http:\/\/www.eam.iua.edu.ar\/eam\/wp-content\/uploads\/2022\/04\/DSC_0640-768x512.jpg 768w, http:\/\/www.eam.iua.edu.ar\/eam\/wp-content\/uploads\/2022\/04\/DSC_0640-390x260.jpg 390w, http:\/\/www.eam.iua.edu.ar\/eam\/wp-content\/uploads\/2022\/04\/DSC_0640.jpg 1152w\" sizes=\"auto, (max-width: 870px) 100vw, 870px\" \/><\/p>\n<p><img loading=\"lazy\" decoding=\"async\" class=\"aligncenter wp-image-11735 size-large_image\" src=\"http:\/\/www.eam.iua.edu.ar\/eam\/wp-content\/uploads\/2022\/04\/DSC_0577-870x580.jpg\" alt=\"Vigilia Malvinas\" width=\"870\" height=\"580\" srcset=\"http:\/\/www.eam.iua.edu.ar\/eam\/wp-content\/uploads\/2022\/04\/DSC_0577-870x580.jpg 870w, http:\/\/www.eam.iua.edu.ar\/eam\/wp-content\/uploads\/2022\/04\/DSC_0577-300x200.jpg 300w, http:\/\/www.eam.iua.edu.ar\/eam\/wp-content\/uploads\/2022\/04\/DSC_0577-938x625.jpg 938w, http:\/\/www.eam.iua.edu.ar\/eam\/wp-content\/uploads\/2022\/04\/DSC_0577-768x512.jpg 768w, http:\/\/www.eam.iua.edu.ar\/eam\/wp-content\/uploads\/2022\/04\/DSC_0577-390x260.jpg 390w, http:\/\/www.eam.iua.edu.ar\/eam\/wp-content\/uploads\/2022\/04\/DSC_0577.jpg 1152w\" sizes=\"auto, (max-width: 870px) 100vw, 870px\" \/><\/p>\n<p><img loading=\"lazy\" decoding=\"async\" class=\"aligncenter wp-image-11736 size-large_image\" src=\"http:\/\/www.eam.iua.edu.ar\/eam\/wp-content\/uploads\/2022\/04\/DSC_0626-870x580.jpg\" alt=\"Vigilia Malvinas\" width=\"870\" height=\"580\" srcset=\"http:\/\/www.eam.iua.edu.ar\/eam\/wp-content\/uploads\/2022\/04\/DSC_0626-870x580.jpg 870w, http:\/\/www.eam.iua.edu.ar\/eam\/wp-content\/uploads\/2022\/04\/DSC_0626-300x200.jpg 300w, http:\/\/www.eam.iua.edu.ar\/eam\/wp-content\/uploads\/2022\/04\/DSC_0626-938x625.jpg 938w, http:\/\/www.eam.iua.edu.ar\/eam\/wp-content\/uploads\/2022\/04\/DSC_0626-768x512.jpg 768w, http:\/\/www.eam.iua.edu.ar\/eam\/wp-content\/uploads\/2022\/04\/DSC_0626-390x260.jpg 390w, http:\/\/www.eam.iua.edu.ar\/eam\/wp-content\/uploads\/2022\/04\/DSC_0626.jpg 1152w\" sizes=\"auto, (max-width: 870px) 100vw, 870px\" \/><\/p>\n<p>La Guarnici\u00f3n A\u00e9rea C\u00f3rdoba realiz\u00f3 un homenaje propio en la Plaza \u201cGeneral San Mart\u00edn\u201d de la <a href=\"http:\/\/www.eam.iua.edu.ar\/eam\/mision-y-autoridades\/\" target=\"_blank\" rel=\"noopener\">Escuela de Aviaci\u00f3n Militar<\/a>. Todos los organismos de la G.A.C. participaron de una ceremonia conmemorativa donde se honraron a los 55 h\u00e9roes que ofrendaron su vida defendiendo a la Patria. La ceremonia estuvo presidida por el Jefe de la G.A.C, acompa\u00f1ado por Jefes de Unidades y Organismos de la Guarnici\u00f3n y todo el Personal Militar Superior y Subalterno de cada dependencia.<\/p>\n<p>La emotiva ceremonia cont\u00f3 con la distinguida presencia de Veteranos de la Guerra de Malvinas con sus familiares, como as\u00ed tambi\u00e9n familiares de oficiales ca\u00eddos en combate. Al finalizar la ceremonia, los Veteranos desfilaron frente al palco de autoridades rindiendo homenaje a la bandera argentina que flame\u00f3 en las islas durante el conflicto.<\/p>\n<p><img loading=\"lazy\" decoding=\"async\" class=\"aligncenter wp-image-11749 size-large_image\" src=\"http:\/\/www.eam.iua.edu.ar\/eam\/wp-content\/uploads\/2022\/04\/DSC_0173-870x581.jpg\" alt=\"Malvinas 40\u00ba Aniversario EAM\" width=\"870\" height=\"581\" srcset=\"http:\/\/www.eam.iua.edu.ar\/eam\/wp-content\/uploads\/2022\/04\/DSC_0173-870x581.jpg 870w, http:\/\/www.eam.iua.edu.ar\/eam\/wp-content\/uploads\/2022\/04\/DSC_0173-300x200.jpg 300w, http:\/\/www.eam.iua.edu.ar\/eam\/wp-content\/uploads\/2022\/04\/DSC_0173-938x626.jpg 938w, http:\/\/www.eam.iua.edu.ar\/eam\/wp-content\/uploads\/2022\/04\/DSC_0173-768x512.jpg 768w, http:\/\/www.eam.iua.edu.ar\/eam\/wp-content\/uploads\/2022\/04\/DSC_0173-390x260.jpg 390w, http:\/\/www.eam.iua.edu.ar\/eam\/wp-content\/uploads\/2022\/04\/DSC_0173.jpg 1151w\" sizes=\"auto, (max-width: 870px) 100vw, 870px\" \/><\/p>\n<p><img loading=\"lazy\" decoding=\"async\" class=\"aligncenter wp-image-11750 size-large_image\" src=\"http:\/\/www.eam.iua.edu.ar\/eam\/wp-content\/uploads\/2022\/04\/DSC_0716-870x580.jpg\" alt=\"Malvinas 40\u00ba Aniversario EAM\" width=\"870\" height=\"580\" srcset=\"http:\/\/www.eam.iua.edu.ar\/eam\/wp-content\/uploads\/2022\/04\/DSC_0716-870x580.jpg 870w, http:\/\/www.eam.iua.edu.ar\/eam\/wp-content\/uploads\/2022\/04\/DSC_0716-300x200.jpg 300w, http:\/\/www.eam.iua.edu.ar\/eam\/wp-content\/uploads\/2022\/04\/DSC_0716-938x625.jpg 938w, http:\/\/www.eam.iua.edu.ar\/eam\/wp-content\/uploads\/2022\/04\/DSC_0716-768x512.jpg 768w, http:\/\/www.eam.iua.edu.ar\/eam\/wp-content\/uploads\/2022\/04\/DSC_0716-390x260.jpg 390w, http:\/\/www.eam.iua.edu.ar\/eam\/wp-content\/uploads\/2022\/04\/DSC_0716.jpg 1152w\" sizes=\"auto, (max-width: 870px) 100vw, 870px\" \/><\/p>\n<p><img loading=\"lazy\" decoding=\"async\" class=\"aligncenter wp-image-11751 size-large_image\" src=\"http:\/\/www.eam.iua.edu.ar\/eam\/wp-content\/uploads\/2022\/04\/DSC_0743-870x508.jpg\" alt=\"Malvinas 40\u00ba Aniversario EAM\" width=\"870\" height=\"508\" srcset=\"http:\/\/www.eam.iua.edu.ar\/eam\/wp-content\/uploads\/2022\/04\/DSC_0743-870x508.jpg 870w, http:\/\/www.eam.iua.edu.ar\/eam\/wp-content\/uploads\/2022\/04\/DSC_0743-300x175.jpg 300w, http:\/\/www.eam.iua.edu.ar\/eam\/wp-content\/uploads\/2022\/04\/DSC_0743-938x548.jpg 938w, http:\/\/www.eam.iua.edu.ar\/eam\/wp-content\/uploads\/2022\/04\/DSC_0743-768x449.jpg 768w, http:\/\/www.eam.iua.edu.ar\/eam\/wp-content\/uploads\/2022\/04\/DSC_0743-1170x683.jpg 1170w, http:\/\/www.eam.iua.edu.ar\/eam\/wp-content\/uploads\/2022\/04\/DSC_0743-390x228.jpg 390w, http:\/\/www.eam.iua.edu.ar\/eam\/wp-content\/uploads\/2022\/04\/DSC_0743.jpg 1315w\" sizes=\"auto, (max-width: 870px) 100vw, 870px\" \/><\/p>\n<p><img loading=\"lazy\" decoding=\"async\" class=\"aligncenter wp-image-11752 size-large_image\" src=\"http:\/\/www.eam.iua.edu.ar\/eam\/wp-content\/uploads\/2022\/04\/DSC_0768-870x580.jpg\" alt=\"Malvinas 40\u00ba Aniversario EAM\" width=\"870\" height=\"580\" srcset=\"http:\/\/www.eam.iua.edu.ar\/eam\/wp-content\/uploads\/2022\/04\/DSC_0768-870x580.jpg 870w, http:\/\/www.eam.iua.edu.ar\/eam\/wp-content\/uploads\/2022\/04\/DSC_0768-300x200.jpg 300w, http:\/\/www.eam.iua.edu.ar\/eam\/wp-content\/uploads\/2022\/04\/DSC_0768-938x625.jpg 938w, http:\/\/www.eam.iua.edu.ar\/eam\/wp-content\/uploads\/2022\/04\/DSC_0768-768x512.jpg 768w, http:\/\/www.eam.iua.edu.ar\/eam\/wp-content\/uploads\/2022\/04\/DSC_0768-390x260.jpg 390w, http:\/\/www.eam.iua.edu.ar\/eam\/wp-content\/uploads\/2022\/04\/DSC_0768.jpg 1152w\" sizes=\"auto, (max-width: 870px) 100vw, 870px\" \/><\/p>\n<p><img loading=\"lazy\" decoding=\"async\" class=\"aligncenter wp-image-11765 size-large_image\" src=\"http:\/\/www.eam.iua.edu.ar\/eam\/wp-content\/uploads\/2022\/04\/PORTADA-1-870x580.jpg\" alt=\"\" width=\"870\" height=\"580\" srcset=\"http:\/\/www.eam.iua.edu.ar\/eam\/wp-content\/uploads\/2022\/04\/PORTADA-1-870x580.jpg 870w, http:\/\/www.eam.iua.edu.ar\/eam\/wp-content\/uploads\/2022\/04\/PORTADA-1-300x200.jpg 300w, http:\/\/www.eam.iua.edu.ar\/eam\/wp-content\/uploads\/2022\/04\/PORTADA-1-938x625.jpg 938w, http:\/\/www.eam.iua.edu.ar\/eam\/wp-content\/uploads\/2022\/04\/PORTADA-1-768x512.jpg 768w, http:\/\/www.eam.iua.edu.ar\/eam\/wp-content\/uploads\/2022\/04\/PORTADA-1-390x260.jpg 390w, http:\/\/www.eam.iua.edu.ar\/eam\/wp-content\/uploads\/2022\/04\/PORTADA-1.jpg 1152w\" sizes=\"auto, (max-width: 870px) 100vw, 870px\" \/><\/p>\n<p><img loading=\"lazy\" decoding=\"async\" class=\"aligncenter wp-image-11753 size-large_image\" src=\"http:\/\/www.eam.iua.edu.ar\/eam\/wp-content\/uploads\/2022\/04\/DSC_0851-870x580.jpg\" alt=\"Malvinas 40\u00ba Aniversario EAM\" width=\"870\" height=\"580\" srcset=\"http:\/\/www.eam.iua.edu.ar\/eam\/wp-content\/uploads\/2022\/04\/DSC_0851-870x580.jpg 870w, http:\/\/www.eam.iua.edu.ar\/eam\/wp-content\/uploads\/2022\/04\/DSC_0851-300x200.jpg 300w, http:\/\/www.eam.iua.edu.ar\/eam\/wp-content\/uploads\/2022\/04\/DSC_0851-938x625.jpg 938w, http:\/\/www.eam.iua.edu.ar\/eam\/wp-content\/uploads\/2022\/04\/DSC_0851-768x512.jpg 768w, http:\/\/www.eam.iua.edu.ar\/eam\/wp-content\/uploads\/2022\/04\/DSC_0851-390x260.jpg 390w, http:\/\/www.eam.iua.edu.ar\/eam\/wp-content\/uploads\/2022\/04\/DSC_0851.jpg 1152w\" sizes=\"auto, (max-width: 870px) 100vw, 870px\" \/><\/p>\n<p>El IPET N\u00ba251, tambi\u00e9n perteneciente a la Guarnici\u00f3n A\u00e9rea C\u00f3rdoba, realiz\u00f3 una ceremonia \u00a0a los Veteranos en las instalaciones del Centro Educativo. Estuvo presente el Jefe de la Guarnici\u00f3n y particip\u00f3 la Banda Militar de M\u00fasica \u201cBautismo de Fuego\u201d. Durante el acto se descubri\u00f3 un mural realizado por alumnos del colegio en homenaje a los Veteranos y Ca\u00eddos en el Conflicto del Atl\u00e1ntico Sur.<\/p>\n<p><img loading=\"lazy\" decoding=\"async\" class=\"aligncenter wp-image-11740 size-large_image\" src=\"http:\/\/www.eam.iua.edu.ar\/eam\/wp-content\/uploads\/2022\/04\/DSC_0582-870x580.jpg\" alt=\"Ipet 251\" width=\"870\" height=\"580\" srcset=\"http:\/\/www.eam.iua.edu.ar\/eam\/wp-content\/uploads\/2022\/04\/DSC_0582-870x580.jpg 870w, http:\/\/www.eam.iua.edu.ar\/eam\/wp-content\/uploads\/2022\/04\/DSC_0582-300x200.jpg 300w, http:\/\/www.eam.iua.edu.ar\/eam\/wp-content\/uploads\/2022\/04\/DSC_0582-938x625.jpg 938w, http:\/\/www.eam.iua.edu.ar\/eam\/wp-content\/uploads\/2022\/04\/DSC_0582-768x512.jpg 768w, http:\/\/www.eam.iua.edu.ar\/eam\/wp-content\/uploads\/2022\/04\/DSC_0582-390x260.jpg 390w, http:\/\/www.eam.iua.edu.ar\/eam\/wp-content\/uploads\/2022\/04\/DSC_0582.jpg 1152w\" sizes=\"auto, (max-width: 870px) 100vw, 870px\" \/><\/p>\n<p><img loading=\"lazy\" decoding=\"async\" class=\"aligncenter wp-image-11741 size-large_image\" src=\"http:\/\/www.eam.iua.edu.ar\/eam\/wp-content\/uploads\/2022\/04\/DSC_0588-870x483.jpg\" alt=\"Ipet 251\" width=\"870\" height=\"483\" srcset=\"http:\/\/www.eam.iua.edu.ar\/eam\/wp-content\/uploads\/2022\/04\/DSC_0588-870x483.jpg 870w, http:\/\/www.eam.iua.edu.ar\/eam\/wp-content\/uploads\/2022\/04\/DSC_0588-300x166.jpg 300w, http:\/\/www.eam.iua.edu.ar\/eam\/wp-content\/uploads\/2022\/04\/DSC_0588-938x521.jpg 938w, http:\/\/www.eam.iua.edu.ar\/eam\/wp-content\/uploads\/2022\/04\/DSC_0588-768x426.jpg 768w, http:\/\/www.eam.iua.edu.ar\/eam\/wp-content\/uploads\/2022\/04\/DSC_0588-1170x649.jpg 1170w, http:\/\/www.eam.iua.edu.ar\/eam\/wp-content\/uploads\/2022\/04\/DSC_0588-390x216.jpg 390w, http:\/\/www.eam.iua.edu.ar\/eam\/wp-content\/uploads\/2022\/04\/DSC_0588.jpg 1366w\" sizes=\"auto, (max-width: 870px) 100vw, 870px\" \/><\/p>\n<p><img loading=\"lazy\" decoding=\"async\" class=\"aligncenter wp-image-11739 size-large_image\" src=\"http:\/\/www.eam.iua.edu.ar\/eam\/wp-content\/uploads\/2022\/04\/DSC_0558-870x580.jpg\" alt=\"Ipet 251\" width=\"870\" height=\"580\" srcset=\"http:\/\/www.eam.iua.edu.ar\/eam\/wp-content\/uploads\/2022\/04\/DSC_0558-870x580.jpg 870w, http:\/\/www.eam.iua.edu.ar\/eam\/wp-content\/uploads\/2022\/04\/DSC_0558-300x200.jpg 300w, http:\/\/www.eam.iua.edu.ar\/eam\/wp-content\/uploads\/2022\/04\/DSC_0558-938x625.jpg 938w, http:\/\/www.eam.iua.edu.ar\/eam\/wp-content\/uploads\/2022\/04\/DSC_0558-768x512.jpg 768w, http:\/\/www.eam.iua.edu.ar\/eam\/wp-content\/uploads\/2022\/04\/DSC_0558-390x260.jpg 390w, http:\/\/www.eam.iua.edu.ar\/eam\/wp-content\/uploads\/2022\/04\/DSC_0558.jpg 1152w\" sizes=\"auto, (max-width: 870px) 100vw, 870px\" \/><\/p>\n<p><img loading=\"lazy\" decoding=\"async\" class=\"aligncenter wp-image-11742 size-large_image\" src=\"http:\/\/www.eam.iua.edu.ar\/eam\/wp-content\/uploads\/2022\/04\/DSC_0607-870x742.jpg\" alt=\"Ipet 251\" width=\"870\" height=\"742\" srcset=\"http:\/\/www.eam.iua.edu.ar\/eam\/wp-content\/uploads\/2022\/04\/DSC_0607-870x742.jpg 870w, http:\/\/www.eam.iua.edu.ar\/eam\/wp-content\/uploads\/2022\/04\/DSC_0607-300x256.jpg 300w, http:\/\/www.eam.iua.edu.ar\/eam\/wp-content\/uploads\/2022\/04\/DSC_0607-768x655.jpg 768w, http:\/\/www.eam.iua.edu.ar\/eam\/wp-content\/uploads\/2022\/04\/DSC_0607-390x333.jpg 390w, http:\/\/www.eam.iua.edu.ar\/eam\/wp-content\/uploads\/2022\/04\/DSC_0607.jpg 900w\" sizes=\"auto, (max-width: 870px) 100vw, 870px\" \/><\/p>\n<p><img loading=\"lazy\" decoding=\"async\" class=\"aligncenter wp-image-11743 size-large_image\" src=\"http:\/\/www.eam.iua.edu.ar\/eam\/wp-content\/uploads\/2022\/04\/DSC_0628-870x580.jpg\" alt=\"Ipet 251\" width=\"870\" height=\"580\" srcset=\"http:\/\/www.eam.iua.edu.ar\/eam\/wp-content\/uploads\/2022\/04\/DSC_0628-870x580.jpg 870w, http:\/\/www.eam.iua.edu.ar\/eam\/wp-content\/uploads\/2022\/04\/DSC_0628-300x200.jpg 300w, http:\/\/www.eam.iua.edu.ar\/eam\/wp-content\/uploads\/2022\/04\/DSC_0628-938x625.jpg 938w, http:\/\/www.eam.iua.edu.ar\/eam\/wp-content\/uploads\/2022\/04\/DSC_0628-768x512.jpg 768w, http:\/\/www.eam.iua.edu.ar\/eam\/wp-content\/uploads\/2022\/04\/DSC_0628-390x260.jpg 390w, http:\/\/www.eam.iua.edu.ar\/eam\/wp-content\/uploads\/2022\/04\/DSC_0628.jpg 1152w\" sizes=\"auto, (max-width: 870px) 100vw, 870px\" \/><\/p>\n<p>Como corolario de estas actividades, la Sala de Honor y la Sala Malvinas del <a href=\"http:\/\/www.eam.iua.edu.ar\/eam\/cuerpo-de-cadetes\/\" target=\"_blank\" rel=\"noopener\">Cuerpo de Cadetes<\/a> estuvieron abiertas al p\u00fablico el pasado 02 de abril para que toda la comunidad pueda apreciar los tesoros invaluables del conflicto que hay en custodia en tan destacado lugar.<br \/>\nMuchas personas se acercaron para conocer la historia y los elementos personales de los Veteranos de Guerra y de los H\u00e9roes que est\u00e1n resguardados en nuestro Instituto.<\/p>\n<p><img loading=\"lazy\" decoding=\"async\" class=\"aligncenter wp-image-11754 size-large_image\" src=\"http:\/\/www.eam.iua.edu.ar\/eam\/wp-content\/uploads\/2022\/04\/DSC_0858-870x580.jpg\" alt=\"Sala de Honor E.A.M\" width=\"870\" height=\"580\" srcset=\"http:\/\/www.eam.iua.edu.ar\/eam\/wp-content\/uploads\/2022\/04\/DSC_0858-870x580.jpg 870w, http:\/\/www.eam.iua.edu.ar\/eam\/wp-content\/uploads\/2022\/04\/DSC_0858-300x200.jpg 300w, http:\/\/www.eam.iua.edu.ar\/eam\/wp-content\/uploads\/2022\/04\/DSC_0858-938x625.jpg 938w, http:\/\/www.eam.iua.edu.ar\/eam\/wp-content\/uploads\/2022\/04\/DSC_0858-768x512.jpg 768w, http:\/\/www.eam.iua.edu.ar\/eam\/wp-content\/uploads\/2022\/04\/DSC_0858-390x260.jpg 390w, http:\/\/www.eam.iua.edu.ar\/eam\/wp-content\/uploads\/2022\/04\/DSC_0858.jpg 1152w\" sizes=\"auto, (max-width: 870px) 100vw, 870px\" \/><\/p>\n<p><img loading=\"lazy\" decoding=\"async\" class=\"aligncenter wp-image-11755 size-large_image\" src=\"http:\/\/www.eam.iua.edu.ar\/eam\/wp-content\/uploads\/2022\/04\/DSC_0910-870x580.jpg\" alt=\"Sala Malvinas E.A.M.\" width=\"870\" height=\"580\" srcset=\"http:\/\/www.eam.iua.edu.ar\/eam\/wp-content\/uploads\/2022\/04\/DSC_0910-870x580.jpg 870w, http:\/\/www.eam.iua.edu.ar\/eam\/wp-content\/uploads\/2022\/04\/DSC_0910-300x200.jpg 300w, http:\/\/www.eam.iua.edu.ar\/eam\/wp-content\/uploads\/2022\/04\/DSC_0910-938x625.jpg 938w, http:\/\/www.eam.iua.edu.ar\/eam\/wp-content\/uploads\/2022\/04\/DSC_0910-768x512.jpg 768w, http:\/\/www.eam.iua.edu.ar\/eam\/wp-content\/uploads\/2022\/04\/DSC_0910-390x260.jpg 390w, http:\/\/www.eam.iua.edu.ar\/eam\/wp-content\/uploads\/2022\/04\/DSC_0910.jpg 1152w\" sizes=\"auto, (max-width: 870px) 100vw, 870px\" \/><\/p>\n<p>Para rendir homenaje a los oficiales, suboficiales y soldados ca\u00eddos en combate, se realiz\u00f3 una misa conmemorativa en la Iglesia Nuestra Se\u00f1ora de Loreto. Monse\u00f1or Germ\u00e1n CARMONA, Jefe del servicio religioso de la Escuela de Aviaci\u00f3n Militar fue quien presidi\u00f3 el oficio religioso, en la cual estuvieron presentes el Jefe de la G.A.C, Jefes de Unidades y Organismos, Veteranos de la <a href=\"http:\/\/www.eam.iua.edu.ar\/eam\/guerra-de-malvinas\/\" target=\"_blank\" rel=\"noopener\">Guerra de Malvinas<\/a> y familiares. Al finalizar, se coloc\u00f3 una ofrenda floral y se encendi\u00f3 la llama votiva que recuerda a los 55 h\u00e9roes que ofrendaron su vida en las Islas Malvinas.<\/p>\n<p><img loading=\"lazy\" decoding=\"async\" class=\"aligncenter wp-image-11766 size-large_image\" src=\"http:\/\/www.eam.iua.edu.ar\/eam\/wp-content\/uploads\/2022\/04\/DSC_0024-870x624.jpg\" alt=\"\" width=\"870\" height=\"624\" srcset=\"http:\/\/www.eam.iua.edu.ar\/eam\/wp-content\/uploads\/2022\/04\/DSC_0024-870x624.jpg 870w, http:\/\/www.eam.iua.edu.ar\/eam\/wp-content\/uploads\/2022\/04\/DSC_0024-300x215.jpg 300w, http:\/\/www.eam.iua.edu.ar\/eam\/wp-content\/uploads\/2022\/04\/DSC_0024-938x673.jpg 938w, http:\/\/www.eam.iua.edu.ar\/eam\/wp-content\/uploads\/2022\/04\/DSC_0024-768x551.jpg 768w, http:\/\/www.eam.iua.edu.ar\/eam\/wp-content\/uploads\/2022\/04\/DSC_0024-390x280.jpg 390w, http:\/\/www.eam.iua.edu.ar\/eam\/wp-content\/uploads\/2022\/04\/DSC_0024.jpg 1071w\" sizes=\"auto, (max-width: 870px) 100vw, 870px\" \/><\/p>\n<p><img loading=\"lazy\" decoding=\"async\" class=\"aligncenter wp-image-11767 size-large_image\" src=\"http:\/\/www.eam.iua.edu.ar\/eam\/wp-content\/uploads\/2022\/04\/DSC_0065-870x685.jpg\" alt=\"\" width=\"870\" height=\"685\" srcset=\"http:\/\/www.eam.iua.edu.ar\/eam\/wp-content\/uploads\/2022\/04\/DSC_0065-870x685.jpg 870w, http:\/\/www.eam.iua.edu.ar\/eam\/wp-content\/uploads\/2022\/04\/DSC_0065-300x236.jpg 300w, http:\/\/www.eam.iua.edu.ar\/eam\/wp-content\/uploads\/2022\/04\/DSC_0065-938x738.jpg 938w, http:\/\/www.eam.iua.edu.ar\/eam\/wp-content\/uploads\/2022\/04\/DSC_0065-768x604.jpg 768w, http:\/\/www.eam.iua.edu.ar\/eam\/wp-content\/uploads\/2022\/04\/DSC_0065-390x307.jpg 390w, http:\/\/www.eam.iua.edu.ar\/eam\/wp-content\/uploads\/2022\/04\/DSC_0065.jpg 976w\" sizes=\"auto, (max-width: 870px) 100vw, 870px\" \/>[\/vc_column_text][\/vc_column][\/vc_row][vc_row][vc_column][\/vc_column][\/vc_row]<\/p>\n","protected":false},"excerpt":{"rendered":"<p>El pasado 2 de abril se cumplieron 40 a\u00f1os del inicio del Conflicto del Atl\u00e1ntico Sur por la recuperaci\u00f3n de las Islas Malvinas. Por tal motivo, la Guarnici\u00f3n A\u00e9rea C\u00f3rdoba particip\u00f3 de numerosos eventos conmemorativos conjuntamente con Ej\u00e9rcito Argentino, autoridades municipales y provinciales de C\u00f3rdoba.<\/p>\n","protected":false},"author":6,"featured_media":11732,"comment_status":"closed","ping_status":"closed","sticky":false,"template":"","format":"standard","meta":{"_joinchat":[],"footnotes":""},"categories":[2995],"tags":[3060,122,2429,95,1890,1259,3041,68],"class_list":["post-11730","post","type-post","status-publish","format-standard","has-post-thumbnail","hentry","category-noticias-2","tag-40-aniversario-malvinas","tag-ceremonias","tag-cordoba","tag-eam","tag-escuela-de-aviacion-militar","tag-fuerza-aerea-argentina","tag-guerra-de-malvinas","tag-malvinas"],"_links":{"self":[{"href":"http:\/\/www.eam.iua.edu.ar\/eam\/wp-json\/wp\/v2\/posts\/11730","targetHints":{"allow":["GET"]}}],"collection":[{"href":"http:\/\/www.eam.iua.edu.ar\/eam\/wp-json\/wp\/v2\/posts"}],"about":[{"href":"http:\/\/www.eam.iua.edu.ar\/eam\/wp-json\/wp\/v2\/types\/post"}],"author":[{"embeddable":true,"href":"http:\/\/www.eam.iua.edu.ar\/eam\/wp-json\/wp\/v2\/users\/6"}],"replies":[{"embeddable":true,"href":"http:\/\/www.eam.iua.edu.ar\/eam\/wp-json\/wp\/v2\/comments?post=11730"}],"version-history":[{"count":21,"href":"http:\/\/www.eam.iua.edu.ar\/eam\/wp-json\/wp\/v2\/posts\/11730\/revisions"}],"predecessor-version":[{"id":11782,"href":"http:\/\/www.eam.iua.edu.ar\/eam\/wp-json\/wp\/v2\/posts\/11730\/revisions\/11782"}],"wp:featuredmedia":[{"embeddable":true,"href":"http:\/\/www.eam.iua.edu.ar\/eam\/wp-json\/wp\/v2\/media\/11732"}],"wp:attachment":[{"href":"http:\/\/www.eam.iua.edu.ar\/eam\/wp-json\/wp\/v2\/media?parent=11730"}],"wp:term":[{"taxonomy":"category","embeddable":true,"href":"http:\/\/www.eam.iua.edu.ar\/eam\/wp-json\/wp\/v2\/categories?post=11730"},{"taxonomy":"post_tag","embeddable":true,"href":"http:\/\/www.eam.iua.edu.ar\/eam\/wp-json\/wp\/v2\/tags?post=11730"}],"curies":[{"name":"wp","href":"https:\/\/api.w.org\/{rel}","templated":true}]}}