{"id":12060,"date":"2022-08-24T11:58:58","date_gmt":"2022-08-24T14:58:58","guid":{"rendered":"http:\/\/www.eam.iua.edu.ar\/eam\/?p=12060"},"modified":"2022-09-06T11:18:02","modified_gmt":"2022-09-06T14:18:02","slug":"formate-como-oficial-de-la-fuerza-aerea-2023","status":"publish","type":"post","link":"http:\/\/www.eam.iua.edu.ar\/eam\/formate-como-oficial-de-la-fuerza-aerea-2023\/","title":{"rendered":"Formate como Oficial de la Fuerza A\u00e9rea 2023"},"content":{"rendered":"<p>[vc_row][vc_column]<h3 class=\"sc_title sc_title_regular \"><\/p>\n<h6><b>INSCRIPCIONES ABIERTAS A LA ESCUELA DE AVIACI\u00d3N MILITAR<\/b><\/h6>\n<p>&nbsp;<\/p>\n<h6><a href=\"http:\/\/www.eam.iua.edu.ar\/eam\/formate-como-oficial-de-la-fuerza-aerea-2\/\"><span style=\"font-weight: 400;\">FORJANDO L\u00cdDERES<\/span><\/a><\/h6>\n<p><\/h3>[\/vc_column][\/vc_row][vc_row][vc_column][vc_column_text]<span style=\"font-weight: 400;\">Desde el 10 de agosto se encuentra abierta la inscripci\u00f3n a la Carrera de Oficial de la Fuerza A\u00e9rea Argentina. Los Cadetes de la <\/span><a href=\"http:\/\/www.eam.iua.edu.ar\/eam\/\"><span style=\"font-weight: 400;\">Escuela de Aviaci\u00f3n Militar<\/span><\/a><span style=\"font-weight: 400;\"> reciben una\u00a0<\/span><b>formaci\u00f3n integra<\/b><span style=\"font-weight: 400;\">l: educaci\u00f3n de\u00a0<\/span><a href=\"http:\/\/www.eam.iua.edu.ar\/eam\/formacion-de-cadete\/#planestudios\"><span style=\"font-weight: 400;\">nivel universitario<\/span><\/a><span style=\"font-weight: 400;\">,\u00a0<\/span><a href=\"http:\/\/www.eam.iua.edu.ar\/eam\/formacion-de-cadete\/#instruccion\"><span style=\"font-weight: 400;\">instrucci\u00f3n militar<\/span><\/a><span style=\"font-weight: 400;\">\u00a0y el <\/span><a href=\"http:\/\/www.eam.iua.edu.ar\/eam\/formacion-de-cadete\/#sports\"><span style=\"font-weight: 400;\">entrenamiento f\u00edsico<\/span><\/a><span style=\"font-weight: 400;\"> que una capacitaci\u00f3n de estas caracter\u00edsticas requiere.<\/span>[\/vc_column_text][vc_empty_space height=\u00bb2em\u00bb]<figure class=\"sc_image  sc_image_shape_square\"><img decoding=\"async\" src=\"http:\/\/www.eam.iua.edu.ar\/eam\/wp-content\/uploads\/2022\/08\/Noticia-encabezado-nota-Web-Ingreso-2022.webp\" alt=\"\" \/><\/figure>[vc_empty_space height=\u00bb2em\u00bb][\/vc_column][\/vc_row][vc_row][vc_column][vc_column_text]<\/p>\n<h4>Cursado de la Carrera<\/h4>\n<p><span style=\"font-weight: 400;\">Durante cuatro a\u00f1os bajo un r\u00e9gimen de internado, los alumnos provenientes de todo el pa\u00eds <\/span><b>adquieren valores y virtudes<\/b><span style=\"font-weight: 400;\">\u00a0que van moldeando su esp\u00edritu como Cadetes, adquiriendo poco a poco el compromiso de\u00a0<\/span><a href=\"http:\/\/www.eam.iua.edu.ar\/eam\/eventos\/\"><span style=\"font-weight: 400;\">servir y defender a la Patria<\/span><\/a><span style=\"font-weight: 400;\">\u00a0como su estilo de vida.<\/span>[\/vc_column_text][vc_empty_space height=\u00bb2em\u00bb][vc_gallery type=\u00bbimage_grid\u00bb images=\u00bb12112,12111,12110,12109&#8243;][vc_empty_space height=\u00bb2em\u00bb][\/vc_column][\/vc_row][vc_row][vc_column][vc_empty_space height=\u00bb2em\u00bb][vc_column_text]<\/p>\n<h4>Proyecci\u00f3n Profesional del Oficial<\/h4>\n<p><span style=\"font-weight: 400;\">Como Licenciado en Recursos Aeroespaciales para la Defensa <\/span><span style=\"font-weight: 400;\">(<\/span><a href=\"http:\/\/www.eam.iua.edu.ar\/eam\/wp-content\/uploads\/2017\/10\/RM-524-2013-LICRAD.pdf\"><span style=\"font-weight: 400;\">LICRAD<\/span><\/a><span style=\"font-weight: 400;\">)<\/span><span style=\"font-weight: 400;\">, al egresar del Instituto, el Oficial de la Fuerza A\u00e9rea Argentina contin\u00faa su\u00a0<\/span><a href=\"http:\/\/www.eam.iua.edu.ar\/eam\/proyeccion-profesional\/\"><span style=\"font-weight: 400;\">proyecci\u00f3n profesional<\/span><\/a><span style=\"font-weight: 400;\">\u00a0en una de las diecisiete Especialidades que conforman el Escalaf\u00f3n Aire, General y T\u00e9cnico.<\/span>[\/vc_column_text][vc_empty_space height=\u00bb2em\u00bb]<figure class=\"sc_image  sc_image_shape_square\"><img decoding=\"async\" src=\"http:\/\/www.eam.iua.edu.ar\/eam\/wp-content\/uploads\/2022\/08\/Noticia-especialidades-Web-Ingreso-2022.webp\" alt=\"\" \/><\/figure>[\/vc_column][\/vc_row][vc_row][vc_column][vc_empty_space height=\u00bb2em\u00bb][vc_column_text]<\/p>\n<h4>Pasos para ingresar:<\/h4>\n<p><strong>1.INSCRIBIRSE<\/strong><br \/>\n<span style=\"font-weight: 400;\">Hasta el 18 de noviembre estar\u00e1 abierta la inscripci\u00f3n, como primer paso del <\/span><a href=\"http:\/\/www.eam.iua.edu.ar\/eam\/pasos-para-incorporarse\/\"><span style=\"font-weight: 400;\">proceso de ingreso<\/span><\/a><span style=\"font-weight: 400;\">.<\/span><\/p>\n<p><strong>2.EXAMEN INTELECTUAL<\/strong><br \/>\n<span style=\"font-weight: 400;\">Se rinde: Matem\u00e1tica, F\u00edsica, Historia, Lengua y Literatura e Ingl\u00e9s, de forma presencial, el 13 y 14 de diciembre de 2022, en nueve Subcentros de Preselecci\u00f3n de la Fuerza A\u00e9rea Argentina.<\/span><\/p>\n<p><strong>3.EXAMEN DEFINITIVO<\/strong><br \/>\n<span style=\"font-weight: 400;\">Se compone de diferentes instancias (examen m\u00e9dico, aptitud f\u00edsica, entrevista personal, etc.), se rinde entre los meses de enero y febrero de 2023, en el que los candidatos se alojan en la EAM y se adaptan a la vida militar.<\/span>[\/vc_column_text][vc_empty_space height=\u00bb2em\u00bb][vc_row_inner][vc_column_inner width=\u00bb1\/3&#8243;][\/vc_column_inner][vc_column_inner width=\u00bb1\/3&#8243;]<figure class=\"sc_image  sc_image_shape_square\"><img decoding=\"async\" src=\"http:\/\/www.eam.iua.edu.ar\/eam\/wp-content\/uploads\/2022\/08\/QR-tutoriales-eam.webp\" alt=\"\" \/><\/figure>[\/vc_column_inner][vc_column_inner width=\u00bb1\/3&#8243;][\/vc_column_inner][\/vc_row_inner][vc_empty_space height=\u00bb2em\u00bb][\/vc_column][\/vc_row][vc_row][\/vc_row][vc_column][vc_column_text]<b>+Info:<\/b><\/p>\n<ul>\n<li><span style=\"font-weight: 400;\">Visit\u00e1 <\/span><a href=\"http:\/\/www.eam.iua.edu.ar\/\"><span style=\"font-weight: 400;\">www.eam.iua.edu.ar<\/span><\/a><span style=\"font-weight: 400;\">\u00a0<\/span><\/li>\n<li><span style=\"font-weight: 400;\">Seguinos <\/span><span style=\"font-weight: 400;\">en las <\/span><a href=\"http:\/\/www.eam.iua.edu.ar\/eam\/contacto\/\"><span style=\"font-weight: 400;\">redes sociales<\/span><\/a><span style=\"font-weight: 400;\">\u00a0<\/span><\/li>\n<li><span style=\"font-weight: 400;\">Escribinos a <\/span><a href=\"mailto:incorporacion@eam.iua.edu.ar\"><span style=\"font-weight: 400;\">incorporacion@eam.iua.edu.ar<\/span><\/a><\/li>\n<\/ul>\n<p>[\/vc_column_text][vc_empty_space height=\u00bb2em\u00bb][\/vc_column]<\/p>\n","protected":false},"excerpt":{"rendered":"<p>[vc_row][vc_column][\/vc_column][\/vc_row][vc_row][vc_column][vc_column_text]Desde el 10 de agosto se encuentra abierta la inscripci\u00f3n a la Carrera de Oficial de la Fuerza A\u00e9rea Argentina. Los Cadetes de la Escuela de Aviaci\u00f3n Militar reciben una\u00a0formaci\u00f3n integral: educaci\u00f3n de\u00a0nivel universitario,\u00a0instrucci\u00f3n militar\u00a0y el entrenamiento f\u00edsico que una capacitaci\u00f3n de estas caracter\u00edsticas requiere.[\/vc_column_text][vc_empty_space height=\u00bb2em\u00bb][vc_empty_space height=\u00bb2em\u00bb][\/vc_column][\/vc_row][vc_row][vc_column][vc_column_text] Cursado de la Carrera Durante cuatro a\u00f1os bajo [&hellip;]<\/p>\n","protected":false},"author":1,"featured_media":12080,"comment_status":"closed","ping_status":"closed","sticky":false,"template":"","format":"standard","meta":{"_joinchat":[],"footnotes":""},"categories":[2995],"tags":[3046,95,660,3045,1259,3070,3071,3047],"class_list":["post-12060","post","type-post","status-publish","format-standard","has-post-thumbnail","hentry","category-noticias-2","tag-carrera-de-oficial","tag-eam","tag-faa","tag-forjando-lideres","tag-fuerza-aerea-argentina","tag-incorporacion-2023","tag-ingreso-eam-2023","tag-te-estamos-esperando"],"_links":{"self":[{"href":"http:\/\/www.eam.iua.edu.ar\/eam\/wp-json\/wp\/v2\/posts\/12060","targetHints":{"allow":["GET"]}}],"collection":[{"href":"http:\/\/www.eam.iua.edu.ar\/eam\/wp-json\/wp\/v2\/posts"}],"about":[{"href":"http:\/\/www.eam.iua.edu.ar\/eam\/wp-json\/wp\/v2\/types\/post"}],"author":[{"embeddable":true,"href":"http:\/\/www.eam.iua.edu.ar\/eam\/wp-json\/wp\/v2\/users\/1"}],"replies":[{"embeddable":true,"href":"http:\/\/www.eam.iua.edu.ar\/eam\/wp-json\/wp\/v2\/comments?post=12060"}],"version-history":[{"count":37,"href":"http:\/\/www.eam.iua.edu.ar\/eam\/wp-json\/wp\/v2\/posts\/12060\/revisions"}],"predecessor-version":[{"id":12127,"href":"http:\/\/www.eam.iua.edu.ar\/eam\/wp-json\/wp\/v2\/posts\/12060\/revisions\/12127"}],"wp:featuredmedia":[{"embeddable":true,"href":"http:\/\/www.eam.iua.edu.ar\/eam\/wp-json\/wp\/v2\/media\/12080"}],"wp:attachment":[{"href":"http:\/\/www.eam.iua.edu.ar\/eam\/wp-json\/wp\/v2\/media?parent=12060"}],"wp:term":[{"taxonomy":"category","embeddable":true,"href":"http:\/\/www.eam.iua.edu.ar\/eam\/wp-json\/wp\/v2\/categories?post=12060"},{"taxonomy":"post_tag","embeddable":true,"href":"http:\/\/www.eam.iua.edu.ar\/eam\/wp-json\/wp\/v2\/tags?post=12060"}],"curies":[{"name":"wp","href":"https:\/\/api.w.org\/{rel}","templated":true}]}}