{"id":12137,"date":"2022-09-14T13:30:43","date_gmt":"2022-09-14T16:30:43","guid":{"rendered":"http:\/\/www.eam.iua.edu.ar\/eam\/?p=12137"},"modified":"2022-09-14T14:54:33","modified_gmt":"2022-09-14T17:54:33","slug":"bodas-de-oro-de-la-promocion-xli","status":"publish","type":"post","link":"http:\/\/www.eam.iua.edu.ar\/eam\/bodas-de-oro-de-la-promocion-xli\/","title":{"rendered":"Bodas de Oro de la Promoci\u00f3n XLI"},"content":{"rendered":"<p>[vc_row][vc_column][vc_column_text el_class=\u00bbpublicaciones\u00bb]Como es tradici\u00f3n en la <a href=\"http:\/\/www.eam.iua.edu.ar\/eam\/mision-y-autoridades\/\" target=\"_blank\" rel=\"noopener\">Escuela de Aviaci\u00f3n Militar<\/a>, cada una de las promociones que se han egresado del Instituto celebra, seg\u00fan corresponda, sus Bodas de Plata o Bodas de Oro. En esta ocasi\u00f3n, la Promoci\u00f3n XLI se reuni\u00f3 para conmemorar 50 a\u00f1os de su ingreso a la E.A.M.<\/p>\n<p>Los integrantes de la Promoci\u00f3n XLI fueron recibidos el pasado viernes 9 de septiembre por el Director de la Escuela de Aviaci\u00f3n Militar, Comodoro Mayor D. Marcelo Jos\u00e9 MONETTO, quien les dio una c\u00e1lida bienvenida a los oficiales y sus familiares. Luego, todos los invitados realizaron una recorrida por las instalaciones del Instituto recordando su paso por cada uno de los lugares y rememorando an\u00e9cdotas vividas hace 50 a\u00f1os atr\u00e1s.<\/p>\n<p>Para culminar tan emotivo momento, se llev\u00f3 a cabo una ceremonia alusiva a las Bodas de Oro de la Promoci\u00f3n XLI y tambi\u00e9n se realiz\u00f3 el ascenso a Suboficiales Cadetes y Cadetes de IV a\u00f1o. Durante la ceremonia se entreg\u00f3 la Declaraci\u00f3n de Hu\u00e9spedes de Honor a los integrantes de la Promoci\u00f3n y a sus familiares y tambi\u00e9n se coloc\u00f3 una ofrenda floral en memoria del personal militar fallecido de la Promoci\u00f3n.<\/p>\n<p>El Brigadier General \u201cVGM\u201d (R) Mario Miguel CALLEJO, fue quien pronunci\u00f3 un sentido discurso, destacando a tres integrantes de la promoci\u00f3n que fallecieron en la Guerra de Malvinas: Capit\u00e1n D. Jos\u00e9 Le\u00f3nidas ARDILES, Capit\u00e1n D. Omar Jes\u00fas CASTILLO y Capit\u00e1n D. Danilo Rub\u00e9n BOLZ\u00c1N.<br \/>\n<strong>\u201cPor encima de los acontecimientos y de los destinos que signaron nuestra carrera profesional, sin ninguna duda la Guerra de Malvinas fue el hito que definitivamente marc\u00f3 un antes y un despu\u00e9s para todos nosotros. La promoci\u00f3n XLI es una de las 29 promociones que participaron y estuvieron directamente involucradas y comprometidas en esa her\u00f3ica Gesta\u201d.<\/strong><\/p>\n<p>Al finalizar la ceremonia, los invitados compartieron un c\u00e1lido \u00e1gape en el casino del <a href=\"http:\/\/www.eam.iua.edu.ar\/eam\/cuerpo-de-cadetes\/\" target=\"_blank\" rel=\"noopener\">Cuerpo de Cadetes<\/a>, lugar que est\u00e1 lleno de recuerdos imborrables en la memoria de cada uno de los presentes.[\/vc_column_text][\/vc_column][\/vc_row][vc_row][vc_column][vc_text_separator title=\u00bbGaler\u00eda de im\u00e1genes\u00bb i_icon_fontawesome=\u00bbfas fa-camera\u00bb i_color=\u00bbcustom\u00bb color=\u00bborange\u00bb border_width=\u00bb2&#8243; add_icon=\u00bbtrue\u00bb i_custom_color=\u00bb#1e73be\u00bb][\/vc_column][\/vc_row][vc_row][vc_column][vc_gallery type=\u00bbimage_grid\u00bb images=\u00bb12147,12149,12148,12159,12150,12156,12151,12152,12154,12155,12157,12158,12160,12161,12162,12163,12164&#8243;][\/vc_column][\/vc_row]<\/p>\n","protected":false},"excerpt":{"rendered":"<p>Como es tradici\u00f3n en la Escuela de Aviaci\u00f3n Militar, cada una de las promociones que se han egresado del Instituto celebra, seg\u00fan corresponda, sus Bodas de Plata o Bodas de Oro. En esta ocasi\u00f3n, la Promoci\u00f3n XLI se reuni\u00f3 para conmemorar 50 a\u00f1os de su ingreso a la E.A.M.<\/p>\n","protected":false},"author":6,"featured_media":12165,"comment_status":"closed","ping_status":"closed","sticky":false,"template":"","format":"standard","meta":{"_joinchat":[],"footnotes":""},"categories":[2995],"tags":[98,1751,221,122,2429,121,95,1890,660,1259,2948,1235],"class_list":["post-12137","post","type-post","status-publish","format-standard","has-post-thumbnail","hentry","category-noticias-2","tag-actos","tag-bodas-de-oro","tag-cadetes","tag-ceremonias","tag-cordoba","tag-cuerpo-cadetes","tag-eam","tag-escuela-de-aviacion-militar","tag-faa","tag-fuerza-aerea-argentina","tag-oficiales","tag-vgm"],"_links":{"self":[{"href":"http:\/\/www.eam.iua.edu.ar\/eam\/wp-json\/wp\/v2\/posts\/12137","targetHints":{"allow":["GET"]}}],"collection":[{"href":"http:\/\/www.eam.iua.edu.ar\/eam\/wp-json\/wp\/v2\/posts"}],"about":[{"href":"http:\/\/www.eam.iua.edu.ar\/eam\/wp-json\/wp\/v2\/types\/post"}],"author":[{"embeddable":true,"href":"http:\/\/www.eam.iua.edu.ar\/eam\/wp-json\/wp\/v2\/users\/6"}],"replies":[{"embeddable":true,"href":"http:\/\/www.eam.iua.edu.ar\/eam\/wp-json\/wp\/v2\/comments?post=12137"}],"version-history":[{"count":11,"href":"http:\/\/www.eam.iua.edu.ar\/eam\/wp-json\/wp\/v2\/posts\/12137\/revisions"}],"predecessor-version":[{"id":12171,"href":"http:\/\/www.eam.iua.edu.ar\/eam\/wp-json\/wp\/v2\/posts\/12137\/revisions\/12171"}],"wp:featuredmedia":[{"embeddable":true,"href":"http:\/\/www.eam.iua.edu.ar\/eam\/wp-json\/wp\/v2\/media\/12165"}],"wp:attachment":[{"href":"http:\/\/www.eam.iua.edu.ar\/eam\/wp-json\/wp\/v2\/media?parent=12137"}],"wp:term":[{"taxonomy":"category","embeddable":true,"href":"http:\/\/www.eam.iua.edu.ar\/eam\/wp-json\/wp\/v2\/categories?post=12137"},{"taxonomy":"post_tag","embeddable":true,"href":"http:\/\/www.eam.iua.edu.ar\/eam\/wp-json\/wp\/v2\/tags?post=12137"}],"curies":[{"name":"wp","href":"https:\/\/api.w.org\/{rel}","templated":true}]}}