{"id":12480,"date":"2023-05-23T15:58:27","date_gmt":"2023-05-23T18:58:27","guid":{"rendered":"http:\/\/www.eam.iua.edu.ar\/eam\/?p=12480"},"modified":"2023-05-23T15:58:27","modified_gmt":"2023-05-23T18:58:27","slug":"convocatoria-cargo-de-jefe-de-trabajos-practicos-con-caracter-suplente-para-eam-division-alumnos-cuerpo-de-cadetes","status":"publish","type":"post","link":"http:\/\/www.eam.iua.edu.ar\/eam\/convocatoria-cargo-de-jefe-de-trabajos-practicos-con-caracter-suplente-para-eam-division-alumnos-cuerpo-de-cadetes\/","title":{"rendered":"Convocatoria Cargo de Jefe de Trabajos Pr\u00e1cticos con Car\u00e1cter Suplente Para EAM || Divisi\u00f3n Alumnos (Cuerpo de Cadetes)"},"content":{"rendered":"<p>[vc_row][vc_column][vc_column_text]<\/p>\n<p style=\"text-align: justify;\">[\/vc_column_text][\/vc_column][\/vc_row][vc_row][vc_column][vc_column_text css=\u00bb.vc_custom_1684868218844{padding-right: 2em !important;}\u00bb]<\/p>\n<p style=\"text-align: justify;\">Se lleva a conocimiento al p\u00fablico en general, que la Escuela de Aviaci\u00f3n Militar realizar\u00e1 una convocatoria para Selecci\u00f3n Docente para cubrir <strong>UN (01)<\/strong> cargo de<strong> Jefe de Trabajos Pr\u00e1cticos con car\u00e1cter Suplente para desempe\u00f1arse en \u00abDivisi\u00f3n Alumnos \u2013 Cuerpo de Cadetes<\/strong>\u00bb, Seg\u00fan el siguiente detalle:<\/p>\n<p><strong>\u2013 VEINTICINCO (25) horas semanales<\/strong>, horario de trabajo de lunes a viernes de 12 a 17 hs, con posibilidad de renovaci\u00f3n anual.[\/vc_column_text][vc_empty_space][vc_row_inner][vc_column_inner width=\u00bb1\/4&#8243;]<span class=\"sc_icon icon-calendar-light aligncenter\" style=\"font-size:2em; line-height: 1em;\"><\/span>[\/vc_column_inner][vc_column_inner width=\u00bb3\/4&#8243;][vc_column_text]<\/p>\n<p style=\"text-align: center;\"><strong>FECHA DE INSCRIPCI\u00d3N:<\/strong> <strong>29 MAY 23<\/strong> hasta el <strong>09 JUN 23<\/strong> de 09:00 a 13:00 hs, ambas fechas inclusive.<strong><br \/>\n<\/strong><\/p>\n<p>[\/vc_column_text][vc_empty_space][\/vc_column_inner][\/vc_row_inner][vc_row_inner][vc_column_inner width=\u00bb1\/4&#8243;]<span class=\"sc_icon icon-graduation-light aligncenter\" style=\"font-size:2em; line-height: 1em;\"><\/span>[\/vc_column_inner][vc_column_inner width=\u00bb3\/4&#8243;][vc_column_text]<\/p>\n<p style=\"text-align: justify;\"><b>PERFIL:<\/b>DEBER\u00c1 ACREDITAR COMO M\u00cdNIMO T\u00cdTULO TERCIARIO COMPLETO Y ADEM\u00c1S SE VALORAR\u00c1N LOS SIGUIENTES T\u00cdTULOS DE NIVEL SUPERIOR Y\/O UNIVERSITARIO:<b><br \/>\n&#8211;\u00a0\u00a0\u00a0\u00a0\u00a0\u00a0\u00a0\u00a0\u00a0 <\/b>Recursos Humanos<br \/>\n&#8211;\u00a0\u00a0\u00a0\u00a0\u00a0\u00a0\u00a0\u00a0\u00a0 Administraci\u00f3n<\/p>\n<p>[\/vc_column_text][vc_empty_space][\/vc_column_inner][\/vc_row_inner][vc_row_inner][vc_column_inner width=\u00bb1\/4&#8243;]<span class=\"sc_icon icon-file-pdf aligncenter\" style=\"font-size:2em; line-height: 1em;\"><\/span>[\/vc_column_inner][vc_column_inner width=\u00bb3\/4&#8243;][vc_column_text]<\/p>\n<p style=\"text-align: center;\"><strong>DESCARGAR<\/strong>: <a href=\"http:\/\/www.eam.iua.edu.ar\/eam\/wp-content\/uploads\/2023\/05\/O.G-NRO-17-SELECCION-ADMINITRATIVO-CC.pdf\" target=\"_blank\" rel=\"noopener noreferrer\">BASES DE LA CONVOCATORIA<\/a><\/p>\n<p>[\/vc_column_text][vc_empty_space][\/vc_column_inner][\/vc_row_inner][vc_row_inner][vc_column_inner width=\u00bb1\/4&#8243;]<span class=\"sc_icon icon-location-light aligncenter\" style=\"font-size:2em; line-height: 1em;\"><\/span>[\/vc_column_inner][vc_column_inner width=\u00bb3\/4&#8243;][vc_column_text]<\/p>\n<p style=\"text-align: justify;\"><strong>LUGAR DE INSCRIPCI\u00d3N:<\/strong> Presencialmente en la Oficina<strong> \u00abDivisi\u00f3n Docentes\u00bb <\/strong>(ubicada en el Escuadr\u00f3n Estudios \u2013 Planta Alta) de la<strong> Escuela de Aviaci\u00f3n Militar.<br \/>\n<\/strong><strong>.<\/strong><\/p>\n<p>[\/vc_column_text][vc_empty_space][\/vc_column_inner][\/vc_row_inner][vc_row_inner][vc_column_inner width=\u00bb1\/4&#8243;]<span class=\"sc_icon icon-mail-light aligncenter\" style=\"font-size:2em; line-height: 1em;\"><\/span>[\/vc_column_inner][vc_column_inner width=\u00bb3\/4&#8243;][vc_column_text]<\/p>\n<p style=\"text-align: center;\"><strong>EMAIL:<\/strong> <a href=\"mailto:selecciondocente@eam.iua.edu.ar\">selecciondocente@eam.iua.edu.ar<\/a><\/p>\n<p style=\"text-align: justify;\">[\/vc_column_text][vc_empty_space][\/vc_column_inner][\/vc_row_inner][vc_row_inner][vc_column_inner width=\u00bb1\/4&#8243;]<span class=\"sc_icon icon-mobile-light aligncenter\" style=\"font-size:2em; line-height: 1em;\"><\/span>[\/vc_column_inner][vc_column_inner width=\u00bb3\/4&#8243;][vc_column_text]<\/p>\n<p style=\"text-align: center;\">TEL\u00c9FONO: (+54) 4333 956 &#8211; interno: 37259<\/p>\n<p>[\/vc_column_text][vc_empty_space][\/vc_column_inner][\/vc_row_inner][vc_row_inner][vc_column_inner width=\u00bb1\/4&#8243;]<span class=\"sc_icon icon-clock-empty aligncenter\" style=\"font-size:2em; line-height: 1em;\"><\/span>[\/vc_column_inner][vc_column_inner width=\u00bb3\/4&#8243;][vc_column_text]<\/p>\n<p style=\"text-align: center;\"><strong>HORARIO DE INSCRIPCI\u00d3N:<\/strong> 9:00 hs a 13:00hs.<\/p>\n<p style=\"text-align: justify;\">[\/vc_column_text][vc_empty_space][\/vc_column_inner][\/vc_row_inner][\/vc_column][\/vc_row][vc_row][vc_column][vc_empty_space][vc_empty_space][\/vc_column][\/vc_row][vc_row][vc_column][\/vc_column][\/vc_row][vc_row][vc_column][vc_column_text]<\/p>\n<p>[\/vc_column_text][\/vc_column][\/vc_row]<\/p>\n","protected":false},"excerpt":{"rendered":"<p>[vc_row][vc_column][vc_column_text][\/vc_column_text][\/vc_column][\/vc_row][vc_row][vc_column][vc_column_text css=\u00bb.vc_custom_1684868218844{padding-right: 2em !important;}\u00bb] Se lleva a conocimiento al p\u00fablico en general, que la Escuela de Aviaci\u00f3n Militar realizar\u00e1 una convocatoria para Selecci\u00f3n Docente para cubrir UN (01) cargo de Jefe de Trabajos Pr\u00e1cticos con car\u00e1cter Suplente para desempe\u00f1arse en \u00abDivisi\u00f3n Alumnos \u2013 Cuerpo de Cadetes\u00bb, Seg\u00fan el siguiente detalle: \u2013 VEINTICINCO (25) horas [&hellip;]<\/p>\n","protected":false},"author":1,"featured_media":12536,"comment_status":"closed","ping_status":"closed","sticky":false,"template":"","format":"standard","meta":{"_joinchat":[],"footnotes":""},"categories":[2995],"tags":[3084,121,95,874,1890,1259,123,107],"class_list":["post-12480","post","type-post","status-publish","format-standard","has-post-thumbnail","hentry","category-noticias-2","tag-administrativo","tag-cuerpo-cadetes","tag-eam","tag-escuela-de-aviacion","tag-escuela-de-aviacion-militar","tag-fuerza-aerea-argentina","tag-profesores","tag-seleccion-docente"],"_links":{"self":[{"href":"http:\/\/www.eam.iua.edu.ar\/eam\/wp-json\/wp\/v2\/posts\/12480","targetHints":{"allow":["GET"]}}],"collection":[{"href":"http:\/\/www.eam.iua.edu.ar\/eam\/wp-json\/wp\/v2\/posts"}],"about":[{"href":"http:\/\/www.eam.iua.edu.ar\/eam\/wp-json\/wp\/v2\/types\/post"}],"author":[{"embeddable":true,"href":"http:\/\/www.eam.iua.edu.ar\/eam\/wp-json\/wp\/v2\/users\/1"}],"replies":[{"embeddable":true,"href":"http:\/\/www.eam.iua.edu.ar\/eam\/wp-json\/wp\/v2\/comments?post=12480"}],"version-history":[{"count":4,"href":"http:\/\/www.eam.iua.edu.ar\/eam\/wp-json\/wp\/v2\/posts\/12480\/revisions"}],"predecessor-version":[{"id":12537,"href":"http:\/\/www.eam.iua.edu.ar\/eam\/wp-json\/wp\/v2\/posts\/12480\/revisions\/12537"}],"wp:featuredmedia":[{"embeddable":true,"href":"http:\/\/www.eam.iua.edu.ar\/eam\/wp-json\/wp\/v2\/media\/12536"}],"wp:attachment":[{"href":"http:\/\/www.eam.iua.edu.ar\/eam\/wp-json\/wp\/v2\/media?parent=12480"}],"wp:term":[{"taxonomy":"category","embeddable":true,"href":"http:\/\/www.eam.iua.edu.ar\/eam\/wp-json\/wp\/v2\/categories?post=12480"},{"taxonomy":"post_tag","embeddable":true,"href":"http:\/\/www.eam.iua.edu.ar\/eam\/wp-json\/wp\/v2\/tags?post=12480"}],"curies":[{"name":"wp","href":"https:\/\/api.w.org\/{rel}","templated":true}]}}