{"id":12667,"date":"2023-06-21T11:20:09","date_gmt":"2023-06-21T14:20:09","guid":{"rendered":"http:\/\/www.eam.iua.edu.ar\/eam\/?p=12667"},"modified":"2023-06-21T11:20:09","modified_gmt":"2023-06-21T14:20:09","slug":"jurais-a-la-patria-seguir-constantemente-su-bandera-y-defenderla-hasta-perder-la-vida-si-juro","status":"publish","type":"post","link":"http:\/\/www.eam.iua.edu.ar\/eam\/jurais-a-la-patria-seguir-constantemente-su-bandera-y-defenderla-hasta-perder-la-vida-si-juro\/","title":{"rendered":"Jura\u00eds a la Patria, seguir constantemente su Bandera y defenderla hasta perder la Vida: \u00a1SI, JURO!"},"content":{"rendered":"<p>[vc_row][vc_column]<figure class=\"sc_image  sc_image_shape_square\"><img decoding=\"async\" src=\"http:\/\/www.eam.iua.edu.ar\/eam\/wp-content\/uploads\/2023\/06\/DSC0086.jpg\" alt=\"\" \/><\/figure>[\/vc_column][\/vc_row][vc_row][vc_column][vc_empty_space height=\u00bb20px\u00bb][\/vc_column][\/vc_row][vc_row][vc_column][vc_column_text]<\/p>\n<p align=\"justify\">Cadetes de la Escuela de Aviaci\u00f3n Militar, Aspirantes de la Escuela de Suboficiales de la Fuerza A\u00e9rea, Cadetes de 6to a\u00f1o del Liceo Aeron\u00e1utico Militar y Soldados Voluntarios realizaron hoy, 20 de junio, el juramento de fidelidad a nuestra Bandera Nacional. La #EAM fue el lugar elegido para realizar la tradicional ceremonia, en la cual 669 j\u00f3venes pertenecientes a la Fuerza A\u00e9rea Argentina realizaron el compromiso de fidelidad a nuestro Emblema Nacional.<\/p>\n<p align=\"justify\">La ceremonia fue presidida por el Director General de Educaci\u00f3n, Brigadier D. Marcelo GUERRERO, quien estuvo acompa\u00f1ado por los Directores de los Institutos de Formaci\u00f3n de la Fuerza A\u00e9rea; el Jefe de la Guarnici\u00f3n A\u00e9rea C\u00f3rdoba y Director de la Escuela de Aviaci\u00f3n Militar, Brigadier D. Marcelo Jos\u00e9 MONETTO, el Director de la Escuela de Suboficiales de la #FAA, Comodoro D. V\u00edctor Antonio P\u00c9REZ ESPA\u00d1\u00d3N y el Director del Liceo Aeron\u00e1utico Militar, Comodoro D. Daniel CLEMENTZ. Adem\u00e1s se hicieron presentes en esta ocasi\u00f3n destacadas autoridades de las Fuerzas Armadas y Fuerzas de Seguridad, Veteranos de la Guerra de Malvinas, como as\u00ed tambi\u00e9n Personal Militar Superior, Subalterno, Civil, Docente Civil e invitados especiales.<br \/>\nCabe destacar que cientos de familiares del personal que realiz\u00f3 el juramento se acercaron para acompa\u00f1ar a sus seres queridos en este d\u00eda tan especial.<\/p>\n<p align=\"justify\">El momento m\u00e1s emotivo de la ceremonia se vivi\u00f3 cuando el Brigadier GUERRERO tom\u00f3 juramento al Personal formado. Antes de pronunciar la f\u00f3rmula de rigor, se dirigi\u00f3 a los j\u00f3venes destacando la significativa importancia del compromiso que estaban por asumir.<\/p>\n<p align=\"justify\"><strong><em>\u00a0<\/em><em>\u201cUstedes, j\u00f3venes de la Fuerza A\u00e9rea Argentina, son el valor m\u00e1s grande que nosotros tenemos. Por eso hoy, frente a la tropa formada, frente a sus Jefes, frente a sus compa\u00f1eros, pero fundamentalmente frente a la bandera que flame\u00f3 en Malvinas y que fue testigo de las proezas y de la heroicidad de nuestros hombres y nuestras mujeres. Frente a aquellos que volvieron y nos dan el ejemplo d\u00eda a d\u00eda como Veteranos de Guerra, de lo que se debe ser y hasta d\u00f3nde hay que llegar. Frente a ellos hoy ustedes se van a comprometer y van a ser dignos hombres y mujeres de la Fuerza A\u00e9rea Argentina, pero fundamentalmente dignos ARGENTINOS.\u201d<\/em><\/strong><\/p>\n<p align=\"justify\">Sus palabras siguieron con profunda emoci\u00f3n: <strong><em>\u201cSean dignos herederos de aquellos que un d\u00eda como hoy, hace tiempo, juraron la bandera y entregaron su sangre para que hoy nosotros podamos estar ac\u00e1 en libertad, haciendo lo mismo, jurando\u201d.<\/em><\/strong><\/p>\n<p align=\"justify\">Luego, tom\u00f3 ubicaci\u00f3n frente a la formaci\u00f3n y expres\u00f3:<\/p>\n<p>[\/vc_column_text][\/vc_column][\/vc_row][vc_row][vc_column][vc_empty_space height=\u00bb18px\u00bb][\/vc_column][\/vc_row][vc_row][vc_column]<blockquote class=\"sc_quote\"><p>Cadetes, Aspirantes y Soldados de la Fuerza A\u00e9rea Argentina: \u00bfJur\u00e1is a la Patria, seguir constantemente su Bandera y defenderla hasta perder la Vida?<\/p><\/blockquote>[\/vc_column][\/vc_row][vc_row][vc_column][vc_column_text]<\/p>\n<p align=\"justify\">Un <strong>\u00a1SI, JURO!<\/strong> en\u00e9rgico y a viva voz reson\u00f3 a lo largo de la formaci\u00f3n, llenando de orgullo a todos los presentes.<\/p>\n<p align=\"justify\">La ceremonia continu\u00f3 con la rendici\u00f3n de honores de todo el personal que realiz\u00f3 la jura hacia las Banderas Nacionales de cada Instituto de Formaci\u00f3n ubicadas delante del palco de autoridades. Cabe destacar que entre esas banderas se encontraba la Bandera Nacional que flame\u00f3 en las Islas Malvinas durante la Gesta del Atl\u00e1ntico Sur. Esta gloriosa bandera representa a aquellos que ofrecieron su vida por defender a la Patria y es ante ella que el Juramento toma un significado especial y trascendental.<\/p>\n<p align=\"justify\">Para finalizar una ceremonia tan especial, todo el Personal Militar de la formaci\u00f3n desfil\u00f3 con orgullo frente a las autoridades y familiares presentes, entonando con fervor la marcha Alas Argentinas.<\/p>\n<p>[\/vc_column_text][\/vc_column][\/vc_row][vc_row][vc_column][vc_empty_space height=\u00bb25px\u00bb][\/vc_column][\/vc_row][vc_row][vc_column][vc_gallery type=\u00bbimage_grid\u00bb images=\u00bb12679,12668,12683,12680,12682,12681,12670,12671,12677,12672,12673,12674,12676,12675,12669&#8243;][\/vc_column][\/vc_row]<\/p>\n","protected":false},"excerpt":{"rendered":"<p>Cadetes de la Escuela de Aviaci\u00f3n Militar, Aspirantes de la Escuela de Suboficiales de la Fuerza A\u00e9rea, Cadetes de 6to a\u00f1o del Liceo Aeron\u00e1utico Militar y Soldados Voluntarios realizaron hoy, 20 de junio, el juramento de fidelidad a nuestra Bandera Nacional. <\/p>\n","protected":false},"author":5,"featured_media":12678,"comment_status":"closed","ping_status":"closed","sticky":false,"template":"","format":"standard","meta":{"_joinchat":[],"footnotes":""},"categories":[2995],"tags":[221,2945,121,95,874,1890,660,1259,3088],"class_list":["post-12667","post","type-post","status-publish","format-standard","has-post-thumbnail","hentry","category-noticias-2","tag-cadetes","tag-ceremonia","tag-cuerpo-cadetes","tag-eam","tag-escuela-de-aviacion","tag-escuela-de-aviacion-militar","tag-faa","tag-fuerza-aerea-argentina","tag-jura-de-la-bandera"],"_links":{"self":[{"href":"http:\/\/www.eam.iua.edu.ar\/eam\/wp-json\/wp\/v2\/posts\/12667","targetHints":{"allow":["GET"]}}],"collection":[{"href":"http:\/\/www.eam.iua.edu.ar\/eam\/wp-json\/wp\/v2\/posts"}],"about":[{"href":"http:\/\/www.eam.iua.edu.ar\/eam\/wp-json\/wp\/v2\/types\/post"}],"author":[{"embeddable":true,"href":"http:\/\/www.eam.iua.edu.ar\/eam\/wp-json\/wp\/v2\/users\/5"}],"replies":[{"embeddable":true,"href":"http:\/\/www.eam.iua.edu.ar\/eam\/wp-json\/wp\/v2\/comments?post=12667"}],"version-history":[{"count":2,"href":"http:\/\/www.eam.iua.edu.ar\/eam\/wp-json\/wp\/v2\/posts\/12667\/revisions"}],"predecessor-version":[{"id":12685,"href":"http:\/\/www.eam.iua.edu.ar\/eam\/wp-json\/wp\/v2\/posts\/12667\/revisions\/12685"}],"wp:featuredmedia":[{"embeddable":true,"href":"http:\/\/www.eam.iua.edu.ar\/eam\/wp-json\/wp\/v2\/media\/12678"}],"wp:attachment":[{"href":"http:\/\/www.eam.iua.edu.ar\/eam\/wp-json\/wp\/v2\/media?parent=12667"}],"wp:term":[{"taxonomy":"category","embeddable":true,"href":"http:\/\/www.eam.iua.edu.ar\/eam\/wp-json\/wp\/v2\/categories?post=12667"},{"taxonomy":"post_tag","embeddable":true,"href":"http:\/\/www.eam.iua.edu.ar\/eam\/wp-json\/wp\/v2\/tags?post=12667"}],"curies":[{"name":"wp","href":"https:\/\/api.w.org\/{rel}","templated":true}]}}