{"id":12712,"date":"2023-07-06T22:28:45","date_gmt":"2023-07-07T01:28:45","guid":{"rendered":"http:\/\/www.eam.iua.edu.ar\/eam\/?p=12712"},"modified":"2023-07-07T08:47:50","modified_gmt":"2023-07-07T11:47:50","slug":"festejos-por-el-450-anievrsario-de-la-ciudad-de-cordoba","status":"publish","type":"post","link":"http:\/\/www.eam.iua.edu.ar\/eam\/festejos-por-el-450-anievrsario-de-la-ciudad-de-cordoba\/","title":{"rendered":"Festejos por el 450\u00b0 Aniversario de la ciudad de C\u00f3rdoba"},"content":{"rendered":"<p>[vc_row][vc_column]<figure class=\"sc_image  sc_image_shape_square\"><img decoding=\"async\" src=\"http:\/\/www.eam.iua.edu.ar\/eam\/wp-content\/uploads\/2023\/07\/DSC0193.jpg\" alt=\"\" \/><\/figure>[\/vc_column][\/vc_row][vc_row][vc_column][vc_empty_space height=\u00bb25px\u00bb][\/vc_column][\/vc_row][vc_row][vc_column][vc_column_text]<\/p>\n<p align=\"justify\">La Escuela de Aviaci\u00f3n Militar particip\u00f3 de los festejos por un nuevo aniversario de la fundaci\u00f3n de la ciudad de C\u00f3rdoba.<br \/>\nEl Jefe de la Guarnici\u00f3n A\u00e9rea C\u00f3rdoba y Director de la Escuela de Aviaci\u00f3n Militar, Brigadier D. Marcelo Jos\u00e9 MONETTO particip\u00f3 de la celebraci\u00f3n junto al Intendente de la Ciudad, D. Mart\u00edn LLARYORA y destacadas autoridades locales, provinciales, como as\u00ed tambi\u00e9n Personal Militar de las Fuerzas Armadas y de Seguridad.<\/p>\n<p align=\"justify\">La celebraci\u00f3n protocolar se llev\u00f3 a cabo en la Plaza San Mart\u00edn y en la Plazoleta del Fundador. En ambos lugares las autoridades presentes rindieron homenaje al fundador de la ciudad con el izamiento del Pabell\u00f3n Nacional, la entonaci\u00f3n del Himno Nacional Argentino y la colocaci\u00f3n de una ofrenda floral al pie del monumento a Jer\u00f3nimo Luis de Cabrera, quien hace 450 a\u00f1os fund\u00f3 la ciudad de C\u00f3rdoba.<\/p>\n<p align=\"justify\">El momento destacado de la celebraci\u00f3n fue el desfile c\u00edvico militar que se realiz\u00f3 por las calles c\u00e9ntricas, donde m\u00e1s de 2000 efectivos de las Fuerzas Armadas y Fuerzas de Seguridad provincial marcharon con paso firme frente a las autoridades y p\u00fablico presente.<br \/>\nEl desfile inici\u00f3 con la tradicional Revista de Tropa, donde el Intendente de la ciudad y el General de Brigada Carlos Alberto PRESTI hicieron su paso ante los efectivos formados de las diversas Fuerzas Armadas y de Seguridad y las delegaciones civiles presentes.<\/p>\n<p>La Escuela de Aviaci\u00f3n Militar fue el primer Instituto de las Fuerzas Armadas en rendir homenaje a las autoridades presentes en el palco. Abanderado y escoltas de la Instituci\u00f3n encabezaron la marcha seguidos por una secci\u00f3n de cadetes, quienes desfilaron con la prestancia que los caracteriza, de\u00a0 dejando de manifiesto al p\u00fablico presente la formaci\u00f3n que reciben en la #EAM.<\/p>\n<p align=\"justify\">La Banda Militar de M\u00fasica \u201cBautismo de Fuego\u201d tambi\u00e9n se hizo presente del multitudinario festejo, que en conjunto con numerosas Bandas Militares provinciales dieron un marco especial y patri\u00f3tico a tan emotiva celebraci\u00f3n.<\/p>\n<p>[\/vc_column_text][\/vc_column][\/vc_row][vc_row][vc_column][vc_empty_space][\/vc_column][\/vc_row][vc_row][vc_column][vc_gallery type=\u00bbimage_grid\u00bb images=\u00bb12713,12726,12714,12715,12716,12717,12727,12718,12720,12721,12719,12722,12723,12724,12728,12729,12730,12731,12725&#8243;][\/vc_column][\/vc_row]<\/p>\n","protected":false},"excerpt":{"rendered":"<p>[vc_row][vc_column][\/vc_column][\/vc_row][vc_row][vc_column][vc_empty_space height=\u00bb25px\u00bb][\/vc_column][\/vc_row][vc_row][vc_column][vc_column_text] La Escuela de Aviaci\u00f3n Militar particip\u00f3 de los festejos por un nuevo aniversario de la fundaci\u00f3n de la ciudad de C\u00f3rdoba. El Jefe de la Guarnici\u00f3n A\u00e9rea C\u00f3rdoba y Director de la Escuela de Aviaci\u00f3n Militar, Brigadier D. Marcelo Jos\u00e9 MONETTO particip\u00f3 de la celebraci\u00f3n junto al Intendente de la Ciudad, D. Mart\u00edn [&hellip;]<\/p>\n","protected":false},"author":5,"featured_media":12720,"comment_status":"closed","ping_status":"closed","sticky":false,"template":"","format":"standard","meta":{"_joinchat":[],"footnotes":""},"categories":[2995],"tags":[],"class_list":["post-12712","post","type-post","status-publish","format-standard","has-post-thumbnail","hentry","category-noticias-2"],"_links":{"self":[{"href":"http:\/\/www.eam.iua.edu.ar\/eam\/wp-json\/wp\/v2\/posts\/12712","targetHints":{"allow":["GET"]}}],"collection":[{"href":"http:\/\/www.eam.iua.edu.ar\/eam\/wp-json\/wp\/v2\/posts"}],"about":[{"href":"http:\/\/www.eam.iua.edu.ar\/eam\/wp-json\/wp\/v2\/types\/post"}],"author":[{"embeddable":true,"href":"http:\/\/www.eam.iua.edu.ar\/eam\/wp-json\/wp\/v2\/users\/5"}],"replies":[{"embeddable":true,"href":"http:\/\/www.eam.iua.edu.ar\/eam\/wp-json\/wp\/v2\/comments?post=12712"}],"version-history":[{"count":4,"href":"http:\/\/www.eam.iua.edu.ar\/eam\/wp-json\/wp\/v2\/posts\/12712\/revisions"}],"predecessor-version":[{"id":12735,"href":"http:\/\/www.eam.iua.edu.ar\/eam\/wp-json\/wp\/v2\/posts\/12712\/revisions\/12735"}],"wp:featuredmedia":[{"embeddable":true,"href":"http:\/\/www.eam.iua.edu.ar\/eam\/wp-json\/wp\/v2\/media\/12720"}],"wp:attachment":[{"href":"http:\/\/www.eam.iua.edu.ar\/eam\/wp-json\/wp\/v2\/media?parent=12712"}],"wp:term":[{"taxonomy":"category","embeddable":true,"href":"http:\/\/www.eam.iua.edu.ar\/eam\/wp-json\/wp\/v2\/categories?post=12712"},{"taxonomy":"post_tag","embeddable":true,"href":"http:\/\/www.eam.iua.edu.ar\/eam\/wp-json\/wp\/v2\/tags?post=12712"}],"curies":[{"name":"wp","href":"https:\/\/api.w.org\/{rel}","templated":true}]}}