{"id":12937,"date":"2023-08-04T10:19:13","date_gmt":"2023-08-04T13:19:13","guid":{"rendered":"http:\/\/www.eam.iua.edu.ar\/eam\/?p=12937"},"modified":"2023-08-04T10:19:13","modified_gmt":"2023-08-04T13:19:13","slug":"visita-de-la-fuerza-aerea-de-uruguay-a-la-escuela-de-aviacion-militar","status":"publish","type":"post","link":"http:\/\/www.eam.iua.edu.ar\/eam\/visita-de-la-fuerza-aerea-de-uruguay-a-la-escuela-de-aviacion-militar\/","title":{"rendered":"Visita de la Fuerza A\u00e9rea de Uruguay a la Escuela de Aviaci\u00f3n Militar"},"content":{"rendered":"<p>[vc_row][vc_column][vc_column_text]<span class=\"fontstyle0\">En el marco de una visita protocolar a la Guarnici\u00f3n A\u00e9rea C\u00f3rdoba, personal de la Fuerza A\u00e9rea del Uruguay recorri\u00f3 las instalaciones de la Escuela de Aviaci\u00f3n Militar.<\/span><\/p>\n<p><span class=\"fontstyle0\">El Director del Instituto, Brigadier D. Marcelo Jos\u00e9 MONETTO junto a los Jefes de Grupo, recibieron a la delegaci\u00f3n integrada por el Comandante del Comando A\u00e9reo de Personal, Brigadier General (Av.) Juan M\u00c9NDEZ; el Jefe del Estado Mayor del Comando A\u00e9reo de Personal, Coronel (Av.) Nelson SILVA; el Director de la Escuela Militar de Aeron\u00e1utica, Coronel (Av.) Juan PEREYRA; el Director de la Escuela T\u00e9cnica de Aeron\u00e1utica, Coronel (Av.) Eduardo SASSON y el Director de la Direcci\u00f3n de Educaci\u00f3n, Teniente Coronel (Av.) Daniel CERVANTES.<br \/>\n<\/span><\/p>\n<p><span class=\"fontstyle0\">La visita incluy\u00f3 un recorrido por las instalaciones del Grupo A\u00e9reo Escuela, el Grupo T\u00e9cnico Escuela y el edificio del Cuerpo de Cadetes. All\u00ed, se detuvieron para conocer la Sala de Honor y la Sala de Malvinas, lugares ic\u00f3nicos dentro de nuestro Instituto que muestran tanto la historia de la Aeron\u00e1utica Argentina y como tambi\u00e9n lo vivido por el Personal de la Fuerza A\u00e9rea Argentina\u00a0durante el Conflicto por las Islas del Atl\u00e1ntico Sur.<\/span>[\/vc_column_text][\/vc_column][\/vc_row][vc_row][vc_column][vc_empty_space][\/vc_column][\/vc_row][vc_row][vc_column][vc_gallery type=\u00bbimage_grid\u00bb images=\u00bb12939,12947,12940,12941,12938,12942,12943,12944,12945,12946&#8243;][\/vc_column][\/vc_row]<\/p>\n","protected":false},"excerpt":{"rendered":"<p>[vc_row][vc_column][vc_column_text]En el marco de una visita protocolar a la Guarnici\u00f3n A\u00e9rea C\u00f3rdoba, personal de la Fuerza A\u00e9rea del Uruguay recorri\u00f3 las instalaciones de la Escuela de Aviaci\u00f3n Militar. El Director del Instituto, Brigadier D. Marcelo Jos\u00e9 MONETTO junto a los Jefes de Grupo, recibieron a la delegaci\u00f3n integrada por el Comandante del Comando A\u00e9reo de [&hellip;]<\/p>\n","protected":false},"author":5,"featured_media":12939,"comment_status":"closed","ping_status":"closed","sticky":false,"template":"","format":"standard","meta":{"_joinchat":[],"footnotes":""},"categories":[2995],"tags":[],"class_list":["post-12937","post","type-post","status-publish","format-standard","has-post-thumbnail","hentry","category-noticias-2"],"_links":{"self":[{"href":"http:\/\/www.eam.iua.edu.ar\/eam\/wp-json\/wp\/v2\/posts\/12937","targetHints":{"allow":["GET"]}}],"collection":[{"href":"http:\/\/www.eam.iua.edu.ar\/eam\/wp-json\/wp\/v2\/posts"}],"about":[{"href":"http:\/\/www.eam.iua.edu.ar\/eam\/wp-json\/wp\/v2\/types\/post"}],"author":[{"embeddable":true,"href":"http:\/\/www.eam.iua.edu.ar\/eam\/wp-json\/wp\/v2\/users\/5"}],"replies":[{"embeddable":true,"href":"http:\/\/www.eam.iua.edu.ar\/eam\/wp-json\/wp\/v2\/comments?post=12937"}],"version-history":[{"count":1,"href":"http:\/\/www.eam.iua.edu.ar\/eam\/wp-json\/wp\/v2\/posts\/12937\/revisions"}],"predecessor-version":[{"id":12948,"href":"http:\/\/www.eam.iua.edu.ar\/eam\/wp-json\/wp\/v2\/posts\/12937\/revisions\/12948"}],"wp:featuredmedia":[{"embeddable":true,"href":"http:\/\/www.eam.iua.edu.ar\/eam\/wp-json\/wp\/v2\/media\/12939"}],"wp:attachment":[{"href":"http:\/\/www.eam.iua.edu.ar\/eam\/wp-json\/wp\/v2\/media?parent=12937"}],"wp:term":[{"taxonomy":"category","embeddable":true,"href":"http:\/\/www.eam.iua.edu.ar\/eam\/wp-json\/wp\/v2\/categories?post=12937"},{"taxonomy":"post_tag","embeddable":true,"href":"http:\/\/www.eam.iua.edu.ar\/eam\/wp-json\/wp\/v2\/tags?post=12937"}],"curies":[{"name":"wp","href":"https:\/\/api.w.org\/{rel}","templated":true}]}}