{"id":12949,"date":"2023-08-04T10:41:40","date_gmt":"2023-08-04T13:41:40","guid":{"rendered":"http:\/\/www.eam.iua.edu.ar\/eam\/?p=12949"},"modified":"2023-08-04T10:41:40","modified_gmt":"2023-08-04T13:41:40","slug":"capacitacion-del-personal-militar-de-la-escuela-de-aviacion-militar","status":"publish","type":"post","link":"http:\/\/www.eam.iua.edu.ar\/eam\/capacitacion-del-personal-militar-de-la-escuela-de-aviacion-militar\/","title":{"rendered":"Capacitaci\u00f3n del Personal Militar de la Escuela de Aviaci\u00f3n Militar"},"content":{"rendered":"<p>[vc_row][vc_column][vc_column_text]Integrantes del Instituto Nacional de Tecnolog\u00eda Agropecuaria (INTA) brindaron asesoramiento y capacitaci\u00f3n al personal de la Escuela de Aviaci\u00f3n Militar respecto al cuidado y renovaci\u00f3n del arbolado urbano y espacios verdes dentro de la Instituci\u00f3n.<\/p>\n<p>En este sentido, Personal Militar particip\u00f3 activamente de jornadas de capacitaci\u00f3n orientada al mantenimiento de las especies que se encuentran dentro del predio de la Instituci\u00f3n.<\/p>\n<p>Es notable remarcar que la Comuna de Vicente Ag\u00fcero ha colaborado con la donaci\u00f3n de una colecci\u00f3n de especies aut\u00f3ctonas que crecen actualmente en el patio interno del Escuadr\u00f3n Estudios del Cuerpo de #Cadetes.<\/p>\n<p>Se destaca el compromiso demostrado por el INTA en la preservaci\u00f3n del patrimonio natural presente en nuestra Instituci\u00f3n.[\/vc_column_text][\/vc_column][\/vc_row][vc_row][vc_column][vc_empty_space][\/vc_column][\/vc_row][vc_row][vc_column][vc_gallery type=\u00bbimage_grid\u00bb images=\u00bb12954,12952,12953,12955&#8243;][\/vc_column][\/vc_row]<\/p>\n","protected":false},"excerpt":{"rendered":"<p>[vc_row][vc_column][vc_column_text]Integrantes del Instituto Nacional de Tecnolog\u00eda Agropecuaria (INTA) brindaron asesoramiento y capacitaci\u00f3n al personal de la Escuela de Aviaci\u00f3n Militar respecto al cuidado y renovaci\u00f3n del arbolado urbano y espacios verdes dentro de la Instituci\u00f3n. En este sentido, Personal Militar particip\u00f3 activamente de jornadas de capacitaci\u00f3n orientada al mantenimiento de las especies que se encuentran [&hellip;]<\/p>\n","protected":false},"author":5,"featured_media":12954,"comment_status":"closed","ping_status":"closed","sticky":false,"template":"","format":"standard","meta":{"_joinchat":[],"footnotes":""},"categories":[2995],"tags":[],"class_list":["post-12949","post","type-post","status-publish","format-standard","has-post-thumbnail","hentry","category-noticias-2"],"_links":{"self":[{"href":"http:\/\/www.eam.iua.edu.ar\/eam\/wp-json\/wp\/v2\/posts\/12949","targetHints":{"allow":["GET"]}}],"collection":[{"href":"http:\/\/www.eam.iua.edu.ar\/eam\/wp-json\/wp\/v2\/posts"}],"about":[{"href":"http:\/\/www.eam.iua.edu.ar\/eam\/wp-json\/wp\/v2\/types\/post"}],"author":[{"embeddable":true,"href":"http:\/\/www.eam.iua.edu.ar\/eam\/wp-json\/wp\/v2\/users\/5"}],"replies":[{"embeddable":true,"href":"http:\/\/www.eam.iua.edu.ar\/eam\/wp-json\/wp\/v2\/comments?post=12949"}],"version-history":[{"count":2,"href":"http:\/\/www.eam.iua.edu.ar\/eam\/wp-json\/wp\/v2\/posts\/12949\/revisions"}],"predecessor-version":[{"id":12958,"href":"http:\/\/www.eam.iua.edu.ar\/eam\/wp-json\/wp\/v2\/posts\/12949\/revisions\/12958"}],"wp:featuredmedia":[{"embeddable":true,"href":"http:\/\/www.eam.iua.edu.ar\/eam\/wp-json\/wp\/v2\/media\/12954"}],"wp:attachment":[{"href":"http:\/\/www.eam.iua.edu.ar\/eam\/wp-json\/wp\/v2\/media?parent=12949"}],"wp:term":[{"taxonomy":"category","embeddable":true,"href":"http:\/\/www.eam.iua.edu.ar\/eam\/wp-json\/wp\/v2\/categories?post=12949"},{"taxonomy":"post_tag","embeddable":true,"href":"http:\/\/www.eam.iua.edu.ar\/eam\/wp-json\/wp\/v2\/tags?post=12949"}],"curies":[{"name":"wp","href":"https:\/\/api.w.org\/{rel}","templated":true}]}}