{"id":13305,"date":"2023-12-07T13:12:03","date_gmt":"2023-12-07T16:12:03","guid":{"rendered":"http:\/\/www.eam.iua.edu.ar\/eam\/?p=13305"},"modified":"2023-12-07T13:12:03","modified_gmt":"2023-12-07T16:12:03","slug":"egreso-cadetes-eam-promocion-lxxxix","status":"publish","type":"post","link":"http:\/\/www.eam.iua.edu.ar\/eam\/egreso-cadetes-eam-promocion-lxxxix\/","title":{"rendered":"Egreso Cadetes EAM Promoci\u00f3n LXXXIX"},"content":{"rendered":"<p>[vc_row][vc_column]<figure class=\"sc_image  sc_image_shape_square\"><img decoding=\"async\" src=\"http:\/\/www.eam.iua.edu.ar\/eam\/wp-content\/uploads\/2023\/12\/Egreso-Prom89-13.jpg\" alt=\"\" \/><\/figure>[\/vc_column][\/vc_row][vc_row][vc_column][vc_empty_space height=\u00bb25px\u00bb][\/vc_column][\/vc_row][vc_row][vc_column][vc_column_text]<span style=\"font-weight: 400\">La Escuela de Aviaci\u00f3n Militar se visti\u00f3 de fiesta para celebrar el egreso de 43 nuevos oficiales que se incorporan a la Fuerza A\u00e9rea Argentina. Estos j\u00f3venes oficiales que miran el futuro con optimismo, sienten el mismo orgullo de pertenecer a la gloriosa instituci\u00f3n que vi\u00f3 formados en este lugar a aquellos oficiales que ofrendaron su vida por la Patria.<\/span><\/p>\n<p align=\"justify\">La Plaza de Armas Gral. San Mart\u00edn fue el\u00a0 lugar que di\u00f3 inicio a una nueva etapa en la vida militar de cada uno de los j\u00f3venes que recibieron sus diplomas. All\u00ed, reafirmaron su compromiso de vocaci\u00f3n de servicio y defensa del territorio nacional argentino.<\/p>\n<p align=\"justify\">La ceremonia fue presidida por el Jefe de Estado Mayor General de la Fuerza A\u00e9rea Argentina, Brigadier General Xavier Juli\u00e1n ISAAC, quien estuvo acompa\u00f1ado por altas autoridades de la Instituci\u00f3n, de las Fuerzas Armadas, Fuerzas de Seguridad, as\u00ed como tambi\u00e9n Agregados Extranjeros y autoridades eclesi\u00e1sticas. Tambi\u00e9n estuvieron presentes Personal Militar Superior\u00a0 y Subalterno en actividad y situaci\u00f3n de retiro, Personal Civil, Docente Civil, Cadetes, Tropa Voluntaria, invitados especiales y familiares de los egresados.<\/p>\n<p align=\"justify\">El Obispo Castrense, Monse\u00f1or Santiago OLIVERA, di\u00f3 la bendici\u00f3n a los despachos y premios que recibieron los egresados y el Capell\u00e1n Mayor de la Fuerza A\u00e9rea Argentina, Presb\u00edtero C\u00e9sar TAURO, di\u00f3 lectura a una Bendici\u00f3n Pontificia.<\/p>\n<p align=\"justify\">El Director de la Escuela de Aviaci\u00f3n Militar, Brigadier D. Marcelo Jos\u00e9 MONETTO, pronunci\u00f3 un discurso alusivo a la emotiva fecha para la familia aeron\u00e1utica. \u201cSe\u00f1ores oficiales de la Promoci\u00f3n 89, tengan como premisa de \u00e9xito ser profesionales de excelencia, empleando con acertado criterio los conocimientos y experiencias adquiridos y los que les brinden sus respectivas especialidades a futuro\u201d.<\/p>\n<p align=\"justify\">Durante la ceremonia se entregaron los diplomas y premios a los oficiales que se destacaron por su rendimiento acad\u00e9mico a los largo de los cuatro a\u00f1os como cadetes en la instituci\u00f3n. El Jefe de Estado Mayor de la F.A.A. entreg\u00f3 los diplomas al Alf\u00e9rez Le\u00f3n Nazareno LIMERES, primer promedio de egreso, como as\u00ed tambi\u00e9n los diplomas correspondientes al Subteniente D. Roberto Antonio REMY DE GRACIA, perteneciente a la Rep\u00fablica de Panam\u00e1, y a la Teniente D\u00f1a. Aicha LY, perteneciente a la Rep\u00fablica de Senegal.<\/p>\n<p align=\"justify\">Para finalizar la ceremonia, el personal formado de la Instituci\u00f3n desfil\u00f3 ante el palco de autoridades entonando la marcha que da sentido de pertenencia a la instituci\u00f3n, Alas Argentinas.<\/p>\n<p>[\/vc_column_text][\/vc_column][\/vc_row][vc_row][vc_column][vc_empty_space height=\u00bb25px\u00bb][\/vc_column][\/vc_row][vc_row][vc_column][vc_gallery type=\u00bbimage_grid\u00bb images=\u00bb13307,13308,13309,13310,13315,13314,13312,13311,13313,13316,13317,13320,13319&#8243;][\/vc_column][\/vc_row]<\/p>\n","protected":false},"excerpt":{"rendered":"<p>[vc_row][vc_column][\/vc_column][\/vc_row][vc_row][vc_column][vc_empty_space height=\u00bb25px\u00bb][\/vc_column][\/vc_row][vc_row][vc_column][vc_column_text]La Escuela de Aviaci\u00f3n Militar se visti\u00f3 de fiesta para celebrar el egreso de 43 nuevos oficiales que se incorporan a la Fuerza A\u00e9rea Argentina. Estos j\u00f3venes oficiales que miran el futuro con optimismo, sienten el mismo orgullo de pertenecer a la gloriosa instituci\u00f3n que vi\u00f3 formados en este lugar a aquellos oficiales que [&hellip;]<\/p>\n","protected":false},"author":5,"featured_media":13310,"comment_status":"closed","ping_status":"closed","sticky":false,"template":"","format":"standard","meta":{"_joinchat":[],"footnotes":""},"categories":[2995],"tags":[221,122,121,95,139,874,1890,660,1259,2948],"class_list":["post-13305","post","type-post","status-publish","format-standard","has-post-thumbnail","hentry","category-noticias-2","tag-cadetes","tag-ceremonias","tag-cuerpo-cadetes","tag-eam","tag-egreso","tag-escuela-de-aviacion","tag-escuela-de-aviacion-militar","tag-faa","tag-fuerza-aerea-argentina","tag-oficiales"],"_links":{"self":[{"href":"http:\/\/www.eam.iua.edu.ar\/eam\/wp-json\/wp\/v2\/posts\/13305","targetHints":{"allow":["GET"]}}],"collection":[{"href":"http:\/\/www.eam.iua.edu.ar\/eam\/wp-json\/wp\/v2\/posts"}],"about":[{"href":"http:\/\/www.eam.iua.edu.ar\/eam\/wp-json\/wp\/v2\/types\/post"}],"author":[{"embeddable":true,"href":"http:\/\/www.eam.iua.edu.ar\/eam\/wp-json\/wp\/v2\/users\/5"}],"replies":[{"embeddable":true,"href":"http:\/\/www.eam.iua.edu.ar\/eam\/wp-json\/wp\/v2\/comments?post=13305"}],"version-history":[{"count":1,"href":"http:\/\/www.eam.iua.edu.ar\/eam\/wp-json\/wp\/v2\/posts\/13305\/revisions"}],"predecessor-version":[{"id":13321,"href":"http:\/\/www.eam.iua.edu.ar\/eam\/wp-json\/wp\/v2\/posts\/13305\/revisions\/13321"}],"wp:featuredmedia":[{"embeddable":true,"href":"http:\/\/www.eam.iua.edu.ar\/eam\/wp-json\/wp\/v2\/media\/13310"}],"wp:attachment":[{"href":"http:\/\/www.eam.iua.edu.ar\/eam\/wp-json\/wp\/v2\/media?parent=13305"}],"wp:term":[{"taxonomy":"category","embeddable":true,"href":"http:\/\/www.eam.iua.edu.ar\/eam\/wp-json\/wp\/v2\/categories?post=13305"},{"taxonomy":"post_tag","embeddable":true,"href":"http:\/\/www.eam.iua.edu.ar\/eam\/wp-json\/wp\/v2\/tags?post=13305"}],"curies":[{"name":"wp","href":"https:\/\/api.w.org\/{rel}","templated":true}]}}