{"id":13347,"date":"2024-01-30T10:02:05","date_gmt":"2024-01-30T13:02:05","guid":{"rendered":"https:\/\/www.eam.iua.edu.ar\/eam\/?p=13347"},"modified":"2024-02-20T09:37:27","modified_gmt":"2024-02-20T12:37:27","slug":"puesta-en-funciones-de-nuevas-autoridades-en-la-eam","status":"publish","type":"post","link":"http:\/\/www.eam.iua.edu.ar\/eam\/puesta-en-funciones-de-nuevas-autoridades-en-la-eam\/","title":{"rendered":"Puesta en funciones de nuevas autoridades en la EAM"},"content":{"rendered":"<p>[vc_row][vc_column][vc_column_text]<\/p>\n<p align=\"justify\">El pasado viernes se llev\u00f3 a cabo la puesta en funciones de nuevas autoridades en la Escuela de Aviaci\u00f3n Militar. En esta oportunidad, los cambios se dieron en las jefaturas de la Subdirecci\u00f3n, Grupo A\u00e9reo Escuela y Grupo Base Escuela.<br \/>\nLas nuevas autoridades tienen como desaf\u00edo asumir la responsabilidad de dirigir a un gran equipo de personas y las tareas que realizan, controlando su ejecuci\u00f3n y evaluando los resultados.<\/p>\n<p align=\"justify\">Las ceremonias fueron presididas por el Director del Instituto, Brigadier D. Marcelo Jos\u00e9 MONETTO. Estuvieron presentes Personal Militar Superior, Subalterno, Civil, Docente Civil y Tropa Voluntaria, adem\u00e1s de las familias de los oficiales salientes y entrantes de cada destino.<\/p>\n<p align=\"justify\">El Comodoro D. Gonzalo Javier TOLOZA, Subdirector saliente, brind\u00f3 unas emotivas palabras, al reconocer y agradecer \u201cel trabajo de todos los integrantes de la unidad, todos han sido importantes y todos han contribuido en mayor o menor medida para el logro final de los objetivos que alcanzamos\u201d. El Director del Instituto realiz\u00f3 la puesta en funciones del Comodoro D. Marcelo AGOSTO como nuevo Subdirector de la #EAM.<\/p>\n<p align=\"justify\">Por su parte, el Comodoro D. Emiliano GANDINI, jefe saliente del Grupo A\u00e9reo Escuela, se refiri\u00f3 al personal que estuvo a su cargo: \u201cSolo quiero dejarles un consejo: vivencien cada vuelo solo que realiza un alumno, cada brevet de aviador que se coloca, cada diploma que se entrega en los egresos, all\u00ed se encuentra la esencia del Grupo A\u00e9reo Escuela\u201d. El Vicecomodoro D. N\u00e9stor Fabi\u00e1n BRUNETTA asumi\u00f3 el cargo de nuevo Jefe del Grupo A\u00e9reo Escuela.<\/p>\n<p>Por \u00faltimo, se efectiviz\u00f3 la puesta en funciones del Comodoro D. Cristian Dario HALLER como Jefe del Grupo Base Escuela. El Comodoro D. Gabriel OTERO se despidi\u00f3 del personal a su cargo con unas sentidas palabras, agradeciendo tanto al Personal Militar Superior, Subalterno, Civil y Tropa Voluntaria por la labor diaria en contribuir al cumplimiento de la misi\u00f3n de la Fuerza A\u00e9rea Argentina.[\/vc_column_text][\/vc_column][\/vc_row][vc_row][vc_column][vc_empty_space height=\u00bb25px\u00bb][\/vc_column][\/vc_row][vc_row][vc_column][vc_gallery type=\u00bbimage_grid\u00bb images=\u00bb13352,13353,13354,13355,13348,13349,13350,13351&#8243;][\/vc_column][\/vc_row]<\/p>\n","protected":false},"excerpt":{"rendered":"<p>[vc_row][vc_column][vc_column_text] El pasado viernes se llev\u00f3 a cabo la puesta en funciones de nuevas autoridades en la Escuela de Aviaci\u00f3n Militar. En esta oportunidad, los cambios se dieron en las jefaturas de la Subdirecci\u00f3n, Grupo A\u00e9reo Escuela y Grupo Base Escuela. Las nuevas autoridades tienen como desaf\u00edo asumir la responsabilidad de dirigir a un gran [&hellip;]<\/p>\n","protected":false},"author":5,"featured_media":13352,"comment_status":"closed","ping_status":"closed","sticky":false,"template":"","format":"standard","meta":{"_joinchat":[],"footnotes":""},"categories":[],"tags":[],"class_list":["post-13347","post","type-post","status-publish","format-standard","has-post-thumbnail","hentry"],"_links":{"self":[{"href":"http:\/\/www.eam.iua.edu.ar\/eam\/wp-json\/wp\/v2\/posts\/13347","targetHints":{"allow":["GET"]}}],"collection":[{"href":"http:\/\/www.eam.iua.edu.ar\/eam\/wp-json\/wp\/v2\/posts"}],"about":[{"href":"http:\/\/www.eam.iua.edu.ar\/eam\/wp-json\/wp\/v2\/types\/post"}],"author":[{"embeddable":true,"href":"http:\/\/www.eam.iua.edu.ar\/eam\/wp-json\/wp\/v2\/users\/5"}],"replies":[{"embeddable":true,"href":"http:\/\/www.eam.iua.edu.ar\/eam\/wp-json\/wp\/v2\/comments?post=13347"}],"version-history":[{"count":2,"href":"http:\/\/www.eam.iua.edu.ar\/eam\/wp-json\/wp\/v2\/posts\/13347\/revisions"}],"predecessor-version":[{"id":13387,"href":"http:\/\/www.eam.iua.edu.ar\/eam\/wp-json\/wp\/v2\/posts\/13347\/revisions\/13387"}],"wp:featuredmedia":[{"embeddable":true,"href":"http:\/\/www.eam.iua.edu.ar\/eam\/wp-json\/wp\/v2\/media\/13352"}],"wp:attachment":[{"href":"http:\/\/www.eam.iua.edu.ar\/eam\/wp-json\/wp\/v2\/media?parent=13347"}],"wp:term":[{"taxonomy":"category","embeddable":true,"href":"http:\/\/www.eam.iua.edu.ar\/eam\/wp-json\/wp\/v2\/categories?post=13347"},{"taxonomy":"post_tag","embeddable":true,"href":"http:\/\/www.eam.iua.edu.ar\/eam\/wp-json\/wp\/v2\/tags?post=13347"}],"curies":[{"name":"wp","href":"https:\/\/api.w.org\/{rel}","templated":true}]}}