{"id":13457,"date":"2024-03-26T19:31:35","date_gmt":"2024-03-26T22:31:35","guid":{"rendered":"http:\/\/www.eam.iua.edu.ar\/eam\/?p=13457"},"modified":"2024-03-26T19:31:35","modified_gmt":"2024-03-26T22:31:35","slug":"el-alferez-ramirez-almada-digno-portador-del-panuelo-y-los-escudos-del-grupo-aereo-escuela","status":"publish","type":"post","link":"http:\/\/www.eam.iua.edu.ar\/eam\/el-alferez-ramirez-almada-digno-portador-del-panuelo-y-los-escudos-del-grupo-aereo-escuela\/","title":{"rendered":"El Alf\u00e9rez RAMIREZ ALMADA: digno portador del pa\u00f1uelo y los escudos del Grupo A\u00e9reo Escuela"},"content":{"rendered":"<p>[vc_row][vc_column]<figure class=\"sc_image  sc_image_shape_square\"><img decoding=\"async\" src=\"http:\/\/www.eam.iua.edu.ar\/eam\/wp-content\/uploads\/2024\/03\/VueloSolo-14.jpg\" alt=\"\" \/><\/figure>[\/vc_column][\/vc_row][vc_row][vc_column][vc_empty_space height=\u00bb25px\u00bb][\/vc_column][\/vc_row][vc_row][vc_column][vc_column_text]<\/p>\n<p align=\"justify\">Luego de superar diversas instancias formativas, el Alf\u00e9rez Alexis Ezequiel RAM\u00cdREZ ALMADA realiz\u00f3 con \u00e9xito su Primer Vuelo Solo en el sistema de armas Tecnam P-2002. Sus compa\u00f1eros lo recibieron luego de su exitoso aterrizaje con la tradicional manteada, momento ic\u00f3nico por el que todo piloto que est\u00e1 comenzando su carrera de formaci\u00f3n anhela vivenciar.<br \/>\nLa ceremonia fue presidida por el Director de la Escuela de Aviaci\u00f3n, Comodoro Mayor Marcelo Abel RAMADORI, quien estuvo acompa\u00f1ado por el Se\u00f1or Subdirector y Jefes de Grupo del Instituto, adem\u00e1s de Personal MIlitar Superior, Subalterno, Civil, Docente Civil, Cadetes y Tropa Voluntaria.<\/p>\n<p align=\"justify\">El momento destacado se vivi\u00f3 cuando el Alf\u00e9rez RAM\u00cdREZ ALMADA firm\u00f3 el libro hist\u00f3rico de Vuelo Solo, fue \u201cbautizado\u201d por el instructor Capit\u00e1n Lucas Emanuel CEJAS y recibi\u00f3 sus distintivos, pa\u00f1uelo y medallas previamente bendecidas.<br \/>\nEl Jefe del Grupo A\u00e9reo, Vicecomodoro N\u00e9stor Fabi\u00e1n BRUNETTA, hizo uso de la palabra y en su discurso se refleja la importancia y trascendencia que tiene el Vuelo Solo en la vida de un piloto, cuando debe volar solo, sin tener la tranquilidad de un instructor que lo gu\u00ede a su lado.<br \/>\nAl hacer referencia a este particular vuelo solo, el Jefe del Grupo A\u00e9reo se refiri\u00f3 al oficial cursante destacando el esfuerzo que ha realizado para llegar a esta importante instancia:<br \/>\n<b>\u00abUNO de 649 inscriptos, UNO de 248 que aprobaron el examen de ingreso, UNO de 126 cadetes de I a\u00f1o, UNO de 47 alf\u00e9reces egresados en el a\u00f1o 2021, pero quiso el destino que por cuestiones de \u00edndole fisiol\u00f3gicas no pudiera ser parte del curso de Aviadores MIlitares junto a sus compa\u00f1eros de promoci\u00f3n. Pero no se di\u00f3 por vencido, un par de a\u00f1os m\u00e1s tarde, habiendo atravesado diferentes vicisitudes, viene al pi\u00e9 de nuestro viejo c\u00f3ndor a dar fe de sus convicciones y VOLAR SOLO\u201d. <\/b><\/p>\n<p>[\/vc_column_text][\/vc_column][\/vc_row][vc_row][vc_column][vc_empty_space height=\u00bb20px\u00bb][\/vc_column][\/vc_row][vc_row][vc_column]<blockquote class=\"sc_quote\"><p><span style=\"font-weight: 400\">Alf\u00e9rez Al\u00e9xis Ezequiel RAM\u00cdEZ ALMADA le damos la bienvenida como iniciado en la actividad a\u00e9rea, sea digno portador del pa\u00f1uelo y los escudos del Grupo A\u00e9reo Escuela.<\/span><\/p><\/blockquote>[\/vc_column][\/vc_row][vc_row][vc_column][vc_column_text]<\/p>\n<p align=\"justify\">La ceremonia finaliz\u00f3 con el saludo de las autoridades presentes al oficial cursante y a todo el Grupo A\u00e9reo Escuela, por hacer posible el cumplimiento de este objetivo tan destacado en la vida de quienes aspiran a convertirse en custodios de nuestros cielos.<\/p>\n<p>[\/vc_column_text][\/vc_column][\/vc_row][vc_row][vc_column][vc_empty_space height=\u00bb30px\u00bb][\/vc_column][\/vc_row][vc_row][vc_column][vc_gallery type=\u00bbimage_grid\u00bb images=\u00bb13464,13465,13466,13467,13468,13469,13470,13471,13472,13473,13474,13475&#8243;][\/vc_column][\/vc_row][vc_row][vc_column][vc_empty_space height=\u00bb30px\u00bb][\/vc_column][\/vc_row][vc_row][vc_column][vc_video link=\u00bbhttps:\/\/www.youtube.com\/watch?v=mDunjjvcG98&#8243; el_width=\u00bb90&#8243;][\/vc_column][\/vc_row]<\/p>\n","protected":false},"excerpt":{"rendered":"<p>[vc_row][vc_column][\/vc_column][\/vc_row][vc_row][vc_column][vc_empty_space height=\u00bb25px\u00bb][\/vc_column][\/vc_row][vc_row][vc_column][vc_column_text] Luego de superar diversas instancias formativas, el Alf\u00e9rez Alexis Ezequiel RAM\u00cdREZ ALMADA realiz\u00f3 con \u00e9xito su Primer Vuelo Solo en el sistema de armas Tecnam P-2002. Sus compa\u00f1eros lo recibieron luego de su exitoso aterrizaje con la tradicional manteada, momento ic\u00f3nico por el que todo piloto que est\u00e1 comenzando su carrera de formaci\u00f3n [&hellip;]<\/p>\n","protected":false},"author":5,"featured_media":13466,"comment_status":"closed","ping_status":"closed","sticky":false,"template":"","format":"standard","meta":{"_joinchat":[],"footnotes":""},"categories":[2995],"tags":[122,95,874,1890,660,3039,1259,1420],"class_list":["post-13457","post","type-post","status-publish","format-standard","has-post-thumbnail","hentry","category-noticias-2","tag-ceremonias","tag-eam","tag-escuela-de-aviacion","tag-escuela-de-aviacion-militar","tag-faa","tag-formacionmilitar","tag-fuerza-aerea-argentina","tag-grupo-aereo-escuela"],"_links":{"self":[{"href":"http:\/\/www.eam.iua.edu.ar\/eam\/wp-json\/wp\/v2\/posts\/13457","targetHints":{"allow":["GET"]}}],"collection":[{"href":"http:\/\/www.eam.iua.edu.ar\/eam\/wp-json\/wp\/v2\/posts"}],"about":[{"href":"http:\/\/www.eam.iua.edu.ar\/eam\/wp-json\/wp\/v2\/types\/post"}],"author":[{"embeddable":true,"href":"http:\/\/www.eam.iua.edu.ar\/eam\/wp-json\/wp\/v2\/users\/5"}],"replies":[{"embeddable":true,"href":"http:\/\/www.eam.iua.edu.ar\/eam\/wp-json\/wp\/v2\/comments?post=13457"}],"version-history":[{"count":9,"href":"http:\/\/www.eam.iua.edu.ar\/eam\/wp-json\/wp\/v2\/posts\/13457\/revisions"}],"predecessor-version":[{"id":13479,"href":"http:\/\/www.eam.iua.edu.ar\/eam\/wp-json\/wp\/v2\/posts\/13457\/revisions\/13479"}],"wp:featuredmedia":[{"embeddable":true,"href":"http:\/\/www.eam.iua.edu.ar\/eam\/wp-json\/wp\/v2\/media\/13466"}],"wp:attachment":[{"href":"http:\/\/www.eam.iua.edu.ar\/eam\/wp-json\/wp\/v2\/media?parent=13457"}],"wp:term":[{"taxonomy":"category","embeddable":true,"href":"http:\/\/www.eam.iua.edu.ar\/eam\/wp-json\/wp\/v2\/categories?post=13457"},{"taxonomy":"post_tag","embeddable":true,"href":"http:\/\/www.eam.iua.edu.ar\/eam\/wp-json\/wp\/v2\/tags?post=13457"}],"curies":[{"name":"wp","href":"https:\/\/api.w.org\/{rel}","templated":true}]}}