{"id":13485,"date":"2024-04-05T12:26:57","date_gmt":"2024-04-05T15:26:57","guid":{"rendered":"http:\/\/www.eam.iua.edu.ar\/eam\/?p=13485"},"modified":"2024-04-05T12:26:57","modified_gmt":"2024-04-05T15:26:57","slug":"a-42-anos-de-la-gesta-de-malvinas","status":"publish","type":"post","link":"http:\/\/www.eam.iua.edu.ar\/eam\/a-42-anos-de-la-gesta-de-malvinas\/","title":{"rendered":"A 42 a\u00f1os de la Gesta de Malvinas"},"content":{"rendered":"<p>[vc_row][vc_column][vc_column_text]<\/p>\n<p align=\"justify\">Al cumplirse 42 a\u00f1os del inicio del conflicto por la recuperaci\u00f3n de las Islas Malvinas, la Guarnici\u00f3n A\u00e9rea C\u00f3rdoba record\u00f3 este d\u00eda tan especial con una ceremonia en la Escuela de Suboficiales C\u00f3rdoba. Asistieron Veteranos de la Guerra de Malvinas con sus familiares, a quienes se les rindi\u00f3 un merecido homenaje por su valerosa participaci\u00f3n durante la Guerra de Malvinas.<\/p>\n<p align=\"justify\">De la ceremonia participaron autoridades de la Guarnici\u00f3n A\u00e9rea C\u00f3rdoba, adem\u00e1s de destacados representantes de organismos <span style=\"font-weight: 400\">provinciales, como as\u00ed tambi\u00e9n Personal Militar de las Fuerzas Armadas y de Seguridad de la Provincia de C\u00f3rdoba y Personal Militar Superior en actividad y en situaci\u00f3n de retiro de la Guarnici\u00f3n. Tambi\u00e9n se hicieron presentes Personal Militar Subalterno, Civil, Docente Civil, Tropa Voluntaria, Cadetes y Aspirantes.<\/span><\/p>\n<p align=\"justify\">Luego de la lectura de la n\u00f3mina del Personal Militar ca\u00eddo en combate, la Banda Militar de la Guarnici\u00f3n A\u00e9rea C\u00f3rdoba ejecut\u00f3 un toque de silencio. Para finalizar, se invit\u00f3 a los Veteranos de Guerra presentes a encabezar el tradicional desfile frente al palco de autoridades de la plaza General Manuel Belgrano.<\/p>\n<p>\u00a0[\/vc_column_text][\/vc_column][\/vc_row][vc_row][vc_column][vc_empty_space][\/vc_column][\/vc_row][vc_row][vc_column][vc_gallery type=\u00bbimage_grid\u00bb images=\u00bb13487,13488,13490,13496,13497,13491,13492,13489,13493,13494,13498,13495&#8243;][\/vc_column][\/vc_row]<\/p>\n","protected":false},"excerpt":{"rendered":"<p>[vc_row][vc_column][vc_column_text] Al cumplirse 42 a\u00f1os del inicio del conflicto por la recuperaci\u00f3n de las Islas Malvinas, la Guarnici\u00f3n A\u00e9rea C\u00f3rdoba record\u00f3 este d\u00eda tan especial con una ceremonia en la Escuela de Suboficiales C\u00f3rdoba. Asistieron Veteranos de la Guerra de Malvinas con sus familiares, a quienes se les rindi\u00f3 un merecido homenaje por su valerosa [&hellip;]<\/p>\n","protected":false},"author":5,"featured_media":13499,"comment_status":"closed","ping_status":"closed","sticky":false,"template":"","format":"standard","meta":{"_joinchat":[],"footnotes":""},"categories":[2995],"tags":[122,95,874,1890,660,1259,68],"class_list":["post-13485","post","type-post","status-publish","format-standard","has-post-thumbnail","hentry","category-noticias-2","tag-ceremonias","tag-eam","tag-escuela-de-aviacion","tag-escuela-de-aviacion-militar","tag-faa","tag-fuerza-aerea-argentina","tag-malvinas"],"_links":{"self":[{"href":"http:\/\/www.eam.iua.edu.ar\/eam\/wp-json\/wp\/v2\/posts\/13485","targetHints":{"allow":["GET"]}}],"collection":[{"href":"http:\/\/www.eam.iua.edu.ar\/eam\/wp-json\/wp\/v2\/posts"}],"about":[{"href":"http:\/\/www.eam.iua.edu.ar\/eam\/wp-json\/wp\/v2\/types\/post"}],"author":[{"embeddable":true,"href":"http:\/\/www.eam.iua.edu.ar\/eam\/wp-json\/wp\/v2\/users\/5"}],"replies":[{"embeddable":true,"href":"http:\/\/www.eam.iua.edu.ar\/eam\/wp-json\/wp\/v2\/comments?post=13485"}],"version-history":[{"count":1,"href":"http:\/\/www.eam.iua.edu.ar\/eam\/wp-json\/wp\/v2\/posts\/13485\/revisions"}],"predecessor-version":[{"id":13500,"href":"http:\/\/www.eam.iua.edu.ar\/eam\/wp-json\/wp\/v2\/posts\/13485\/revisions\/13500"}],"wp:featuredmedia":[{"embeddable":true,"href":"http:\/\/www.eam.iua.edu.ar\/eam\/wp-json\/wp\/v2\/media\/13499"}],"wp:attachment":[{"href":"http:\/\/www.eam.iua.edu.ar\/eam\/wp-json\/wp\/v2\/media?parent=13485"}],"wp:term":[{"taxonomy":"category","embeddable":true,"href":"http:\/\/www.eam.iua.edu.ar\/eam\/wp-json\/wp\/v2\/categories?post=13485"},{"taxonomy":"post_tag","embeddable":true,"href":"http:\/\/www.eam.iua.edu.ar\/eam\/wp-json\/wp\/v2\/tags?post=13485"}],"curies":[{"name":"wp","href":"https:\/\/api.w.org\/{rel}","templated":true}]}}