{"id":13528,"date":"2024-05-27T14:39:08","date_gmt":"2024-05-27T17:39:08","guid":{"rendered":"http:\/\/www.eam.iua.edu.ar\/eam\/?p=13528"},"modified":"2024-05-28T08:37:57","modified_gmt":"2024-05-28T11:37:57","slug":"inscripciones-abiertas-ingreso-2025","status":"publish","type":"post","link":"http:\/\/www.eam.iua.edu.ar\/eam\/inscripciones-abiertas-ingreso-2025\/","title":{"rendered":"INSCRIPCIONES ABIERTAS INGRESO 2025"},"content":{"rendered":"<p>[vc_row][vc_column]<h3 class=\"sc_title sc_title_regular \"><\/p>\n<h6><b>INSCRIPCIONES ABIERTAS A LA ESCUELA DE AVIACI\u00d3N MILITAR<\/b><\/h6>\n<p>&nbsp;<\/p>\n<p><b>INGRESO 2025 A LA CARRERA DE OFICIAL DE LA FUERZA A\u00c9REA ARGENTINA<\/b><\/h3>[\/vc_column][\/vc_row][vc_row][vc_column][vc_column_text]<\/p>\n<p style=\"text-align: justify;\"><span style=\"font-weight: 400;\">D<\/span><span style=\"font-weight: 400;\">esde el 27 de mayo y hasta el 22 de noviembre de 2024 <\/span><b>se encuentra abierta la inscripci\u00f3n a la Carrera<\/b> <b>de Oficial de la Fuerza A\u00e9rea Argentina<\/b><span style=\"font-weight: 400;\">, brindando una <\/span><b>formaci\u00f3n integral<\/b><span style=\"font-weight: 400;\"> compuesta por un nivel <\/span><a href=\"http:\/\/www.eam.iua.edu.ar\/eam\/formacion-de-cadete\/#planestudios\"><span style=\"font-weight: 400;\">acad\u00e9mico universitario<\/span><\/a><span style=\"font-weight: 400;\">,<\/span> <a href=\"http:\/\/www.eam.iua.edu.ar\/eam\/formacion-de-cadete\/#instruccion\"><span style=\"font-weight: 400;\">instrucci\u00f3n militar<\/span><\/a> <span style=\"font-weight: 400;\">y el <\/span><a href=\"http:\/\/www.eam.iua.edu.ar\/eam\/formacion-de-cadete\/#sports\"><span style=\"font-weight: 400;\">entrenamiento f\u00edsico<\/span><\/a> <span style=\"font-weight: 400;\">especial que una capacitaci\u00f3n de estas caracter\u00edsticas requiere.<\/span><\/p>\n<p>[\/vc_column_text][vc_empty_space height=\u00bb2em\u00bb]<figure class=\"sc_image  sc_image_shape_square\"><img decoding=\"async\" src=\"http:\/\/www.eam.iua.edu.ar\/eam\/wp-content\/uploads\/2024\/05\/Portada.webp\" alt=\"\" \/><\/figure>[vc_empty_space height=\u00bb2em\u00bb][\/vc_column][\/vc_row][vc_row][vc_column][vc_empty_space height=\u00bb2em\u00bb][vc_column_text]<\/p>\n<h4>Pasos para ingresar:<\/h4>\n<p style=\"text-align: justify;\"><span style=\"font-weight: 400;\">Aquellos j\u00f3venes interesados que cumplan con los <\/span><a href=\"https:\/\/goo.gl\/1sYcth\"><span style=\"font-weight: 400;\">requisitos de ingreso<\/span><\/a> <span style=\"font-weight: 400;\">a la Carrera deben completar los <\/span><a href=\"http:\/\/www.eam.iua.edu.ar\/eam\/ingreso-a-la-carrera-de-oficial\/\"><span style=\"font-weight: 400;\">pasos del proceso de incorporaci\u00f3n<\/span><\/a><span style=\"font-weight: 400;\">, que incluyen una <\/span><b>inscripci\u00f3n online<\/b><span style=\"font-weight: 400;\">, evaluaciones intelectuales, un per\u00edodo de adaptaci\u00f3n a la vida militar y ex\u00e1menes de aptitud f\u00edsica y m\u00e9dica:<\/span><\/p>\n<p>[\/vc_column_text][vc_empty_space height=\u00bb2em\u00bb]<figure class=\"sc_image  sc_image_shape_square\"><img decoding=\"async\" src=\"http:\/\/www.eam.iua.edu.ar\/eam\/wp-content\/uploads\/2024\/05\/Pasos.webp\" alt=\"\" \/><\/figure>[vc_empty_space height=\u00bb2em\u00bb][\/vc_column][\/vc_row][vc_row][vc_column][vc_column_text]<\/p>\n<h4>Cursado de la Carrera<\/h4>\n<p style=\"text-align: justify;\"><span style=\"font-weight: 400;\">Los <\/span><b>cuatro a\u00f1os de cursado<\/b><span style=\"font-weight: 400;\"> se realizan en la <\/span><a href=\"http:\/\/www.eam.iua.edu.ar\/eam\/ubicacion\/\"><span style=\"font-weight: 400;\">Escuela de Aviaci\u00f3n Militar<\/span><\/a><span style=\"font-weight: 400;\"> de la ciudad de C\u00f3rdoba, donde los Cadetes provenientes de todo el pa\u00eds reciben una capacitaci\u00f3n profesional con <\/span><b>r\u00e9gimen de internado<\/b><span style=\"font-weight: 400;\"> e incluye una amplia gama de aspectos intelectuales y militares, guiados por Oficiales Instructores. Adem\u00e1s, para efectuar la pr\u00e1ctica de la formaci\u00f3n recibida, se realizan <\/span><b>ejercicios de supervivencia<\/b> <span style=\"font-weight: 400;\">en distintas regiones geogr\u00e1ficas de Argentina (monta\u00f1a, selva, desierto y mar), defensa de instalaciones aeron\u00e1uticas, aplicaci\u00f3n de t\u00e9cnicas de evasi\u00f3n y escape, etc.<\/span><\/p>\n<p>[\/vc_column_text][vc_empty_space height=\u00bb2em\u00bb][vc_gallery type=\u00bbimage_grid\u00bb images=\u00bb13533,13534,13535,13536,13537&#8243;][vc_empty_space height=\u00bb2em\u00bb][\/vc_column][\/vc_row][vc_row][vc_column][vc_empty_space height=\u00bb2em\u00bb][vc_column_text]<\/p>\n<h4>Proyecci\u00f3n Profesional del Oficial<\/h4>\n<p style=\"text-align: justify;\"><span style=\"font-weight: 400;\">Al egresar del Escuela de Aviaci\u00f3n con el grado militar de <\/span><b>Alferez<\/b><span style=\"font-weight: 400;\">, el Licenciado en Recursos Aeroespaciales para la Defensa<\/span> <a href=\"http:\/\/www.eam.iua.edu.ar\/eam\/wp-content\/uploads\/2017\/10\/RM-524-2013-LICRAD.pdf\"><span style=\"font-weight: 400;\">(LICRAD)<\/span><\/a><span style=\"font-weight: 400;\">, contin\u00faa su<\/span> <a href=\"http:\/\/www.eam.iua.edu.ar\/eam\/proyeccion-profesional\/\"><span style=\"font-weight: 400;\">proyecci\u00f3n profesional<\/span><\/a> <span style=\"font-weight: 400;\">como <\/span><b>Oficial de la Fuerza A\u00e9rea Argentina<\/b><span style=\"font-weight: 400;\"> desarroll\u00e1ndose en una de las diecisiete<\/span> <a href=\"http:\/\/www.eam.iua.edu.ar\/eam\/proyeccion-profesional\/\"><span style=\"font-weight: 400;\">Especialidades<\/span><\/a> <span style=\"font-weight: 400;\">agrupadas en <\/span><b>tres escalafones<\/b><span style=\"font-weight: 400;\">:\u00a0<\/span><\/p>\n<p>[\/vc_column_text][vc_empty_space height=\u00bb2em\u00bb]<figure class=\"sc_image  sc_image_shape_square\"><img decoding=\"async\" src=\"http:\/\/www.eam.iua.edu.ar\/eam\/wp-content\/uploads\/2024\/05\/ESPECIALIDADES2-scaled.webp\" alt=\"\" \/><\/figure>[\/vc_column][\/vc_row][vc_row][\/vc_row][vc_column][vc_column_text]<b>+Info:<\/b><\/p>\n<ul>\n<li><span style=\"font-weight: 400;\">Visit\u00e1 <\/span><a href=\"http:\/\/www.eam.iua.edu.ar\/\"><span style=\"font-weight: 400;\">www.eam.iua.edu.ar<\/span><\/a><span style=\"font-weight: 400;\">\u00a0<\/span><\/li>\n<li><span style=\"font-weight: 400;\">Seguinos <\/span><span style=\"font-weight: 400;\">en las <\/span><a href=\"http:\/\/www.eam.iua.edu.ar\/eam\/contacto\/\"><span style=\"font-weight: 400;\">redes sociales<\/span><\/a><span style=\"font-weight: 400;\">\u00a0<\/span><\/li>\n<li><span style=\"font-weight: 400;\">Escribinos a <\/span><a href=\"mailto:incorporacion@eam.iua.edu.ar\"><span style=\"font-weight: 400;\">incorporacion@eam.iua.edu.ar<\/span><\/a><\/li>\n<\/ul>\n<p>[\/vc_column_text][vc_empty_space height=\u00bb2em\u00bb][\/vc_column]<\/p>\n","protected":false},"excerpt":{"rendered":"<p>[vc_row][vc_column][\/vc_column][\/vc_row][vc_row][vc_column][vc_column_text] Desde el 27 de mayo y hasta el 22 de noviembre de 2024 se encuentra abierta la inscripci\u00f3n a la Carrera de Oficial de la Fuerza A\u00e9rea Argentina, brindando una formaci\u00f3n integral compuesta por un nivel acad\u00e9mico universitario, instrucci\u00f3n militar y el entrenamiento f\u00edsico especial que una capacitaci\u00f3n de estas caracter\u00edsticas requiere. [\/vc_column_text][vc_empty_space height=\u00bb2em\u00bb][vc_empty_space [&hellip;]<\/p>\n","protected":false},"author":1,"featured_media":13589,"comment_status":"closed","ping_status":"closed","sticky":false,"template":"","format":"standard","meta":{"_joinchat":[],"footnotes":""},"categories":[2995],"tags":[3046,95,874,1890,660,1259,3093,2645,2948],"class_list":["post-13528","post","type-post","status-publish","format-standard","has-post-thumbnail","hentry","category-noticias-2","tag-carrera-de-oficial","tag-eam","tag-escuela-de-aviacion","tag-escuela-de-aviacion-militar","tag-faa","tag-fuerza-aerea-argentina","tag-ingreso-2025","tag-inscripciones-abiertas","tag-oficiales"],"_links":{"self":[{"href":"http:\/\/www.eam.iua.edu.ar\/eam\/wp-json\/wp\/v2\/posts\/13528","targetHints":{"allow":["GET"]}}],"collection":[{"href":"http:\/\/www.eam.iua.edu.ar\/eam\/wp-json\/wp\/v2\/posts"}],"about":[{"href":"http:\/\/www.eam.iua.edu.ar\/eam\/wp-json\/wp\/v2\/types\/post"}],"author":[{"embeddable":true,"href":"http:\/\/www.eam.iua.edu.ar\/eam\/wp-json\/wp\/v2\/users\/1"}],"replies":[{"embeddable":true,"href":"http:\/\/www.eam.iua.edu.ar\/eam\/wp-json\/wp\/v2\/comments?post=13528"}],"version-history":[{"count":5,"href":"http:\/\/www.eam.iua.edu.ar\/eam\/wp-json\/wp\/v2\/posts\/13528\/revisions"}],"predecessor-version":[{"id":13590,"href":"http:\/\/www.eam.iua.edu.ar\/eam\/wp-json\/wp\/v2\/posts\/13528\/revisions\/13590"}],"wp:featuredmedia":[{"embeddable":true,"href":"http:\/\/www.eam.iua.edu.ar\/eam\/wp-json\/wp\/v2\/media\/13589"}],"wp:attachment":[{"href":"http:\/\/www.eam.iua.edu.ar\/eam\/wp-json\/wp\/v2\/media?parent=13528"}],"wp:term":[{"taxonomy":"category","embeddable":true,"href":"http:\/\/www.eam.iua.edu.ar\/eam\/wp-json\/wp\/v2\/categories?post=13528"},{"taxonomy":"post_tag","embeddable":true,"href":"http:\/\/www.eam.iua.edu.ar\/eam\/wp-json\/wp\/v2\/tags?post=13528"}],"curies":[{"name":"wp","href":"https:\/\/api.w.org\/{rel}","templated":true}]}}