{"id":13542,"date":"2024-05-22T12:59:25","date_gmt":"2024-05-22T15:59:25","guid":{"rendered":"http:\/\/www.eam.iua.edu.ar\/eam\/?p=13542"},"modified":"2024-05-22T12:59:25","modified_gmt":"2024-05-22T15:59:25","slug":"seminario-de-posgrado-matriz-energetica-y-bienes-comunes","status":"publish","type":"post","link":"http:\/\/www.eam.iua.edu.ar\/eam\/seminario-de-posgrado-matriz-energetica-y-bienes-comunes\/","title":{"rendered":"Seminario de Posgrado \u201cMatriz Energ\u00e9tica y Bienes Comunes\u201d"},"content":{"rendered":"<p>[vc_row][vc_column][vc_column_text]<\/p>\n<p align=\"justify\">En el marco del Programa de Posgrados Estrat\u00e9gicos de la Universidad de la Defensa Nacional (UNDEF), la Escuela de Aviaci\u00f3n Militar dictar\u00e1 el Seminario de Posgrado \u201cMatriz Energ\u00e9tica y Bienes Comunes\u201d a cargo de los Docentes: Dr. Rodolfo Kempf\u00a0 y Mg. Atilio V. Zattara.<\/p>\n<p><strong>Fundamentaci\u00f3n<\/strong><\/p>\n<p align=\"justify\">La planificaci\u00f3n energ\u00e9tica y nuestras l\u00edneas de alta tensi\u00f3n junto con nuestra matriz energ\u00e9tica son un tema de Defensa Nacional. Al mismo tiempo, debe ser coherente con los compromisos mundiales tomados con los aspectos emergentes del cambio clim\u00e1tico. La forma en que est\u00e1 construida la matriz energ\u00e9tica es un punto medular en ese debate y por eso proponemos al conjunto de los docentes y p\u00fablico interesado la gestaci\u00f3n de instancias de debate, de formaci\u00f3n y generaci\u00f3n de propuestas que permitan abordar la planificaci\u00f3n energ\u00e9tica nacional desde una mirada que incluya el inter\u00e9s soberano de la patria, las necesidades en esta nueva coyuntura y que a su vez sea respetuoso de nuestros bienes comunes y su defensa.<\/p>\n<p><strong>Inicio:<\/strong> 24 de mayo 10:00 hs<br \/>\n<strong>Modalidad:<\/strong> Virtual sincr\u00f3nica<br \/>\n<strong>Duraci\u00f3n:<\/strong> 40 horas<br \/>\n<strong>Costo:<\/strong> $13.600 en total[\/vc_column_text][vc_empty_space height=\u00bb20px\u00bb][\/vc_column][\/vc_row][vc_row][vc_column]<a href=\"https:\/\/www.eam.iua.edu.ar\/eam\/wp-content\/uploads\/2024\/05\/Programa-Seminario-Posgrado_Matriz-Energetica-y-Bienes-Comunes.pdf\" class=\"sc_button sc_button_square sc_button_style_filled sc_button_bg_link sc_button_size_small alignleft popup_link\" style=\"color:#ffffff;background-color:#dd9933; border-color:#dd9933;\">Acceder al programa completo del Seminario<\/a>[\/vc_column][\/vc_row][vc_row][vc_column][vc_empty_space height=\u00bb20px\u00bb][\/vc_column][\/vc_row][vc_row][vc_column][vc_column_text]<strong>Requisitos de Inscripci\u00f3n:<br \/>\n<\/strong>T\u00edtulo universitario de grado o de nivel superior no universitario de al menos cuatro (4) a\u00f1os de duraci\u00f3n. Para inscripciones se requiere completar el siguiente formulario: <a href=\"https:\/\/forms.gle\/jxsiTn3bpNjJgvyv6\">https:\/\/forms.gle\/jxsiTn3bpNjJgvyv6<\/a><\/p>\n<p>En caso de excepci\u00f3n, contactar a <a href=\"mailto:cursos.posgrado@undef.edu.ar\">cursos.posgrado@undef.edu.ar<\/a><\/p>\n<p><strong>Para recibir mayor informaci\u00f3n, podr\u00e1 escribir a los siguientes correos electr\u00f3nicos: <\/strong><\/p>\n<p><a href=\"mailto:cursos.posgrado@undef.edu.ar\">cursos.posgrado@undef.edu.ar<\/a><br \/>\n<a href=\"mailto:secretariainvestigacion.eam@gmail.com\">secretariainvestigacion.eam@gmail.com<\/a><br \/>\n<a href=\"mailto:secretariainvestigac@eam.iua.edu.ar\">secretariainvestigac@eam.iua.edu.ar<\/a><\/p>\n<p>Link a p\u00e1gina UNDEF <a href=\"https:\/\/www.undef.edu.ar\/12442-2\/\">https:\/\/www.undef.edu.ar\/12442-2\/<\/a><br \/>\nINSTAGRAM UNDEF : <a href=\"https:\/\/www.instagram.com\/p\/C6OozQ6MI4s\/?igsh=ODIzbHFjZzBram1n\">https:\/\/www.instagram.com\/p\/C6OozQ6MI4s\/?igsh=ODIzbHFjZzBram1n<\/a><\/p>\n<p><strong>Secretar\u00eda de Investigaci\u00f3n<\/strong><br \/>\nTel\u00e9fono 4333900 &#8211; Int. 37466<br \/>\nCuerpo de Cadetes<br \/>\nEscuela de Aviaci\u00f3n Militar[\/vc_column_text][\/vc_column][\/vc_row]<\/p>\n","protected":false},"excerpt":{"rendered":"<p>[vc_row][vc_column][vc_column_text] En el marco del Programa de Posgrados Estrat\u00e9gicos de la Universidad de la Defensa Nacional (UNDEF), la Escuela de Aviaci\u00f3n Militar dictar\u00e1 el Seminario de Posgrado \u201cMatriz Energ\u00e9tica y Bienes Comunes\u201d a cargo de los Docentes: Dr. Rodolfo Kempf\u00a0 y Mg. Atilio V. Zattara. Fundamentaci\u00f3n La planificaci\u00f3n energ\u00e9tica y nuestras l\u00edneas de alta tensi\u00f3n [&hellip;]<\/p>\n","protected":false},"author":5,"featured_media":13550,"comment_status":"closed","ping_status":"closed","sticky":false,"template":"","format":"standard","meta":{"_joinchat":[],"footnotes":""},"categories":[129],"tags":[],"class_list":["post-13542","post","type-post","status-publish","format-standard","has-post-thumbnail","hentry","category-secretaria-de-investigacion"],"_links":{"self":[{"href":"http:\/\/www.eam.iua.edu.ar\/eam\/wp-json\/wp\/v2\/posts\/13542","targetHints":{"allow":["GET"]}}],"collection":[{"href":"http:\/\/www.eam.iua.edu.ar\/eam\/wp-json\/wp\/v2\/posts"}],"about":[{"href":"http:\/\/www.eam.iua.edu.ar\/eam\/wp-json\/wp\/v2\/types\/post"}],"author":[{"embeddable":true,"href":"http:\/\/www.eam.iua.edu.ar\/eam\/wp-json\/wp\/v2\/users\/5"}],"replies":[{"embeddable":true,"href":"http:\/\/www.eam.iua.edu.ar\/eam\/wp-json\/wp\/v2\/comments?post=13542"}],"version-history":[{"count":8,"href":"http:\/\/www.eam.iua.edu.ar\/eam\/wp-json\/wp\/v2\/posts\/13542\/revisions"}],"predecessor-version":[{"id":13553,"href":"http:\/\/www.eam.iua.edu.ar\/eam\/wp-json\/wp\/v2\/posts\/13542\/revisions\/13553"}],"wp:featuredmedia":[{"embeddable":true,"href":"http:\/\/www.eam.iua.edu.ar\/eam\/wp-json\/wp\/v2\/media\/13550"}],"wp:attachment":[{"href":"http:\/\/www.eam.iua.edu.ar\/eam\/wp-json\/wp\/v2\/media?parent=13542"}],"wp:term":[{"taxonomy":"category","embeddable":true,"href":"http:\/\/www.eam.iua.edu.ar\/eam\/wp-json\/wp\/v2\/categories?post=13542"},{"taxonomy":"post_tag","embeddable":true,"href":"http:\/\/www.eam.iua.edu.ar\/eam\/wp-json\/wp\/v2\/tags?post=13542"}],"curies":[{"name":"wp","href":"https:\/\/api.w.org\/{rel}","templated":true}]}}