{"id":1355,"date":"1982-04-02T14:40:54","date_gmt":"1982-04-02T17:40:54","guid":{"rendered":"http:\/\/localhost\/eam\/?p=1355"},"modified":"2018-04-20T10:32:34","modified_gmt":"2018-04-20T13:32:34","slug":"diversion","status":"publish","type":"post","link":"http:\/\/www.eam.iua.edu.ar\/eam\/diversion\/","title":{"rendered":"DIVERSI\u00d3N"},"content":{"rendered":"<p>[vc_row][vc_column][vc_column_text css=\u00bb.vc_custom_1524230936435{padding-right: 4em !important;padding-left: 4em !important;}\u00bb]<em>por Comodoro (R) Antonio Florentino BUIRA<\/em><\/p>\n<p style=\"text-align: justify;\">Tripulaci\u00f3n. : Cap Antonio Florentino Buira, Cap Carlos Pane. Regres\u00e1bamos de una misi\u00f3n de diversi\u00f3n, finalizadas las tareas posteriores al vuelo, nos dirigimos con Pane a Operaciones, a informar las novedades del vuelo, no lo hab\u00edamos pasado muy bien, porque nuestro numeral se volvi\u00f3 por fallas t\u00e9cnicas, nos hab\u00edan corrido los Sea Harrier y est\u00e1bamos asustados, Pane que venia atr\u00e1s m\u00edo tomo el mismo paso que llevaba yo, exager\u00e1ndolo un poco, se coloc\u00f3 la lapicera en la oreja, como lo hab\u00eda visto al Brig. Corino, no tuvo mejor idea que hacerle un chiste: (por la misi\u00f3n, Diversi\u00f3n) \u201cMire Don patr\u00f3n en este vuelo no encontramos el chocolate para hacer submarino, pero si le podemos dejar algunas Titas o Rhodesias (por el avi\u00f3n de Terrabussi LV-OFV), esbozo una sonrisa como diciendo vuelven de una misi\u00f3n y hacen esto. Lo que nadie sabia era que nosotros hac\u00edamos esto para sacarnos de adentro toda esa carga que llamamos susto. Esas ocurrencias del momento hac\u00edan dibujar una sonrisa hasta al m\u00e1s pintado.<\/p>\n<p style=\"text-align: justify;\"><strong>LV OFV<\/strong>\u00a0Yo me encontraba en Comodoro Rivadavia con un G II Fotogr\u00e1fico, el F- 33, a disposici\u00f3n del Centro Aerofotogr\u00e1fico Comodoro Rivadavia. Como a partir del d\u00eda 28 de abril de 1982, solo volar\u00edan dentro de la Zona de Exclusi\u00f3n, Personal Militar (En Actividad, Convocados o Retirados). El jefe de escuadr\u00f3n, Mayor Juan Jos\u00e9 Falconier nos reuni\u00f3 asign\u00e1ndonos el avi\u00f3n Lear jet 35 A de la Empresa Terrabussi. Usted Capit\u00e1n Antonio Florentino Buira se desempe\u00f1ar\u00e1 como Comandante de Aeronave y usted Capit\u00e1n Carlos Pane como Copiloto del LR-35 A Matricula LV \u2013 OFV. No hacia mucho tiempo el jefe del Grupo Aerofotogr\u00e1fico, Comodoro Estrella, me hab\u00eda tomado la Inspecci\u00f3n de Etapa III, en este tipo de aeronave.<\/p>\n<p style=\"text-align: justify;\">El Mayor Falconier, nos presento al piloto de esta aeronave el Se\u00f1or Harris Steward, dici\u00e9ndonos que nos hici\u00e9ramos cargo de la aeronave, realiz\u00e1ramos cabina y nos sac\u00e1ramos todas las dudas con el Sr. Steward, respecto a esta m\u00e1quina, la \u00fanica diferencia, era que no tenia el caj\u00f3n fotogr\u00e1fico, como los aviones de Fuerza A\u00e9rea y el equipo de navegaci\u00f3n inercial, en vez de un Liton era un VLF, nos sentamos en cabina, Steward se sent\u00f3 en el asiento del mec\u00e1nico para supervisar la acci\u00f3n, nuestro mec\u00e1nico siempre atento y vigilante se hab\u00eda sentado en el primer asiento de pasajero, observando el trabajo en cabina, primero visualizamos el panel de Instrumentos, panel de fusibles, panel de llaves, etc.<\/p>\n<p style=\"text-align: justify;\">Luego el Capit\u00e1n Pane, tom\u00f3 la LCP (Lista de Control de Procedimientos) y comenz\u00f3 a le\u00e9rmela en voz alta, mientras yo ejecutaba la acci\u00f3n, en un momento, con mirada de c\u00f3mplice, me dice: control de mezcla rica y magnetos, all\u00ed comenz\u00f3 la charla entre nosotros, no la encuentro respond\u00ed, \u00bfdonde estar\u00e1?, preg\u00fantele al Sr. Steward me respondi\u00f3. Me di vuelta para preguntarle a Steward, su cara era de asombro, nos miraba azorado, no pod\u00eda creer lo que estaba escuchando. Pane a todo esto segu\u00eda con su tema; control de paso de h\u00e9lice, de pronto me dice Se\u00f1or, se fijo que diferente que es todo esto, al Mentor T-34, (Avi\u00f3n monomotor a pist\u00f3n con h\u00e9lice) y ahora que vamos a hacer, en eso veo que Steward, sale ofuscado y protestando del avi\u00f3n, yendo en busca del Mayor Falconier, Pane al verlo venir, dice, sonamos Se\u00f1or, ah\u00ed viene el Cacho, parece que esta enojado y nos va a retar a los dos. Falconier nos llamo, bajamos del avi\u00f3n, nos pregunto que hab\u00eda pasado, ya nos conoc\u00eda y sabia de esta dupla, Steward muy enojado, dec\u00eda, Se\u00f1or, como le va a dar mi avi\u00f3n a estos irresponsables, que no tienen ni idea de lo que es un Jet, me lo van a romper ni bien quieran ponerlo en marcha, el Mayor Falconier nos permiti\u00f3 que le explic\u00e1ramos, que era una broma, nosotros nos deshac\u00edamos tratando de convencer a Steward, que todo hab\u00eda sido un chiste, que hab\u00edamos hecho simulador en la Fly Safety y la fabrica me hab\u00eda homologado como Capit\u00e1n, que la II Brigada A\u00e9rea, a trav\u00e9s del Jefe de Grupo, me Inspeccion\u00f3 habilit\u00e1ndome para volar estas m\u00e1quinas, como Comandante, o Etapa III, que no se preocupara, que se la cuidar\u00edamos como si fuera nuestra, solo nos tenia que explicar donde solt\u00e1bamos el VLF para que comience a funcionar, nos dio las explicaciones correspondientes al caso. No muy convencido se fue no lo volv\u00ed a ver mas me gustar\u00eda encontrarme con el.<\/p>\n<p style=\"text-align: justify;\">Nos quedamos con el May. Falconier, quien por supuesto nos puso en onda a los dos, finalizado el llamado de atenci\u00f3n nos dijo que esa tarde partir\u00edamos para R\u00edo Grande en ese avi\u00f3n, poni\u00e9ndonos a disposici\u00f3n del Jefe del Sector Defensa A\u00e9rea R\u00edo Grande. Nos hicimos cargo del avi\u00f3n y volamos el LV-OFV cumplimentando las misiones ordenadas<\/p>\n<p>[\/vc_column_text][vc_empty_space height=\u00bb2em\u00bb][vc_btn title=\u00bbVolver\u00bb align=\u00bbcenter\u00bb link=\u00bburl:http%3A%2F%2Fwww.eam2.iua.edu.ar%2Feam%2Fguerra-de-malvinas%2F|||\u00bb][\/vc_column][\/vc_row]<\/p>\n","protected":false},"excerpt":{"rendered":"<p>[vc_row][vc_column][vc_column_text css=\u00bb.vc_custom_1524230936435{padding-right: 4em !important;padding-left: 4em !important;}\u00bb]por Comodoro (R) Antonio Florentino BUIRA Tripulaci\u00f3n. : Cap Antonio Florentino Buira, Cap Carlos Pane. Regres\u00e1bamos de una misi\u00f3n de diversi\u00f3n, finalizadas las tareas posteriores al vuelo, nos dirigimos con Pane a Operaciones, a informar las novedades del vuelo, no lo hab\u00edamos pasado muy bien, porque nuestro numeral se volvi\u00f3 [&hellip;]<\/p>\n","protected":false},"author":1,"featured_media":1360,"comment_status":"closed","ping_status":"closed","sticky":false,"template":"","format":"standard","meta":{"_joinchat":[],"footnotes":""},"categories":[67],"tags":[95,874,68],"class_list":["post-1355","post","type-post","status-publish","format-standard","has-post-thumbnail","hentry","category-anecdotas-y-relatos","tag-eam","tag-escuela-de-aviacion","tag-malvinas"],"_links":{"self":[{"href":"http:\/\/www.eam.iua.edu.ar\/eam\/wp-json\/wp\/v2\/posts\/1355","targetHints":{"allow":["GET"]}}],"collection":[{"href":"http:\/\/www.eam.iua.edu.ar\/eam\/wp-json\/wp\/v2\/posts"}],"about":[{"href":"http:\/\/www.eam.iua.edu.ar\/eam\/wp-json\/wp\/v2\/types\/post"}],"author":[{"embeddable":true,"href":"http:\/\/www.eam.iua.edu.ar\/eam\/wp-json\/wp\/v2\/users\/1"}],"replies":[{"embeddable":true,"href":"http:\/\/www.eam.iua.edu.ar\/eam\/wp-json\/wp\/v2\/comments?post=1355"}],"version-history":[{"count":5,"href":"http:\/\/www.eam.iua.edu.ar\/eam\/wp-json\/wp\/v2\/posts\/1355\/revisions"}],"predecessor-version":[{"id":5274,"href":"http:\/\/www.eam.iua.edu.ar\/eam\/wp-json\/wp\/v2\/posts\/1355\/revisions\/5274"}],"wp:featuredmedia":[{"embeddable":true,"href":"http:\/\/www.eam.iua.edu.ar\/eam\/wp-json\/wp\/v2\/media\/1360"}],"wp:attachment":[{"href":"http:\/\/www.eam.iua.edu.ar\/eam\/wp-json\/wp\/v2\/media?parent=1355"}],"wp:term":[{"taxonomy":"category","embeddable":true,"href":"http:\/\/www.eam.iua.edu.ar\/eam\/wp-json\/wp\/v2\/categories?post=1355"},{"taxonomy":"post_tag","embeddable":true,"href":"http:\/\/www.eam.iua.edu.ar\/eam\/wp-json\/wp\/v2\/tags?post=1355"}],"curies":[{"name":"wp","href":"https:\/\/api.w.org\/{rel}","templated":true}]}}