{"id":13728,"date":"2024-06-20T19:08:14","date_gmt":"2024-06-20T22:08:14","guid":{"rendered":"http:\/\/www.eam.iua.edu.ar\/eam\/?p=13728"},"modified":"2024-06-20T19:08:14","modified_gmt":"2024-06-20T22:08:14","slug":"cadetes-soldados-y-veteranos-unidos-en-un-si-juro","status":"publish","type":"post","link":"http:\/\/www.eam.iua.edu.ar\/eam\/cadetes-soldados-y-veteranos-unidos-en-un-si-juro\/","title":{"rendered":"Cadetes, Soldados y Veteranos unidos en un \u201cSi, Juro\u201d"},"content":{"rendered":"<p>[vc_row][vc_column][vc_column_text]<\/p>\n<p align=\"justify\">Este 20 de junio se vivi\u00f3 una jornada muy especial en la Escuela de Aviaci\u00f3n Militar. Cadetes de I a\u00f1o del Instituto junto a Soldados Voluntarios de la Guarnici\u00f3n A\u00e9rea C\u00f3rdoba juraron fidelidad al Pabell\u00f3n Nacional, un momento trascendente en la vida militar, en el cual todos se comprometen ante la esencia, la identidad, el pasado, el presente y el futuro de todo el pueblo argentino. Este 20 de junio tuvo una impronta especial, ya que Veteranos de la Guerra de Malvinas estuvieron presentes y pudieron renovar el compromiso asumido cuando defendieron a la Patria durante el Conflicto del Atl\u00e1ntico Sur en 1982.<\/p>\n<p>[\/vc_column_text][\/vc_column][\/vc_row][vc_row][vc_column][vc_empty_space height=\u00bb20px\u00bb][\/vc_column][\/vc_row][vc_row][vc_column]<figure class=\"sc_image  alignleft sc_image_shape_square\"><img decoding=\"async\" src=\"http:\/\/www.eam.iua.edu.ar\/eam\/wp-content\/uploads\/2024\/06\/DiaDeLaBandera-3.webp\" alt=\"\" \/><\/figure>[\/vc_column][\/vc_row][vc_row][vc_column][vc_empty_space height=\u00bb20px\u00bb][\/vc_column][\/vc_row][vc_row][vc_column][vc_column_text]<\/p>\n<p align=\"justify\">La ceremonia se realiz\u00f3 en la Plaza de Armas General San Mart\u00edn y estuvo presidida por el Jefe de la Guarnici\u00f3n A\u00e9rea C\u00f3rdoba y Director de la Escuela de Aviaci\u00f3n Militar, Comodoro Mayor D. Marcelo Abel Ramadori, quien estuvo acompa\u00f1ado por Jefes de Unidades y Organismos de la G.A.C, Veteranos de la Guerra de Malvinas, Autoridades del CPC Ruta 20, Personal Militar Superior, Subalterno, Civil, Docente, Cadetes, Tropa Voluntaria y familiares.<\/p>\n<p>[\/vc_column_text][\/vc_column][\/vc_row][vc_row][vc_column][vc_empty_space height=\u00bb20px\u00bb][\/vc_column][\/vc_row][vc_row][vc_column]<figure class=\"sc_image  alignleft sc_image_shape_square\"><img decoding=\"async\" src=\"http:\/\/www.eam.iua.edu.ar\/eam\/wp-content\/uploads\/2024\/06\/DiaDeLaBandera-1.webp\" alt=\"\" \/><\/figure>[\/vc_column][\/vc_row][vc_row][vc_column][vc_empty_space height=\u00bb20px\u00bb][\/vc_column][\/vc_row][vc_row][vc_column][vc_column_text]<\/p>\n<p align=\"justify\">El Jefe de la G.A.C fue quien pronunci\u00f3 las palabras alusivas, destacando la presencia de Veteranos de la Guerra de Malvinas en tan importante evento: <strong>\u201cHoy han sido invitados en este especial ceremonia a renovar con fervor su juramento de fidelidad a la Bandera Nacional, de la misma manera que en 1982 lo evidenciaron defendiendo nuestro Pabell\u00f3n Nacional en el campo de batalla\u201d<\/strong>. Tambi\u00e9n se refiri\u00f3 al personal militar que prest\u00f3 juramento: <strong>\u201cCadetes y Soldados Voluntarios, este juramento los compromete a vivir el presente y el futuro como hombres y mujeres de bien, custodios de las glorias y tradiciones de la Naci\u00f3n. Este juramento no solo implica dar la vida en defensa de los valores trascendentales, sino que adem\u00e1s exige honor, integridad, honradez y vocaci\u00f3n de servicio para con la sociedad a la que pertenecemos\u201d<\/strong><\/p>\n<p>Frente a la Bandera de Guerra portada por sus abanderado y escoltas, el Comodoro Mayor Marcelo A. Ramadori pronunci\u00f3 la f\u00f3rmula del juramento y al un\u00edsono, los cadetes, soldados voluntarios y Veteranos de la Guerra de Malvinas se unieron al grito de <strong>\u201cSI, JURO\u201d<\/strong>.<br \/>\nPara coronar este momento destacado, cada uno de ellos pas\u00f3 rindiendo honores al Pabell\u00f3n Nacional ubicado frente al palco de autoridades.<br \/>\nLa ceremonia finaliz\u00f3 con un desfile terrestre de todo el personal militar en formaci\u00f3n, encabezado por Veteranos de la Guerra de Malvinas presentes.[\/vc_column_text][\/vc_column][\/vc_row][vc_row][vc_column][vc_empty_space height=\u00bb25px\u00bb][\/vc_column][\/vc_row][vc_row][vc_column]<blockquote class=\"sc_quote\"><p>\u00a1Si, Juro!<\/p><\/blockquote>[\/vc_column][\/vc_row][vc_row][vc_column][vc_gallery type=\u00bbimage_grid\u00bb images=\u00bb13729,13733,13731,13730,13732,13734,13735,13736,13737,13738&#8243;][\/vc_column][\/vc_row]<\/p>\n","protected":false},"excerpt":{"rendered":"<p>[vc_row][vc_column][vc_column_text] Este 20 de junio se vivi\u00f3 una jornada muy especial en la Escuela de Aviaci\u00f3n Militar. Cadetes de I a\u00f1o del Instituto junto a Soldados Voluntarios de la Guarnici\u00f3n A\u00e9rea C\u00f3rdoba juraron fidelidad al Pabell\u00f3n Nacional, un momento trascendente en la vida militar, en el cual todos se comprometen ante la esencia, la identidad, [&hellip;]<\/p>\n","protected":false},"author":5,"featured_media":13731,"comment_status":"closed","ping_status":"closed","sticky":false,"template":"","format":"standard","meta":{"_joinchat":[],"footnotes":""},"categories":[2995],"tags":[221,122,95,874,1890,660,1259],"class_list":["post-13728","post","type-post","status-publish","format-standard","has-post-thumbnail","hentry","category-noticias-2","tag-cadetes","tag-ceremonias","tag-eam","tag-escuela-de-aviacion","tag-escuela-de-aviacion-militar","tag-faa","tag-fuerza-aerea-argentina"],"_links":{"self":[{"href":"http:\/\/www.eam.iua.edu.ar\/eam\/wp-json\/wp\/v2\/posts\/13728","targetHints":{"allow":["GET"]}}],"collection":[{"href":"http:\/\/www.eam.iua.edu.ar\/eam\/wp-json\/wp\/v2\/posts"}],"about":[{"href":"http:\/\/www.eam.iua.edu.ar\/eam\/wp-json\/wp\/v2\/types\/post"}],"author":[{"embeddable":true,"href":"http:\/\/www.eam.iua.edu.ar\/eam\/wp-json\/wp\/v2\/users\/5"}],"replies":[{"embeddable":true,"href":"http:\/\/www.eam.iua.edu.ar\/eam\/wp-json\/wp\/v2\/comments?post=13728"}],"version-history":[{"count":2,"href":"http:\/\/www.eam.iua.edu.ar\/eam\/wp-json\/wp\/v2\/posts\/13728\/revisions"}],"predecessor-version":[{"id":13740,"href":"http:\/\/www.eam.iua.edu.ar\/eam\/wp-json\/wp\/v2\/posts\/13728\/revisions\/13740"}],"wp:featuredmedia":[{"embeddable":true,"href":"http:\/\/www.eam.iua.edu.ar\/eam\/wp-json\/wp\/v2\/media\/13731"}],"wp:attachment":[{"href":"http:\/\/www.eam.iua.edu.ar\/eam\/wp-json\/wp\/v2\/media?parent=13728"}],"wp:term":[{"taxonomy":"category","embeddable":true,"href":"http:\/\/www.eam.iua.edu.ar\/eam\/wp-json\/wp\/v2\/categories?post=13728"},{"taxonomy":"post_tag","embeddable":true,"href":"http:\/\/www.eam.iua.edu.ar\/eam\/wp-json\/wp\/v2\/tags?post=13728"}],"curies":[{"name":"wp","href":"https:\/\/api.w.org\/{rel}","templated":true}]}}