{"id":13753,"date":"2024-06-28T16:49:31","date_gmt":"2024-06-28T19:49:31","guid":{"rendered":"http:\/\/www.eam.iua.edu.ar\/eam\/?p=13753"},"modified":"2024-06-28T16:49:31","modified_gmt":"2024-06-28T19:49:31","slug":"ceremonia-de-vuelo-solo-del-cbcpm-y-cam","status":"publish","type":"post","link":"http:\/\/www.eam.iua.edu.ar\/eam\/ceremonia-de-vuelo-solo-del-cbcpm-y-cam\/","title":{"rendered":"Ceremonia de Vuelo Solo del CBCPM y CAM"},"content":{"rendered":"<p>[vc_row][vc_column][vc_column_text]<\/p>\n<p align=\"justify\">El vuelo solo es una de las instancias decisivas en la carrera de quienes aspiran ser custodios de nuestros cielos. La Escuela de Aviaci\u00f3n Militar fue el escenario en el cual oficiales cursantes del Ej\u00e9rcito Argentino, Armada Argentina y de pa\u00edses como Panam\u00e1, Paraguay y Senegal realizaron su Primer Vuelo Solo del Curso B\u00e1sico Conjunto de Aviador MIlitar (CBCPM) en los sistemas de armas Tecnam P 2002. Tambi\u00e9n, oficiales de la Fuerza A\u00e9rea Argentina y la Fuerza A\u00e9rea de Uruguay realizaron su Primer Vuelo del Curso de Aviador Militar (CAM) en el sistema de armas T-6C Texan II.<\/p>\n<p>[\/vc_column_text][\/vc_column][\/vc_row][vc_row][vc_column][vc_empty_space height=\u00bb15px\u00bb][\/vc_column][\/vc_row][vc_row][vc_column]<figure class=\"sc_image  alignleft sc_image_shape_square\"><img decoding=\"async\" src=\"http:\/\/www.eam.iua.edu.ar\/eam\/wp-content\/uploads\/2024\/06\/VueloSolo10.webp\" alt=\"\" \/><\/figure>[\/vc_column][\/vc_row][vc_row][vc_column][vc_empty_space height=\u00bb20px\u00bb][\/vc_column][\/vc_row][vc_row][vc_column][vc_column_text]<\/p>\n<p align=\"justify\">La ceremonia estuvo presidida por el Jefe del Estado Mayor General de la Fuerza A\u00e9rea Argentina, Brigadier Mayor D. Fernando Luis Mengo, quien estuvo acompa\u00f1ado por el Jefe de Estado Mayor de la Armada Argentina, Contraalmirante D. Carlos Allievi. Estuvo presente el Subjefe del Estado Mayor Conjunto de las Fuerzas Armadas, Contraalmirante D. Marcelo Dalle Nogare, adem\u00e1s de destacadas autoridades del Ministerio de Defensa, de las Fuerzas Armadas de la Naci\u00f3n y autoridades de la Fuerza A\u00e9rea Argentina en actividad y en situaci\u00f3n de retiro.<\/p>\n<p align=\"justify\">Las palabras alusivas estuvieron a cargo del Vicecomodoro N\u00e9stor Fabi\u00e1n BRUNETTA, Jefe del Grupo A\u00e9reo Escuela, quien destac\u00f3 la importancia institucional de este evento y el esfuerzo mancomunado que llevaron a cabo diversas \u00e1reas de la Fuerza A\u00e9rea para cumplir con este objetivo. <span style=\"font-weight: 400\">A los cursantes se dirigi\u00f3 expresando emotivas palabras: <strong>\u201cSepan que este es el inicio de una larga carrera, llena de desaf\u00edos y obst\u00e1culos que demandar\u00e1n de ustedes compromiso, dedicaci\u00f3n y esfuerzo por ser cada d\u00eda m\u00e1s profesionales y cumplir su prop\u00f3sito, Defender desde el aire todo aquello por lo cual dar\u00edan su vida\u201d<\/strong>. Tambi\u00e9n se dirigi\u00f3 a los instructores del Grupo A\u00e9reo Escuela: <strong>\u201cAviadores militares especialmente seleccionados desde sus respectivos escuadrones operativos por su profesionalismo y capacidades particulares para la instrucci\u00f3n a\u00e9rea, portadores del ADN de Malvinas, descansa en ustedes la enorme tarea de transformar en realidad el sue\u00f1o de sus alumnos, de desafiar lo natural y volar, y as\u00ed lo est\u00e1n haciendo\u201d.<\/strong><\/span><\/p>\n<p align=\"justify\">El momento destacado de la ceremonia se vivi\u00f3 cuando los cursantes recibieron sus escudos y pa\u00f1uelo distintivo, s\u00edmbolos que fueron previamente bendecidos por el capell\u00e1n de la Escuela de Aviaci\u00f3n, Presb\u00edtero Rafael Melida. Luego de la lectura de la orden del d\u00eda, los oficiales firmaron el libro hist\u00f3rico y adoptaron el dispositivo para la entrega de los pa\u00f1uelos y escudos por parte de las autoridades presentes.<\/p>\n<p align=\"justify\">La ceremonia finaliz\u00f3 con la entonaci\u00f3n de la marcha Alas Argentinas, marcha que identifica a quienes defienden y custodian la Patria desde el aire, mientras dos aviones <span style=\"font-weight: 400\">A-4AR Fightinghawk hicieron su paso desde el aire. <\/span><\/p>\n<p>[\/vc_column_text][\/vc_column][\/vc_row][vc_row][vc_column][vc_empty_space height=\u00bb20px\u00bb][\/vc_column][\/vc_row][vc_row][vc_column][vc_gallery type=\u00bbimage_grid\u00bb images=\u00bb13755,13756,13765,13762,13761,13760,13758,13757,13759,13763,13764&#8243;][\/vc_column][\/vc_row]<\/p>\n","protected":false},"excerpt":{"rendered":"<p>[vc_row][vc_column][vc_column_text] El vuelo solo es una de las instancias decisivas en la carrera de quienes aspiran ser custodios de nuestros cielos. La Escuela de Aviaci\u00f3n Militar fue el escenario en el cual oficiales cursantes del Ej\u00e9rcito Argentino, Armada Argentina y de pa\u00edses como Panam\u00e1, Paraguay y Senegal realizaron su Primer Vuelo Solo del Curso B\u00e1sico [&hellip;]<\/p>\n","protected":false},"author":5,"featured_media":13764,"comment_status":"closed","ping_status":"closed","sticky":false,"template":"","format":"standard","meta":{"_joinchat":[],"footnotes":""},"categories":[2995],"tags":[117,3022,122,95,874,1890,660,1259,1420,3096,132],"class_list":["post-13753","post","type-post","status-publish","format-standard","has-post-thumbnail","hentry","category-noticias-2","tag-cam","tag-cbcpm","tag-ceremonias","tag-eam","tag-escuela-de-aviacion","tag-escuela-de-aviacion-militar","tag-faa","tag-fuerza-aerea-argentina","tag-grupo-aereo-escuela","tag-tecnam-p-2002","tag-texan-ii"],"_links":{"self":[{"href":"http:\/\/www.eam.iua.edu.ar\/eam\/wp-json\/wp\/v2\/posts\/13753","targetHints":{"allow":["GET"]}}],"collection":[{"href":"http:\/\/www.eam.iua.edu.ar\/eam\/wp-json\/wp\/v2\/posts"}],"about":[{"href":"http:\/\/www.eam.iua.edu.ar\/eam\/wp-json\/wp\/v2\/types\/post"}],"author":[{"embeddable":true,"href":"http:\/\/www.eam.iua.edu.ar\/eam\/wp-json\/wp\/v2\/users\/5"}],"replies":[{"embeddable":true,"href":"http:\/\/www.eam.iua.edu.ar\/eam\/wp-json\/wp\/v2\/comments?post=13753"}],"version-history":[{"count":1,"href":"http:\/\/www.eam.iua.edu.ar\/eam\/wp-json\/wp\/v2\/posts\/13753\/revisions"}],"predecessor-version":[{"id":13766,"href":"http:\/\/www.eam.iua.edu.ar\/eam\/wp-json\/wp\/v2\/posts\/13753\/revisions\/13766"}],"wp:featuredmedia":[{"embeddable":true,"href":"http:\/\/www.eam.iua.edu.ar\/eam\/wp-json\/wp\/v2\/media\/13764"}],"wp:attachment":[{"href":"http:\/\/www.eam.iua.edu.ar\/eam\/wp-json\/wp\/v2\/media?parent=13753"}],"wp:term":[{"taxonomy":"category","embeddable":true,"href":"http:\/\/www.eam.iua.edu.ar\/eam\/wp-json\/wp\/v2\/categories?post=13753"},{"taxonomy":"post_tag","embeddable":true,"href":"http:\/\/www.eam.iua.edu.ar\/eam\/wp-json\/wp\/v2\/tags?post=13753"}],"curies":[{"name":"wp","href":"https:\/\/api.w.org\/{rel}","templated":true}]}}