{"id":13824,"date":"2024-07-09T13:43:18","date_gmt":"2024-07-09T16:43:18","guid":{"rendered":"http:\/\/www.eam.iua.edu.ar\/eam\/?p=13824"},"modified":"2024-07-09T13:43:18","modified_gmt":"2024-07-09T16:43:18","slug":"208-aniversario-de-la-independencia-nacional","status":"publish","type":"post","link":"http:\/\/www.eam.iua.edu.ar\/eam\/208-aniversario-de-la-independencia-nacional\/","title":{"rendered":"208\u00b0 Aniversario de la Independencia Nacional"},"content":{"rendered":"<p>[vc_row][vc_column][vc_column_text]<\/p>\n<p align=\"justify\">La Escuela de Aviaci\u00f3n Militar conmemor\u00f3 hoy el 208\u00b0 Aniversario de la Independencia de nuestro pa\u00eds. El Director del Instituto, Comodoro Mayor D. Marcelo Abel Ramadori presidi\u00f3 la ceremonia, que tuvo lugar en la Plaza de Armas General San Mart\u00edn. Participaron Veteranos de la Guerra de Malvinas, se\u00f1ores Brigadieres Mayores, Brigadieres y Personal Militar en situaci\u00f3n de retiro, adem\u00e1s del Personal Militar Superior, Subalterno, Cadetes, Tropa Voluntaria y Personal Civil de la Instituci\u00f3n y de la Guarnici\u00f3n A\u00e9rea C\u00f3rdoba.<\/p>\n<p align=\"justify\">La formaci\u00f3n comenz\u00f3 con el izamiento del Pabell\u00f3n Nacional y posteriormente se entonaron las estrofas del Himno Nacional Argentino.<br \/>\nSe ley\u00f3 adem\u00e1s el mensaje del Se\u00f1or Ministro de Defensa de la Naci\u00f3n, Luis Petri, dirigido al personal de las Fuerzas Armadas Nacionales y referido a tan importante fecha para nuestro pa\u00eds. <strong>\u201cNo fue f\u00e1cil lograr nuestra libertad como Naci\u00f3n, fue un proceso lento en el que participaron hombres y mujeres con distintas visiones e ideolog\u00edas dispuestos a abandonar sus intereses para perseguir el bien com\u00fan. Ellos conformaron las bases de un pueblo esperanzado, que busc\u00f3 construir un futuro de grandeza y prosperidad en esta tierra\u201d. <\/strong><\/p>\n<p align=\"justify\">Al finalizar la ceremonia, el personal presente disfrut\u00f3 del tradicional chocolate patrio.<\/p>\n<p>[\/vc_column_text][\/vc_column][\/vc_row][vc_row][vc_column][vc_empty_space height=\u00bb25px\u00bb][\/vc_column][\/vc_row][vc_row][vc_column][vc_gallery type=\u00bbimage_grid\u00bb images=\u00bb13832,13828,13825,13831,13830,13826,13827,13829,13833&#8243;][\/vc_column][\/vc_row]<\/p>\n","protected":false},"excerpt":{"rendered":"<p>[vc_row][vc_column][vc_column_text] La Escuela de Aviaci\u00f3n Militar conmemor\u00f3 hoy el 208\u00b0 Aniversario de la Independencia de nuestro pa\u00eds. El Director del Instituto, Comodoro Mayor D. Marcelo Abel Ramadori presidi\u00f3 la ceremonia, que tuvo lugar en la Plaza de Armas General San Mart\u00edn. Participaron Veteranos de la Guerra de Malvinas, se\u00f1ores Brigadieres Mayores, Brigadieres y Personal Militar [&hellip;]<\/p>\n","protected":false},"author":5,"featured_media":13828,"comment_status":"closed","ping_status":"closed","sticky":false,"template":"","format":"standard","meta":{"_joinchat":[],"footnotes":""},"categories":[2995],"tags":[122,95,874,1890],"class_list":["post-13824","post","type-post","status-publish","format-standard","has-post-thumbnail","hentry","category-noticias-2","tag-ceremonias","tag-eam","tag-escuela-de-aviacion","tag-escuela-de-aviacion-militar"],"_links":{"self":[{"href":"http:\/\/www.eam.iua.edu.ar\/eam\/wp-json\/wp\/v2\/posts\/13824","targetHints":{"allow":["GET"]}}],"collection":[{"href":"http:\/\/www.eam.iua.edu.ar\/eam\/wp-json\/wp\/v2\/posts"}],"about":[{"href":"http:\/\/www.eam.iua.edu.ar\/eam\/wp-json\/wp\/v2\/types\/post"}],"author":[{"embeddable":true,"href":"http:\/\/www.eam.iua.edu.ar\/eam\/wp-json\/wp\/v2\/users\/5"}],"replies":[{"embeddable":true,"href":"http:\/\/www.eam.iua.edu.ar\/eam\/wp-json\/wp\/v2\/comments?post=13824"}],"version-history":[{"count":1,"href":"http:\/\/www.eam.iua.edu.ar\/eam\/wp-json\/wp\/v2\/posts\/13824\/revisions"}],"predecessor-version":[{"id":13834,"href":"http:\/\/www.eam.iua.edu.ar\/eam\/wp-json\/wp\/v2\/posts\/13824\/revisions\/13834"}],"wp:featuredmedia":[{"embeddable":true,"href":"http:\/\/www.eam.iua.edu.ar\/eam\/wp-json\/wp\/v2\/media\/13828"}],"wp:attachment":[{"href":"http:\/\/www.eam.iua.edu.ar\/eam\/wp-json\/wp\/v2\/media?parent=13824"}],"wp:term":[{"taxonomy":"category","embeddable":true,"href":"http:\/\/www.eam.iua.edu.ar\/eam\/wp-json\/wp\/v2\/categories?post=13824"},{"taxonomy":"post_tag","embeddable":true,"href":"http:\/\/www.eam.iua.edu.ar\/eam\/wp-json\/wp\/v2\/tags?post=13824"}],"curies":[{"name":"wp","href":"https:\/\/api.w.org\/{rel}","templated":true}]}}