{"id":13888,"date":"2024-08-19T10:56:22","date_gmt":"2024-08-19T13:56:22","guid":{"rendered":"http:\/\/www.eam.iua.edu.ar\/eam\/?p=13888"},"modified":"2024-08-19T10:56:22","modified_gmt":"2024-08-19T13:56:22","slug":"174-aniversario-del-paso-a-la-inmortalidad-del-general-san-martin","status":"publish","type":"post","link":"http:\/\/www.eam.iua.edu.ar\/eam\/174-aniversario-del-paso-a-la-inmortalidad-del-general-san-martin\/","title":{"rendered":"174\u00b0 Aniversario del Paso a la Inmortalidad del General San Mart\u00edn"},"content":{"rendered":"<p>[vc_row][vc_column][vc_column_text]<\/p>\n<p align=\"justify\">Al conmemorarse un nuevo aniversario del Paso a la Inmortalidad del General D. Jos\u00e9 de San Mart\u00edn, la Escuela de Aviaci\u00f3n Militar particip\u00f3 de diversas ceremonias conmemorativas para recordar y rendir homenaje al Padre de la Patria.<\/p>\n<p align=\"justify\">En la Plaza de Armas General San Mart\u00edn de nuestra Instituci\u00f3n se rindi\u00f3 homenaje al General San Mart\u00edn con una ceremonia que fue presidida por el Subdirector del Instituto, Comodoro D. Marcelo Agosto, acompa\u00f1ado por Personal Militar Superior, Subalterno y Cadetes. All\u00ed, se efectu\u00f3 el izamiento del Pabell\u00f3n Nacional y posterior arr\u00edo a media asta y se ejecut\u00f3 un toque de silencio. Adem\u00e1s, se ley\u00f3 una rese\u00f1a de la vida del General San Mart\u00edn, la cual destaca su vida y su vocaci\u00f3n al servicio de la Patria.<\/p>\n<p>[\/vc_column_text][\/vc_column][\/vc_row][vc_row][vc_column][vc_empty_space height=\u00bb15px\u00bb][\/vc_column][\/vc_row][vc_row][vc_column][vc_gallery type=\u00bbimage_grid\u00bb images=\u00bb13897,13898,13900,13899,13901&#8243;][\/vc_column][\/vc_row][vc_row][vc_column][vc_empty_space height=\u00bb30px\u00bb][\/vc_column][\/vc_row][vc_row][vc_column][vc_column_text]<\/p>\n<p align=\"justify\">Por su parte, la Municipalidad de C\u00f3rdoba realiz\u00f3 el acto central en la Plaza San Mart\u00edn, en el centro de la ciudad, que fue presidido por el viceintendente municipal, Javier Prietto. El Subdirector de la E.A.M, Comodoro D. Marcelo Agosto particip\u00f3 del homenaje, al que tambi\u00e9n asistieron\u00a0 destacadas autoridades municipales, como tambi\u00e9n Personal Militar de las Fuerzas Armadas y de Seguridad de la ciudad.<\/p>\n<p>[\/vc_column_text][\/vc_column][\/vc_row][vc_row][vc_column][vc_empty_space height=\u00bb15px\u00bb][\/vc_column][\/vc_row][vc_row][vc_column][vc_gallery type=\u00bbimage_grid\u00bb images=\u00bb13894,13896,13895&#8243;][\/vc_column][\/vc_row][vc_row][vc_column][vc_empty_space height=\u00bb30px\u00bb][\/vc_column][\/vc_row][vc_row][vc_column][vc_column_text]<\/p>\n<p align=\"justify\">Adem\u00e1s, el Gobierno de la Provincia de C\u00f3rdoba realiz\u00f3, en la ciudad de Cruz del Eje, la ceremonia central provincial, que fue presidida por el gobernador Dr. Mart\u00edn Llaryora.<br \/>\nEn esta oportunidad, Oficiales, Abanderado y Escoltas, y Cadetes de la Escuela de Aviaci\u00f3n Militar participaron con gran prestancia del desfile c\u00edvico militar que se realiz\u00f3 por las calles de la ciudad.<\/p>\n<p>[\/vc_column_text][\/vc_column][\/vc_row][vc_row][vc_column][vc_empty_space height=\u00bb15px\u00bb][\/vc_column][\/vc_row][vc_row][vc_column][vc_gallery type=\u00bbimage_grid\u00bb images=\u00bb13902,13903&#8243;][\/vc_column][\/vc_row]<\/p>\n","protected":false},"excerpt":{"rendered":"<p>[vc_row][vc_column][vc_column_text] Al conmemorarse un nuevo aniversario del Paso a la Inmortalidad del General D. Jos\u00e9 de San Mart\u00edn, la Escuela de Aviaci\u00f3n Militar particip\u00f3 de diversas ceremonias conmemorativas para recordar y rendir homenaje al Padre de la Patria. En la Plaza de Armas General San Mart\u00edn de nuestra Instituci\u00f3n se rindi\u00f3 homenaje al General San [&hellip;]<\/p>\n","protected":false},"author":5,"featured_media":13897,"comment_status":"closed","ping_status":"closed","sticky":false,"template":"","format":"standard","meta":{"_joinchat":[],"footnotes":""},"categories":[2995],"tags":[221,122,121,95,874,1890,660,3039,1259],"class_list":["post-13888","post","type-post","status-publish","format-standard","has-post-thumbnail","hentry","category-noticias-2","tag-cadetes","tag-ceremonias","tag-cuerpo-cadetes","tag-eam","tag-escuela-de-aviacion","tag-escuela-de-aviacion-militar","tag-faa","tag-formacionmilitar","tag-fuerza-aerea-argentina"],"_links":{"self":[{"href":"http:\/\/www.eam.iua.edu.ar\/eam\/wp-json\/wp\/v2\/posts\/13888","targetHints":{"allow":["GET"]}}],"collection":[{"href":"http:\/\/www.eam.iua.edu.ar\/eam\/wp-json\/wp\/v2\/posts"}],"about":[{"href":"http:\/\/www.eam.iua.edu.ar\/eam\/wp-json\/wp\/v2\/types\/post"}],"author":[{"embeddable":true,"href":"http:\/\/www.eam.iua.edu.ar\/eam\/wp-json\/wp\/v2\/users\/5"}],"replies":[{"embeddable":true,"href":"http:\/\/www.eam.iua.edu.ar\/eam\/wp-json\/wp\/v2\/comments?post=13888"}],"version-history":[{"count":3,"href":"http:\/\/www.eam.iua.edu.ar\/eam\/wp-json\/wp\/v2\/posts\/13888\/revisions"}],"predecessor-version":[{"id":13906,"href":"http:\/\/www.eam.iua.edu.ar\/eam\/wp-json\/wp\/v2\/posts\/13888\/revisions\/13906"}],"wp:featuredmedia":[{"embeddable":true,"href":"http:\/\/www.eam.iua.edu.ar\/eam\/wp-json\/wp\/v2\/media\/13897"}],"wp:attachment":[{"href":"http:\/\/www.eam.iua.edu.ar\/eam\/wp-json\/wp\/v2\/media?parent=13888"}],"wp:term":[{"taxonomy":"category","embeddable":true,"href":"http:\/\/www.eam.iua.edu.ar\/eam\/wp-json\/wp\/v2\/categories?post=13888"},{"taxonomy":"post_tag","embeddable":true,"href":"http:\/\/www.eam.iua.edu.ar\/eam\/wp-json\/wp\/v2\/tags?post=13888"}],"curies":[{"name":"wp","href":"https:\/\/api.w.org\/{rel}","templated":true}]}}