{"id":13919,"date":"2024-08-21T13:11:18","date_gmt":"2024-08-21T16:11:18","guid":{"rendered":"http:\/\/www.eam.iua.edu.ar\/eam\/?p=13919"},"modified":"2024-08-21T13:49:32","modified_gmt":"2024-08-21T16:49:32","slug":"concurso-ayudante-docente","status":"publish","type":"post","link":"http:\/\/www.eam.iua.edu.ar\/eam\/concurso-ayudante-docente\/","title":{"rendered":"Concurso Ayudante de Docente"},"content":{"rendered":"<p>[vc_row][vc_column][vc_column_text]<\/p>\n<p style=\"text-align: justify;\">[\/vc_column_text][\/vc_column][\/vc_row][vc_row][vc_column][vc_column_text css=\u00bb.vc_custom_1724255369903{padding-right: 2em !important;}\u00bb]Se lleva a conocimiento al p\u00fablico en general, que la Escuela de Aviaci\u00f3n Militar realizar\u00e1 un Concurso Docente para cubrir <strong>UN (01) cargo<\/strong> de Ayudante de Docencia con car\u00e1cter Titular Permanente \u201cCondicional\u201d \u00a0para desempe\u00f1arse en la \u00ab<strong>Secci\u00f3n Medios Auxiliares de la Divisi\u00f3n Apoyo a la Ense\u00f1anza \u2013 Escuadr\u00f3n Estudios<\/strong>\u00bb, Seg\u00fan el siguiente detalle:<\/p>\n<p>\u2013 <strong>VEINTISIETE (27) horas semanales,<\/strong> horario de trabajo de lunes a viernes de 08 a 14 hs.[\/vc_column_text][vc_empty_space][vc_row_inner][vc_column_inner width=\u00bb1\/4&#8243;]<span class=\"sc_icon icon-calendar-light aligncenter\" style=\"font-size:2em; line-height: 1em;\"><\/span>[\/vc_column_inner][vc_column_inner width=\u00bb3\/4&#8243;][vc_empty_space][vc_column_text]<\/p>\n<p style=\"text-align: center;\"><strong>FECHA DE INSCRIPCI\u00d3N:<\/strong> <strong>12 AGO 24<\/strong> hasta el <strong>30 AGO 24<\/strong> de 09:00 a 13:00 hs, ambas fechas inclusive<\/p>\n<p>\u00a0[\/vc_column_text][\/vc_column_inner][\/vc_row_inner][vc_row_inner][vc_column_inner width=\u00bb1\/4&#8243;]<span class=\"sc_icon icon-graduation-light aligncenter\" style=\"font-size:2em; line-height: 1em;\"><\/span>[\/vc_column_inner][vc_column_inner width=\u00bb3\/4&#8243;][vc_column_text]<strong>PERFIL: DEBER\u00c1 ACREDITAR COMO M\u00cdNIMO T\u00cdTULO SECUNDARIO COMPLETO Y\/O T\u00cdTULO DE NIVEL SUPERIOR ADEM\u00c1S SE VALORAR\u00c1 EXPERIENCIA EN:<\/strong><br \/>\n&#8211;\u00a0\u00a0\u00a0\u00a0\u00a0\u00a0\u00a0\u00a0\u00a0 Experiencia comprobable en instituciones educativas, vinculadas al ordenamiento y desarrollo de la ense\u00f1anza en sus aspectos pr\u00e1cticos o experimentales.<br \/>\n&#8211;\u00a0\u00a0\u00a0\u00a0\u00a0\u00a0\u00a0\u00a0\u00a0 Trayectoria en actividades relacionadas con: imprenta.<br \/>\n&#8211;\u00a0\u00a0\u00a0\u00a0\u00a0\u00a0\u00a0\u00a0\u00a0 Capacidad para responder eficientemente a la preparaci\u00f3n o la reproducci\u00f3n\/impresi\u00f3n de materiales de ense\u00f1anza.[\/vc_column_text][vc_empty_space][\/vc_column_inner][\/vc_row_inner][vc_row_inner][vc_column_inner width=\u00bb1\/4&#8243;]<span class=\"sc_icon icon-file-pdf aligncenter\" style=\"font-size:2em; line-height: 1em;\"><\/span>[\/vc_column_inner][vc_column_inner width=\u00bb3\/4&#8243;][vc_column_text]<\/p>\n<p style=\"text-align: center;\"><strong>DESCARGAR<\/strong>: <a href=\"http:\/\/www.eam.iua.edu.ar\/eam\/wp-content\/uploads\/2024\/08\/OG-NRO-30-Imprenta1.pdf\" target=\"_blank\" rel=\"noopener noreferrer\">BASES DE LA CONVOCATORIA<\/a><\/p>\n<p>[\/vc_column_text][vc_empty_space][\/vc_column_inner][\/vc_row_inner][vc_row_inner][vc_column_inner width=\u00bb1\/4&#8243;]<span class=\"sc_icon icon-location-light aligncenter\" style=\"font-size:2em; line-height: 1em;\"><\/span>[\/vc_column_inner][vc_column_inner width=\u00bb3\/4&#8243;][vc_column_text]<\/p>\n<p style=\"text-align: center;\"><strong>LUGAR DE INSCRIPCI\u00d3N:<\/strong> Presencialmente en la Oficina<strong> \u00abDivisi\u00f3n Docentes\u00bb <\/strong>de la <strong>Escuela de Aviaci\u00f3n Militar. <\/strong>(ubicada en el Escuadr\u00f3n Estudios \u2013 Planta Alta).<\/p>\n<p>[\/vc_column_text][vc_empty_space][\/vc_column_inner][\/vc_row_inner][vc_row_inner][vc_column_inner width=\u00bb1\/4&#8243;]<span class=\"sc_icon icon-mail-light aligncenter\" style=\"font-size:2em; line-height: 1em;\"><\/span>[\/vc_column_inner][vc_column_inner width=\u00bb3\/4&#8243;][vc_column_text]<\/p>\n<p style=\"text-align: center;\"><strong>EMAIL:<\/strong> <a href=\"mailto:selecciondocente@eam.iua.edu.ar\">selecciondocente@eam.iua.edu.ar<\/a><\/p>\n<p style=\"text-align: justify;\">[\/vc_column_text][vc_empty_space][\/vc_column_inner][\/vc_row_inner][vc_row_inner][vc_column_inner width=\u00bb1\/4&#8243;]<span class=\"sc_icon icon-mobile-light aligncenter\" style=\"font-size:2em; line-height: 1em;\"><\/span>[\/vc_column_inner][vc_column_inner width=\u00bb3\/4&#8243;][vc_column_text]<\/p>\n<p style=\"text-align: center;\">TEL\u00c9FONO: (+54) 4333 900 &#8211; interno: 37259<\/p>\n<p>[\/vc_column_text][vc_empty_space][\/vc_column_inner][\/vc_row_inner][vc_row_inner][vc_column_inner width=\u00bb1\/4&#8243;]<span class=\"sc_icon icon-clock-empty aligncenter\" style=\"font-size:2em; line-height: 1em;\"><\/span>[\/vc_column_inner][vc_column_inner width=\u00bb3\/4&#8243;][vc_column_text]<\/p>\n<p style=\"text-align: center;\"><strong>HORARIO DE INSCRIPCI\u00d3N:<\/strong> 9:00 hs a 13:00hs.<\/p>\n<p style=\"text-align: justify;\">[\/vc_column_text][vc_empty_space][\/vc_column_inner][\/vc_row_inner][\/vc_column][\/vc_row][vc_row][vc_column][vc_empty_space][vc_empty_space][\/vc_column][\/vc_row][vc_row][vc_column][vc_column_text]<\/p>\n<p>[\/vc_column_text][\/vc_column][\/vc_row]<\/p>\n","protected":false},"excerpt":{"rendered":"<p>[vc_row][vc_column][vc_column_text][\/vc_column_text][\/vc_column][\/vc_row][vc_row][vc_column][vc_column_text css=\u00bb.vc_custom_1724255369903{padding-right: 2em !important;}\u00bb]Se lleva a conocimiento al p\u00fablico en general, que la Escuela de Aviaci\u00f3n Militar realizar\u00e1 un Concurso Docente para cubrir UN (01) cargo de Ayudante de Docencia con car\u00e1cter Titular Permanente \u201cCondicional\u201d \u00a0para desempe\u00f1arse en la \u00abSecci\u00f3n Medios Auxiliares de la Divisi\u00f3n Apoyo a la Ense\u00f1anza \u2013 Escuadr\u00f3n Estudios\u00bb, Seg\u00fan el [&hellip;]<\/p>\n","protected":false},"author":1,"featured_media":13923,"comment_status":"closed","ping_status":"closed","sticky":false,"template":"","format":"standard","meta":{"_joinchat":[],"footnotes":""},"categories":[2995],"tags":[2429,95,874,1890,3036,123,107],"class_list":["post-13919","post","type-post","status-publish","format-standard","has-post-thumbnail","hentry","category-noticias-2","tag-cordoba","tag-eam","tag-escuela-de-aviacion","tag-escuela-de-aviacion-militar","tag-profesor-docentes","tag-profesores","tag-seleccion-docente"],"_links":{"self":[{"href":"http:\/\/www.eam.iua.edu.ar\/eam\/wp-json\/wp\/v2\/posts\/13919","targetHints":{"allow":["GET"]}}],"collection":[{"href":"http:\/\/www.eam.iua.edu.ar\/eam\/wp-json\/wp\/v2\/posts"}],"about":[{"href":"http:\/\/www.eam.iua.edu.ar\/eam\/wp-json\/wp\/v2\/types\/post"}],"author":[{"embeddable":true,"href":"http:\/\/www.eam.iua.edu.ar\/eam\/wp-json\/wp\/v2\/users\/1"}],"replies":[{"embeddable":true,"href":"http:\/\/www.eam.iua.edu.ar\/eam\/wp-json\/wp\/v2\/comments?post=13919"}],"version-history":[{"count":3,"href":"http:\/\/www.eam.iua.edu.ar\/eam\/wp-json\/wp\/v2\/posts\/13919\/revisions"}],"predecessor-version":[{"id":13924,"href":"http:\/\/www.eam.iua.edu.ar\/eam\/wp-json\/wp\/v2\/posts\/13919\/revisions\/13924"}],"wp:featuredmedia":[{"embeddable":true,"href":"http:\/\/www.eam.iua.edu.ar\/eam\/wp-json\/wp\/v2\/media\/13923"}],"wp:attachment":[{"href":"http:\/\/www.eam.iua.edu.ar\/eam\/wp-json\/wp\/v2\/media?parent=13919"}],"wp:term":[{"taxonomy":"category","embeddable":true,"href":"http:\/\/www.eam.iua.edu.ar\/eam\/wp-json\/wp\/v2\/categories?post=13919"},{"taxonomy":"post_tag","embeddable":true,"href":"http:\/\/www.eam.iua.edu.ar\/eam\/wp-json\/wp\/v2\/tags?post=13919"}],"curies":[{"name":"wp","href":"https:\/\/api.w.org\/{rel}","templated":true}]}}