{"id":13927,"date":"2024-09-02T09:42:23","date_gmt":"2024-09-02T12:42:23","guid":{"rendered":"http:\/\/www.eam.iua.edu.ar\/eam\/?p=13927"},"modified":"2024-09-02T09:42:23","modified_gmt":"2024-09-02T12:42:23","slug":"ascenso-al-cerro-pan-de-azucar-de-los-soldados-voluntarios","status":"publish","type":"post","link":"http:\/\/www.eam.iua.edu.ar\/eam\/ascenso-al-cerro-pan-de-azucar-de-los-soldados-voluntarios\/","title":{"rendered":"Ascenso al Cerro Pan de Az\u00facar de los Soldados Voluntarios"},"content":{"rendered":"<p>[vc_row][vc_column][vc_column_text]<\/p>\n<p align=\"justify\">Personal dependiente del Escuadr\u00f3n Tropa de la Escuela de Aviaci\u00f3n Militar realiz\u00f3 el ascenso al Cerro Pan de Az\u00facar, ubicado en las Sierras Chicas de la provincia de C\u00f3rdoba.<\/p>\n<p align=\"justify\">El desaf\u00edo de esta actividad consisti\u00f3 en marchar y escalar un terreno monta\u00f1oso para llegar todos juntos a la cumbre, donde el objetivo estuvo en reforzar los lazos de camarader\u00eda entre los Soldados Voluntarios y las dem\u00e1s dependencias del Grupo Base Escuela. Una vez que el grupo se reuni\u00f3 en la cima del cerro, el Jefe del Grupo Base, Comodoro Dar\u00edo Haller, brind\u00f3 una charla en la cual habl\u00f3 sobre la esencia de la vida militar y la superaci\u00f3n constante en las actividades laborales cotidianas.<\/p>\n<p align=\"justify\">Cabe destacar que estas actividades se llevan a cabo de manera programada para reforzar el esp\u00edritu de cuerpo y estrechar v\u00ednculos entre el personal que, d\u00eda a d\u00eda, realiza diversas actividades dentro de la Escuela de Aviaci\u00f3n Militar.<\/p>\n<p>[\/vc_column_text][\/vc_column][\/vc_row][vc_row][vc_column][vc_empty_space height=\u00bb30px\u00bb][\/vc_column][\/vc_row][vc_row][vc_column][vc_gallery type=\u00bbimage_grid\u00bb images=\u00bb13933,13932,13931,13934,13930,13929,13928&#8243;][\/vc_column][\/vc_row]<\/p>\n","protected":false},"excerpt":{"rendered":"<p>[vc_row][vc_column][vc_column_text] Personal dependiente del Escuadr\u00f3n Tropa de la Escuela de Aviaci\u00f3n Militar realiz\u00f3 el ascenso al Cerro Pan de Az\u00facar, ubicado en las Sierras Chicas de la provincia de C\u00f3rdoba. El desaf\u00edo de esta actividad consisti\u00f3 en marchar y escalar un terreno monta\u00f1oso para llegar todos juntos a la cumbre, donde el objetivo estuvo en [&hellip;]<\/p>\n","protected":false},"author":5,"featured_media":13932,"comment_status":"closed","ping_status":"closed","sticky":false,"template":"","format":"standard","meta":{"_joinchat":[],"footnotes":""},"categories":[2995],"tags":[95,874,1890,3039,1259,3099],"class_list":["post-13927","post","type-post","status-publish","format-standard","has-post-thumbnail","hentry","category-noticias-2","tag-eam","tag-escuela-de-aviacion","tag-escuela-de-aviacion-militar","tag-formacionmilitar","tag-fuerza-aerea-argentina","tag-soldados-voluntarios"],"_links":{"self":[{"href":"http:\/\/www.eam.iua.edu.ar\/eam\/wp-json\/wp\/v2\/posts\/13927","targetHints":{"allow":["GET"]}}],"collection":[{"href":"http:\/\/www.eam.iua.edu.ar\/eam\/wp-json\/wp\/v2\/posts"}],"about":[{"href":"http:\/\/www.eam.iua.edu.ar\/eam\/wp-json\/wp\/v2\/types\/post"}],"author":[{"embeddable":true,"href":"http:\/\/www.eam.iua.edu.ar\/eam\/wp-json\/wp\/v2\/users\/5"}],"replies":[{"embeddable":true,"href":"http:\/\/www.eam.iua.edu.ar\/eam\/wp-json\/wp\/v2\/comments?post=13927"}],"version-history":[{"count":1,"href":"http:\/\/www.eam.iua.edu.ar\/eam\/wp-json\/wp\/v2\/posts\/13927\/revisions"}],"predecessor-version":[{"id":13935,"href":"http:\/\/www.eam.iua.edu.ar\/eam\/wp-json\/wp\/v2\/posts\/13927\/revisions\/13935"}],"wp:featuredmedia":[{"embeddable":true,"href":"http:\/\/www.eam.iua.edu.ar\/eam\/wp-json\/wp\/v2\/media\/13932"}],"wp:attachment":[{"href":"http:\/\/www.eam.iua.edu.ar\/eam\/wp-json\/wp\/v2\/media?parent=13927"}],"wp:term":[{"taxonomy":"category","embeddable":true,"href":"http:\/\/www.eam.iua.edu.ar\/eam\/wp-json\/wp\/v2\/categories?post=13927"},{"taxonomy":"post_tag","embeddable":true,"href":"http:\/\/www.eam.iua.edu.ar\/eam\/wp-json\/wp\/v2\/tags?post=13927"}],"curies":[{"name":"wp","href":"https:\/\/api.w.org\/{rel}","templated":true}]}}