{"id":13957,"date":"2024-09-17T09:51:46","date_gmt":"2024-09-17T12:51:46","guid":{"rendered":"http:\/\/www.eam.iua.edu.ar\/eam\/?p=13957"},"modified":"2024-09-17T09:51:46","modified_gmt":"2024-09-17T12:51:46","slug":"vuelo-de-bautismo-de-cadetes-de-i-ano","status":"publish","type":"post","link":"http:\/\/www.eam.iua.edu.ar\/eam\/vuelo-de-bautismo-de-cadetes-de-i-ano\/","title":{"rendered":"Vuelo de Bautismo de Cadetes de I a\u00f1o"},"content":{"rendered":"<p>[vc_row][vc_column]<figure class=\"sc_image  sc_image_shape_square\"><img decoding=\"async\" src=\"http:\/\/www.eam.iua.edu.ar\/eam\/wp-content\/uploads\/2024\/09\/VueloSoloCadIano-7.webp\" alt=\"\" \/><\/figure>[\/vc_column][\/vc_row][vc_row][vc_column][vc_empty_space height=\u00bb20px\u00bb][\/vc_column][\/vc_row][vc_row][vc_column][vc_column_text]<\/p>\n<p align=\"justify\">Durante esta semana, los cadetes de I a\u00f1o pertenecientes a la Promoci\u00f3n 93 de la Escuela de Aviaci\u00f3n Militar experimentaron su Vuelo de Bautismo en el sistema de armas P-2002 Tecnam. En una emotiva ceremonia al pie del C\u00f3ndor del Grupo A\u00e9reo, el Director del Instituto, Brigadier Marcelo Abel Ramadori y autoridades acompa\u00f1aron a los cadetes en este importante paso en su formaci\u00f3n.<\/p>\n<p align=\"justify\">Este Vuelo representa el primer contacto que tienen los cadetes con los aviones de entrenamiento de la #FAA. Durante esta actividad, los cadetes volaron junto a los instructores del Grupo A\u00e9rea Escuela, logrando as\u00ed experimentar y vivenciar la tarea de defender nuestros cielos como futuros aviadores de la Fuerza A\u00e9rea Argentina.<\/p>\n<p align=\"justify\">El Director del Instituto expres\u00f3 unas c\u00e1lidas palabras a los cadetes formados antes de iniciar los vuelos, destacando que esta no ser\u00e1 una tarea f\u00e1cil, pero tampoco imposible, y que el primer contacto con los aviones ser\u00e1 un incentivo para superarse d\u00eda a d\u00eda.<\/p>\n<p>[\/vc_column_text][\/vc_column][\/vc_row][vc_row][vc_column][vc_empty_space height=\u00bb20px\u00bb][\/vc_column][\/vc_row][vc_row][vc_column][vc_gallery type=\u00bbimage_grid\u00bb images=\u00bb13958,13963,13964,13961,13962,13959,13960,13965,13966&#8243;][\/vc_column][\/vc_row]<\/p>\n","protected":false},"excerpt":{"rendered":"<p>[vc_row][vc_column][\/vc_column][\/vc_row][vc_row][vc_column][vc_empty_space height=\u00bb20px\u00bb][\/vc_column][\/vc_row][vc_row][vc_column][vc_column_text] Durante esta semana, los cadetes de I a\u00f1o pertenecientes a la Promoci\u00f3n 93 de la Escuela de Aviaci\u00f3n Militar experimentaron su Vuelo de Bautismo en el sistema de armas P-2002 Tecnam. En una emotiva ceremonia al pie del C\u00f3ndor del Grupo A\u00e9reo, el Director del Instituto, Brigadier Marcelo Abel Ramadori y autoridades acompa\u00f1aron [&hellip;]<\/p>\n","protected":false},"author":5,"featured_media":13958,"comment_status":"closed","ping_status":"closed","sticky":false,"template":"","format":"standard","meta":{"_joinchat":[],"footnotes":""},"categories":[2995],"tags":[221,122,121,95,874,1890,3039,1259],"class_list":["post-13957","post","type-post","status-publish","format-standard","has-post-thumbnail","hentry","category-noticias-2","tag-cadetes","tag-ceremonias","tag-cuerpo-cadetes","tag-eam","tag-escuela-de-aviacion","tag-escuela-de-aviacion-militar","tag-formacionmilitar","tag-fuerza-aerea-argentina"],"_links":{"self":[{"href":"http:\/\/www.eam.iua.edu.ar\/eam\/wp-json\/wp\/v2\/posts\/13957","targetHints":{"allow":["GET"]}}],"collection":[{"href":"http:\/\/www.eam.iua.edu.ar\/eam\/wp-json\/wp\/v2\/posts"}],"about":[{"href":"http:\/\/www.eam.iua.edu.ar\/eam\/wp-json\/wp\/v2\/types\/post"}],"author":[{"embeddable":true,"href":"http:\/\/www.eam.iua.edu.ar\/eam\/wp-json\/wp\/v2\/users\/5"}],"replies":[{"embeddable":true,"href":"http:\/\/www.eam.iua.edu.ar\/eam\/wp-json\/wp\/v2\/comments?post=13957"}],"version-history":[{"count":1,"href":"http:\/\/www.eam.iua.edu.ar\/eam\/wp-json\/wp\/v2\/posts\/13957\/revisions"}],"predecessor-version":[{"id":13967,"href":"http:\/\/www.eam.iua.edu.ar\/eam\/wp-json\/wp\/v2\/posts\/13957\/revisions\/13967"}],"wp:featuredmedia":[{"embeddable":true,"href":"http:\/\/www.eam.iua.edu.ar\/eam\/wp-json\/wp\/v2\/media\/13958"}],"wp:attachment":[{"href":"http:\/\/www.eam.iua.edu.ar\/eam\/wp-json\/wp\/v2\/media?parent=13957"}],"wp:term":[{"taxonomy":"category","embeddable":true,"href":"http:\/\/www.eam.iua.edu.ar\/eam\/wp-json\/wp\/v2\/categories?post=13957"},{"taxonomy":"post_tag","embeddable":true,"href":"http:\/\/www.eam.iua.edu.ar\/eam\/wp-json\/wp\/v2\/tags?post=13957"}],"curies":[{"name":"wp","href":"https:\/\/api.w.org\/{rel}","templated":true}]}}