{"id":13968,"date":"2024-09-17T11:08:33","date_gmt":"2024-09-17T14:08:33","guid":{"rendered":"http:\/\/www.eam.iua.edu.ar\/eam\/?p=13968"},"modified":"2024-09-17T11:08:33","modified_gmt":"2024-09-17T14:08:33","slug":"ii-simposio-de-investigacion-y-experiencias-educativas-educacion-de-calidad-en-el-ambito-de-la-defensa","status":"publish","type":"post","link":"http:\/\/www.eam.iua.edu.ar\/eam\/ii-simposio-de-investigacion-y-experiencias-educativas-educacion-de-calidad-en-el-ambito-de-la-defensa\/","title":{"rendered":"II SIMPOSIO DE INVESTIGACI\u00d3N Y EXPERIENCIAS EDUCATIVAS:  EDUCACI\u00d3N DE CALIDAD EN EL \u00c1MBITO DE LA DEFENSA"},"content":{"rendered":"<p>[vc_row][vc_column][vc_column_text]<\/p>\n<p align=\"justify\">La Escuela de Aviaci\u00f3n Militar invita a participar del <strong>II Simposio de Investigaci\u00f3n y Experiencias Educativas: Educaci\u00f3n de Calidad en el \u00c1mbito de la Defensa<\/strong>. En esta ocasi\u00f3n, continuando con la primera edici\u00f3n, se busca el intercambio y la generaci\u00f3n de interrogantes sobre experiencias educativas, desarrollos de proyectos espec\u00edficos con perspectiva multidisciplinaria, como as\u00ed tambi\u00e9n los procesos de ense\u00f1anza, aprendizaje y evaluaci\u00f3n. Adem\u00e1s, se abordar\u00e1n la multidisciplinariedad y la vinculaci\u00f3n entre la formaci\u00f3n te\u00f3rica y la pr\u00e1ctica profesional en la educaci\u00f3n militar; la convergencia de saberes y metodolog\u00edas de indagaci\u00f3n desde distintos campos de la investigaci\u00f3n; as\u00ed como el estudio apoyado en herramientas digitales que coadyuvan desde la artificialidad de los medios digitales, al desarrollo de la inteligencia y el aprendizaje.<br \/>\nEn esta convocatoria, el fortalecimiento de los modelos pedag\u00f3gicos de la formaci\u00f3n militar, acordes a la identidad institucional de las Fuerzas Armadas, la capacitaci\u00f3n del Personal Docente Civil y Militar se revelan como interrogantes para compartir experiencias e investigaciones en el campo de las instituciones educativas formadoras para la Defensa Nacional.<\/p>\n<p align=\"justify\">En el simposio, se invita a Personal de la Conducci\u00f3n y Gesti\u00f3n institucional, Instructores Militares, Docentes y expertos que est\u00e9n desarrollando tem\u00e1ticas recurrentes y emergentes en el campo de la investigaci\u00f3n y el desarrollo aplicado al \u00e1mbito educativo, en vistas a seguir consolidando una comunidad de di\u00e1logo con mirada prospectiva sobre las pr\u00e1cticas educativas que fortalezcan la formaci\u00f3n militar con proyecci\u00f3n a los desaf\u00edos del siglo XXI.<\/p>\n<p><strong>DESTINATARIOS:<\/strong><br \/>\n&#8211; Funcionarios<br \/>\n&#8211; Docentes<br \/>\n&#8211; Instructores Militares de los institutos de formaci\u00f3n y perfeccionamiento en instituciones formadoras de las Fuerzas Armadas Argentinas<br \/>\n&#8211; Investigadores en el campo de la educaci\u00f3n militar<\/p>\n<h5>MODALIDAD: Virtual\/Sincr\u00f3nica<\/h5>\n<h5>FECHA: 5 y 6 de noviembre de 2024<\/h5>\n<h5>HORARIO: 16 a 20 hs<\/h5>\n<p>&nbsp;<\/p>\n<p><strong>OBJETIVOS<\/strong>:<br \/>\n&#8211; Generar instancias de encuentro entre instituciones de formaci\u00f3n para la Defensa.<br \/>\n&#8211; Propiciar el intercambio de experiencias e investigaciones como modos de generar conocimiento espec\u00edfico para las instituciones del \u00e1mbito militar.<br \/>\n&#8211; Identificar marcos te\u00f3ricos y compartir conceptualizaciones y hallazgos en el campo de la investigaci\u00f3n educativa.<br \/>\n&#8211; Divulgar experiencias educativas que fortalezcan buenas pr\u00e1cticas de la ense\u00f1anza en contextos espec\u00edficos de educaci\u00f3n militar.<\/p>\n<p><strong>MODOS DE PARTICIPACI\u00d3N<\/strong>:<br \/>\n&#8211; Asistente<br \/>\n&#8211; Participante con trabajo (con referato)<br \/>\n&#8211; Expositor\/a<br \/>\n&#8211; Conferencista invitado<\/p>\n<p><strong>INSCRIPCI\u00d3N<\/strong>: La inscripci\u00f3n se realizar\u00e1 hasta el 30\u00a0 de\u00a0 octubre a trav\u00e9s del siguiente formulario:<br \/>\n<a href=\"http:\/\/forms.gle\/RbgtbcTnJpKpWJm76\">forms.gle\/RbgtbcTnJpKpWJm76<\/a><\/p>\n<p><strong>FECHA DE PRESENTACI\u00d3N DEL TRABAJO COMPLETO: hasta el 15 de octubre<\/strong><\/p>\n<p>Descargar la Primera Circular para m\u00e1s informaci\u00f3n:<br \/>\n<a href=\"https:\/\/drive.google.com\/file\/d\/1izPnRueuvpNDvxLgKXLIIpE7oyuToPcn\/view?usp=sharing\">https:\/\/drive.google.com\/file\/d\/1izPnRueuvpNDvxLgKXLIIpE7oyuToPcn\/view?usp=sharing<\/a><\/p>\n<p><strong>ORGANIZAN: <\/strong>Secretar\u00eda de Investigaci\u00f3n y Secretar\u00eda Acad\u00e9mica del Cuerpo de Cadetes de la Escuela de Aviaci\u00f3n Militar, Facultad de la Fuerza A\u00e9rea y Universidad de la Defensa Nacional.<\/p>\n<p><strong>COORDINACI\u00d3N:<\/strong> Dra. Claudia del Huerto Romero<\/p>\n<p><strong>MIEMBROS DE LA COMISI\u00d3N ORGANIZADORA<\/strong><br \/>\nBrig. (R.) VGM Atilio Z\u00e1ttara<br \/>\nCap. Fabrizio Nicol\u00e1s Nieto<br \/>\nVcom. (R) Juan Jos\u00e9 Fern\u00e1ndez<br \/>\nLic. Noelia Martino<br \/>\nLic. Delia Chalub<br \/>\nLic. Luc\u00eda Ar\u00e9valo Moschella<br \/>\nT\u00e9c. Anselmo Weizetfel<br \/>\nT\u00e9c. Natanael Norennberg<br \/>\nAux. Doc. Cristian Acosta Arroyo<\/p>\n<p><strong>MIEMBROS DEL COMIT\u00c9 ACAD\u00c9MICO<\/strong><br \/>\nBrig. (R) VGM Lic. Atilio Zattara<br \/>\nCom. Marcelo Agosto<br \/>\nCom. (R) Rub\u00e9n \u00c1lvarez<br \/>\nVcom. Ing. Jos\u00e9 Domingo Cuozzo<br \/>\nCom. (R) Ing. Daniel Guinle<br \/>\nDra. Claudia del Huerto Romero<br \/>\nLic. Delia Chalub<br \/>\nLic. Luc\u00eda Ar\u00e9valo Moschela<br \/>\nProf. Ignacio Luis Mar\u00eda Gelonch Villarino<\/p>\n<p>&nbsp;<\/p>\n<p><strong>M\u00e1s Informaci\u00f3n:\u00a0<\/strong><a href=\"mailto:simposio.eam@gmail.com\"><strong>simposio.eam@gmail.com<\/strong><\/a><br \/>\nTel.: 0351 &#8211; 4333900 \/int. 37473 &#8211; 37466[\/vc_column_text][\/vc_column][\/vc_row]<\/p>\n","protected":false},"excerpt":{"rendered":"<p>[vc_row][vc_column][vc_column_text] La Escuela de Aviaci\u00f3n Militar invita a participar del II Simposio de Investigaci\u00f3n y Experiencias Educativas: Educaci\u00f3n de Calidad en el \u00c1mbito de la Defensa. En esta ocasi\u00f3n, continuando con la primera edici\u00f3n, se busca el intercambio y la generaci\u00f3n de interrogantes sobre experiencias educativas, desarrollos de proyectos espec\u00edficos con perspectiva multidisciplinaria, como as\u00ed [&hellip;]<\/p>\n","protected":false},"author":5,"featured_media":13976,"comment_status":"closed","ping_status":"closed","sticky":false,"template":"","format":"standard","meta":{"_joinchat":[],"footnotes":""},"categories":[2995,129],"tags":[121,95,874,1890,3036],"class_list":["post-13968","post","type-post","status-publish","format-standard","has-post-thumbnail","hentry","category-noticias-2","category-secretaria-de-investigacion","tag-cuerpo-cadetes","tag-eam","tag-escuela-de-aviacion","tag-escuela-de-aviacion-militar","tag-profesor-docentes"],"_links":{"self":[{"href":"http:\/\/www.eam.iua.edu.ar\/eam\/wp-json\/wp\/v2\/posts\/13968","targetHints":{"allow":["GET"]}}],"collection":[{"href":"http:\/\/www.eam.iua.edu.ar\/eam\/wp-json\/wp\/v2\/posts"}],"about":[{"href":"http:\/\/www.eam.iua.edu.ar\/eam\/wp-json\/wp\/v2\/types\/post"}],"author":[{"embeddable":true,"href":"http:\/\/www.eam.iua.edu.ar\/eam\/wp-json\/wp\/v2\/users\/5"}],"replies":[{"embeddable":true,"href":"http:\/\/www.eam.iua.edu.ar\/eam\/wp-json\/wp\/v2\/comments?post=13968"}],"version-history":[{"count":7,"href":"http:\/\/www.eam.iua.edu.ar\/eam\/wp-json\/wp\/v2\/posts\/13968\/revisions"}],"predecessor-version":[{"id":13975,"href":"http:\/\/www.eam.iua.edu.ar\/eam\/wp-json\/wp\/v2\/posts\/13968\/revisions\/13975"}],"wp:featuredmedia":[{"embeddable":true,"href":"http:\/\/www.eam.iua.edu.ar\/eam\/wp-json\/wp\/v2\/media\/13976"}],"wp:attachment":[{"href":"http:\/\/www.eam.iua.edu.ar\/eam\/wp-json\/wp\/v2\/media?parent=13968"}],"wp:term":[{"taxonomy":"category","embeddable":true,"href":"http:\/\/www.eam.iua.edu.ar\/eam\/wp-json\/wp\/v2\/categories?post=13968"},{"taxonomy":"post_tag","embeddable":true,"href":"http:\/\/www.eam.iua.edu.ar\/eam\/wp-json\/wp\/v2\/tags?post=13968"}],"curies":[{"name":"wp","href":"https:\/\/api.w.org\/{rel}","templated":true}]}}