{"id":13995,"date":"2024-09-24T09:32:10","date_gmt":"2024-09-24T12:32:10","guid":{"rendered":"http:\/\/www.eam.iua.edu.ar\/eam\/?p=13995"},"modified":"2024-09-24T09:32:10","modified_gmt":"2024-09-24T12:32:10","slug":"aniversario-del-cuerpo-de-cadetes-y-dia-del-cadete-de-aeronautica","status":"publish","type":"post","link":"http:\/\/www.eam.iua.edu.ar\/eam\/aniversario-del-cuerpo-de-cadetes-y-dia-del-cadete-de-aeronautica\/","title":{"rendered":"Aniversario del Cuerpo de Cadetes y D\u00eda del Cadete de Aeron\u00e1utica"},"content":{"rendered":"<p>[vc_row][vc_column][vc_column_text]<\/p>\n<p align=\"justify\">La Escuela de Aviaci\u00f3n Militar conmemor\u00f3 un nuevo Aniversario de creaci\u00f3n del Cuerpo de Cadetes y el D\u00eda del Cadete de Aeron\u00e1utica de la Instituci\u00f3n. El Director de la Instituci\u00f3n, Brigadier D. Marcelo Ramadori presidi\u00f3 la ceremonia de la cual particip\u00f3 el Personal Militar Superior, Subalterno, Docente, Civil y Cadetes que dependen del Cuerpo de Cadetes.<\/p>\n<p align=\"justify\">Es justamente el Cuerpo de Cadetes el lugar que alberga, contiene e instruye a los futuros oficiales de la Fuerza A\u00e9rea Argentina. La educaci\u00f3n que reciben es de excelencia profesional, donde la caracter\u00edstica m\u00e1s relevante es la articulaci\u00f3n entre las actividades acad\u00e9micas, militares y deportivas, logrando de esta manera una formaci\u00f3n integral.<\/p>\n<p align=\"justify\">La Suboficial Ayudante Cadete Priscila L\u00f3pez fue la encargada de pronunciar palabras alusivas sobre estos destacados acontecimientos institucionales: <strong>\u201cEl Cuerpo de Cadetes es el primer lugar con el cual tomamos contacto quienes decidimos iniciar nuestra carrera como Oficiales de la Fuerza A\u00e9rea, un lugar de especial importancia y valor simb\u00f3lico para la identidad institucional que ha sido marcado por el legado de honor, valor y coraje de aquellos que cumplieron con su juramento ofrendando su vida por la Patria\u201d.<\/strong> Tambi\u00e9n destac\u00f3 que: <strong>\u201cDentro de los ideales que definen el Cuerpo de Cadetes caben destacar la disciplina, fuerza de voluntad, ilusi\u00f3n, temple, valor y vocaci\u00f3n. Adem\u00e1s, el indispensable apoyo mutuo entre camaradas que se forja d\u00eda a d\u00eda con las vivencias y recuerdos construidos en la cotidianeidad compartida, que quedar\u00e1n para siempre en nuestras memorias\u201d.<\/strong><\/p>\n<p>[\/vc_column_text][\/vc_column][\/vc_row][vc_row][vc_column][vc_empty_space height=\u00bb30px\u00bb][\/vc_column][\/vc_row][vc_row][vc_column][vc_gallery type=\u00bbimage_grid\u00bb images=\u00bb13999,14001,13998,13996,13997,14000&#8243;][\/vc_column][\/vc_row]<\/p>\n","protected":false},"excerpt":{"rendered":"<p>[vc_row][vc_column][vc_column_text] La Escuela de Aviaci\u00f3n Militar conmemor\u00f3 un nuevo Aniversario de creaci\u00f3n del Cuerpo de Cadetes y el D\u00eda del Cadete de Aeron\u00e1utica de la Instituci\u00f3n. El Director de la Instituci\u00f3n, Brigadier D. Marcelo Ramadori presidi\u00f3 la ceremonia de la cual particip\u00f3 el Personal Militar Superior, Subalterno, Docente, Civil y Cadetes que dependen del Cuerpo [&hellip;]<\/p>\n","protected":false},"author":5,"featured_media":13998,"comment_status":"closed","ping_status":"closed","sticky":false,"template":"","format":"standard","meta":{"_joinchat":[],"footnotes":""},"categories":[2995],"tags":[],"class_list":["post-13995","post","type-post","status-publish","format-standard","has-post-thumbnail","hentry","category-noticias-2"],"_links":{"self":[{"href":"http:\/\/www.eam.iua.edu.ar\/eam\/wp-json\/wp\/v2\/posts\/13995","targetHints":{"allow":["GET"]}}],"collection":[{"href":"http:\/\/www.eam.iua.edu.ar\/eam\/wp-json\/wp\/v2\/posts"}],"about":[{"href":"http:\/\/www.eam.iua.edu.ar\/eam\/wp-json\/wp\/v2\/types\/post"}],"author":[{"embeddable":true,"href":"http:\/\/www.eam.iua.edu.ar\/eam\/wp-json\/wp\/v2\/users\/5"}],"replies":[{"embeddable":true,"href":"http:\/\/www.eam.iua.edu.ar\/eam\/wp-json\/wp\/v2\/comments?post=13995"}],"version-history":[{"count":1,"href":"http:\/\/www.eam.iua.edu.ar\/eam\/wp-json\/wp\/v2\/posts\/13995\/revisions"}],"predecessor-version":[{"id":14002,"href":"http:\/\/www.eam.iua.edu.ar\/eam\/wp-json\/wp\/v2\/posts\/13995\/revisions\/14002"}],"wp:featuredmedia":[{"embeddable":true,"href":"http:\/\/www.eam.iua.edu.ar\/eam\/wp-json\/wp\/v2\/media\/13998"}],"wp:attachment":[{"href":"http:\/\/www.eam.iua.edu.ar\/eam\/wp-json\/wp\/v2\/media?parent=13995"}],"wp:term":[{"taxonomy":"category","embeddable":true,"href":"http:\/\/www.eam.iua.edu.ar\/eam\/wp-json\/wp\/v2\/categories?post=13995"},{"taxonomy":"post_tag","embeddable":true,"href":"http:\/\/www.eam.iua.edu.ar\/eam\/wp-json\/wp\/v2\/tags?post=13995"}],"curies":[{"name":"wp","href":"https:\/\/api.w.org\/{rel}","templated":true}]}}