{"id":14045,"date":"2024-10-31T15:34:24","date_gmt":"2024-10-31T18:34:24","guid":{"rendered":"http:\/\/www.eam.iua.edu.ar\/eam\/?p=14045"},"modified":"2024-11-20T11:58:09","modified_gmt":"2024-11-20T14:58:09","slug":"convocatoria-de-profesor-a-nivel-universitario-caracter-titular-interino-para-eam-teorias-del-estado-y-de-las-organizaciones","status":"publish","type":"post","link":"http:\/\/www.eam.iua.edu.ar\/eam\/convocatoria-de-profesor-a-nivel-universitario-caracter-titular-interino-para-eam-teorias-del-estado-y-de-las-organizaciones\/","title":{"rendered":"Convocatoria de DOS (02) Profesores Nivel Universitario Para EAM || \u00abTEOR\u00cdAS DEL ESTADO Y DE LAS ORGANIZACIONES\u00bb"},"content":{"rendered":"<p>[vc_row][vc_column][vc_column_text]<\/p>\n<p style=\"text-align: justify;\">[\/vc_column_text][\/vc_column][\/vc_row][vc_row][vc_column][vc_column_text css=\u00bb.vc_custom_1732109889033{padding-right: 2em !important;}\u00bb]Se lleva a conocimiento al p\u00fablico en general, que la Escuela de Aviaci\u00f3n Militar realizar\u00e1 una convocatoria para Concurso Docente para cubrir <strong>DOS (02) cargos<\/strong> de Profesor\/a de Nivel Universitario para la asignatura \u00ab TEOR\u00cdAS DEL ESTADO Y DE LAS ORGANIZACIONES \u00bb, Seg\u00fan el siguiente detalle:<\/p>\n<p><strong>-UN (01)<\/strong> cargo con car\u00e1cter Titular Interino, con <strong>TRES (03) horas<\/strong> semanales de clase, desde el <strong>01 FEB 25 hasta el 31 JUL 25.<\/strong><\/p>\n<p><strong>\u2013 UN (01)<\/strong> cargo con car\u00e1cter Suplente, con <strong>TRES (03) horas<\/strong> semanales de clase, desde el <strong>01 FEB 25 hasta el 31 JUL 25.<\/strong>[\/vc_column_text][vc_empty_space][vc_row_inner][vc_column_inner width=\u00bb1\/4&#8243;]<span class=\"sc_icon icon-calendar-light aligncenter\" style=\"font-size:2em; line-height: 1em;\"><\/span>[\/vc_column_inner][vc_column_inner width=\u00bb3\/4&#8243;][vc_column_text]<\/p>\n<p style=\"text-align: center;\"><strong>FECHA DE INSCRIPCI\u00d3N:<\/strong> <strong>04 NOV 24<\/strong> hasta el <strong>25 NOV 24<\/strong> de 09:00 a 13:00 hs, ambas fechas inclusive<\/p>\n<p style=\"text-align: center;\"><strong>\u00a0<\/strong><\/p>\n<p>[\/vc_column_text][vc_empty_space][\/vc_column_inner][\/vc_row_inner][vc_row_inner][vc_column_inner width=\u00bb1\/4&#8243;]<span class=\"sc_icon icon-graduation-light aligncenter\" style=\"font-size:2em; line-height: 1em;\"><\/span>[\/vc_column_inner][vc_column_inner width=\u00bb3\/4&#8243;][vc_column_text]<\/p>\n<p style=\"text-align: left;\"><b>PERFIL: EL PROFESIONAL QUE SE DESEMPE\u00d1E DEBER\u00c1\u00a0<\/b><strong>CONTAR CON AL MENOS UNO DE LOS SIGUIENTES T\u00cdTULOS UNIVERSITARIOS (Excluyente):<\/strong><\/p>\n<ol>\n<li>Licenciado en Historia<\/li>\n<li>Licenciado en Relaciones Internacionales<\/li>\n<li>Profesor en Historia<\/li>\n<li>Licenciado en Ciencia Pol\u00edtica<\/li>\n<\/ol>\n<p>[\/vc_column_text][vc_empty_space][\/vc_column_inner][\/vc_row_inner][vc_row_inner][vc_column_inner width=\u00bb1\/4&#8243;]<span class=\"sc_icon icon-file-pdf aligncenter\" style=\"font-size:2em; line-height: 1em;\"><\/span>[\/vc_column_inner][vc_column_inner width=\u00bb3\/4&#8243;][vc_column_text]<\/p>\n<p style=\"text-align: center;\"><strong>DESCARGAR<\/strong>: <a href=\"http:\/\/www.eam.iua.edu.ar\/eam\/wp-content\/uploads\/2024\/10\/OG-57-Concurso-Teoria-del-Esttado-y-las-Organizaciones_compressed.pdf\" target=\"_blank\" rel=\"noopener noreferrer\">BASES DE LA CONVOCATORIA<\/a><\/p>\n<p>[\/vc_column_text][vc_empty_space][\/vc_column_inner][\/vc_row_inner][vc_row_inner][vc_column_inner width=\u00bb1\/4&#8243;]<span class=\"sc_icon icon-location-light aligncenter\" style=\"font-size:2em; line-height: 1em;\"><\/span>[\/vc_column_inner][vc_column_inner width=\u00bb3\/4&#8243;][vc_column_text]<\/p>\n<p style=\"text-align: center;\"><strong>LUGAR DE INSCRIPCI\u00d3N:<\/strong> Presencialmente en la Oficina <strong>\u00abDivisi\u00f3n Docentes\u00bb<\/strong> de la <strong>Escuela de Aviaci\u00f3n Militar<\/strong> (ubicada en el Escuadr\u00f3n Estudios \u2013 Planta Alta).<\/p>\n<p>[\/vc_column_text][vc_empty_space][\/vc_column_inner][\/vc_row_inner][vc_row_inner][vc_column_inner width=\u00bb1\/4&#8243;]<span class=\"sc_icon icon-mail-light aligncenter\" style=\"font-size:2em; line-height: 1em;\"><\/span>[\/vc_column_inner][vc_column_inner width=\u00bb3\/4&#8243;][vc_column_text]<\/p>\n<p style=\"text-align: center;\"><strong>EMAIL:<\/strong> <a href=\"mailto:selecciondocente@eam.iua.edu.ar\">selecciondocente@eam.iua.edu.ar<\/a><\/p>\n<p style=\"text-align: justify;\">[\/vc_column_text][vc_empty_space][\/vc_column_inner][\/vc_row_inner][vc_row_inner][vc_column_inner width=\u00bb1\/4&#8243;]<span class=\"sc_icon icon-mobile-light aligncenter\" style=\"font-size:2em; line-height: 1em;\"><\/span>[\/vc_column_inner][vc_column_inner width=\u00bb3\/4&#8243;][vc_column_text]<\/p>\n<p style=\"text-align: center;\">TEL\u00c9FONO: (+54) 4333 900 &#8211; interno: 37259<\/p>\n<p>[\/vc_column_text][vc_empty_space][\/vc_column_inner][\/vc_row_inner][vc_row_inner][vc_column_inner width=\u00bb1\/4&#8243;]<span class=\"sc_icon icon-clock-empty aligncenter\" style=\"font-size:2em; line-height: 1em;\"><\/span>[\/vc_column_inner][vc_column_inner width=\u00bb3\/4&#8243;][vc_column_text]<\/p>\n<p style=\"text-align: center;\"><strong>HORARIO DE INSCRIPCI\u00d3N:<\/strong> 9:00 hs a 13:00hs.<\/p>\n<p style=\"text-align: justify;\">[\/vc_column_text][vc_empty_space][\/vc_column_inner][\/vc_row_inner][\/vc_column][\/vc_row][vc_row][vc_column][vc_empty_space][vc_empty_space][\/vc_column][\/vc_row][vc_row][vc_column][\/vc_column][\/vc_row][vc_row][vc_column][vc_column_text]<\/p>\n<p>[\/vc_column_text][\/vc_column][\/vc_row]<\/p>\n","protected":false},"excerpt":{"rendered":"<p>[vc_row][vc_column][vc_column_text][\/vc_column_text][\/vc_column][\/vc_row][vc_row][vc_column][vc_column_text css=\u00bb.vc_custom_1732109889033{padding-right: 2em !important;}\u00bb]Se lleva a conocimiento al p\u00fablico en general, que la Escuela de Aviaci\u00f3n Militar realizar\u00e1 una convocatoria para Concurso Docente para cubrir DOS (02) cargos de Profesor\/a de Nivel Universitario para la asignatura \u00ab TEOR\u00cdAS DEL ESTADO Y DE LAS ORGANIZACIONES \u00bb, Seg\u00fan el siguiente detalle: -UN (01) cargo con car\u00e1cter [&hellip;]<\/p>\n","protected":false},"author":1,"featured_media":14049,"comment_status":"closed","ping_status":"closed","sticky":false,"template":"","format":"standard","meta":{"_joinchat":[],"footnotes":""},"categories":[2995],"tags":[],"class_list":["post-14045","post","type-post","status-publish","format-standard","has-post-thumbnail","hentry","category-noticias-2"],"_links":{"self":[{"href":"http:\/\/www.eam.iua.edu.ar\/eam\/wp-json\/wp\/v2\/posts\/14045","targetHints":{"allow":["GET"]}}],"collection":[{"href":"http:\/\/www.eam.iua.edu.ar\/eam\/wp-json\/wp\/v2\/posts"}],"about":[{"href":"http:\/\/www.eam.iua.edu.ar\/eam\/wp-json\/wp\/v2\/types\/post"}],"author":[{"embeddable":true,"href":"http:\/\/www.eam.iua.edu.ar\/eam\/wp-json\/wp\/v2\/users\/1"}],"replies":[{"embeddable":true,"href":"http:\/\/www.eam.iua.edu.ar\/eam\/wp-json\/wp\/v2\/comments?post=14045"}],"version-history":[{"count":4,"href":"http:\/\/www.eam.iua.edu.ar\/eam\/wp-json\/wp\/v2\/posts\/14045\/revisions"}],"predecessor-version":[{"id":14063,"href":"http:\/\/www.eam.iua.edu.ar\/eam\/wp-json\/wp\/v2\/posts\/14045\/revisions\/14063"}],"wp:featuredmedia":[{"embeddable":true,"href":"http:\/\/www.eam.iua.edu.ar\/eam\/wp-json\/wp\/v2\/media\/14049"}],"wp:attachment":[{"href":"http:\/\/www.eam.iua.edu.ar\/eam\/wp-json\/wp\/v2\/media?parent=14045"}],"wp:term":[{"taxonomy":"category","embeddable":true,"href":"http:\/\/www.eam.iua.edu.ar\/eam\/wp-json\/wp\/v2\/categories?post=14045"},{"taxonomy":"post_tag","embeddable":true,"href":"http:\/\/www.eam.iua.edu.ar\/eam\/wp-json\/wp\/v2\/tags?post=14045"}],"curies":[{"name":"wp","href":"https:\/\/api.w.org\/{rel}","templated":true}]}}