{"id":14211,"date":"2025-02-14T12:50:53","date_gmt":"2025-02-14T15:50:53","guid":{"rendered":"http:\/\/www.eam.iua.edu.ar\/eam\/?p=14211"},"modified":"2025-02-14T12:50:53","modified_gmt":"2025-02-14T15:50:53","slug":"puesta-en-funciones-del-jefe-del-cuerpo-de-cadetes","status":"publish","type":"post","link":"http:\/\/www.eam.iua.edu.ar\/eam\/puesta-en-funciones-del-jefe-del-cuerpo-de-cadetes\/","title":{"rendered":"Puesta en Funciones del Jefe del Cuerpo de Cadetes"},"content":{"rendered":"<p>[vc_row][vc_column][vc_column_text]<\/p>\n<p align=\"justify\"><strong>El Comodoro Maximiliano Ismael Videla asumi\u00f3 como nuevo Jefe del Cuerpo de Cadetes, en reemplazo del Comodoro Pablo Mu\u00f1oz de Toro.<\/strong><\/p>\n<p align=\"justify\">La ceremonia se realiz\u00f3 en las instalaciones del Casino de Cadetes, y fue presidida por el Director de la Escuela de Aviaci\u00f3n Militar, Brigadier Hugo Marcelo Fiocca. Participaron adem\u00e1s el Subdirector, Jefes de Grupo, Personal Militar Superior en actividad y en situaci\u00f3n de retiro, Veteranos de la Guerra de Malvinas, Personal Militar Subalterno, Civil, Docente Civil, Cadetes, familiares e invitados especiales.<\/p>\n<p align=\"justify\">Luego de la invocaci\u00f3n religiosa pronunciada por el Capell\u00e1n de la E.A. M., Presb\u00edtero Rafael M\u00e9lida, el Comodoro Mu\u00f1oz de Toro se dirigi\u00f3 a los presentes con un emotivo discurso. En sus palabras se dirigi\u00f3 especialmente a los Cadetes: <strong>\u201cLo m\u00e1s valioso de este recorrido de dos a\u00f1os ha sido presenciar su crecimiento, ver c\u00f3mo han fortalecido su car\u00e1cter y asumido con orgullo y compromiso el significado de portar este uniforme; y me han demostrado que, con su esfuerzo diario, con dedicaci\u00f3n y con esp\u00edritu de superaci\u00f3n, el futuro de nuestra Fuerza est\u00e1 en buenas manos\u201d.<br \/>\n<\/strong><strong>\u00abEl camino que han elegido no es f\u00e1cil. Exige disciplina y, sobre todo, una voluntad inquebrantable. Pero si est\u00e1n aqu\u00ed, es porque tienen el temple para afrontarlo. Y cuando las dificultades aparezcan, porque aparecer\u00e1n, quiero que recuerden siempre esta frase que ha guiado a generaciones de militares y que es parte del legado que nos dejara el padre de la Patria: \u201cSer\u00e1s lo que debas ser o no ser\u00e1s nada\u201d. <\/strong><\/p>\n<p align=\"justify\">El Brigadier Fiocca fue el encargado de hacer efectiva la Puesta en Funciones luego de la lectura del mensaje que designa al Comodoro Videla como nuevo Jefe del Cuerpo de Cadetes. Al pronunciar la f\u00f3rmula de rigor, el Comodoro Videla asumi\u00f3 su cargo y luego entreg\u00f3 la banderola correspondiente al Comodoro Mu\u00f1oz de Toro, como s\u00edmbolo de sus a\u00f1os de gesti\u00f3n en la Instituci\u00f3n.<\/p>\n<p>[\/vc_column_text][\/vc_column][\/vc_row][vc_row][vc_column][vc_empty_space height=\u00bb20px\u00bb][\/vc_column][\/vc_row][vc_row][vc_column][vc_gallery type=\u00bbimage_grid\u00bb images=\u00bb14212,14213,14216,14215,14214,14219,14217,14218&#8243;][\/vc_column][\/vc_row]<\/p>\n","protected":false},"excerpt":{"rendered":"<p>[vc_row][vc_column][vc_column_text] El Comodoro Maximiliano Ismael Videla asumi\u00f3 como nuevo Jefe del Cuerpo de Cadetes, en reemplazo del Comodoro Pablo Mu\u00f1oz de Toro. La ceremonia se realiz\u00f3 en las instalaciones del Casino de Cadetes, y fue presidida por el Director de la Escuela de Aviaci\u00f3n Militar, Brigadier Hugo Marcelo Fiocca. Participaron adem\u00e1s el Subdirector, Jefes de [&hellip;]<\/p>\n","protected":false},"author":5,"featured_media":14217,"comment_status":"closed","ping_status":"closed","sticky":false,"template":"","format":"standard","meta":{"_joinchat":[],"footnotes":""},"categories":[2995],"tags":[122,121,95,874,1890,660,1259],"class_list":["post-14211","post","type-post","status-publish","format-standard","has-post-thumbnail","hentry","category-noticias-2","tag-ceremonias","tag-cuerpo-cadetes","tag-eam","tag-escuela-de-aviacion","tag-escuela-de-aviacion-militar","tag-faa","tag-fuerza-aerea-argentina"],"_links":{"self":[{"href":"http:\/\/www.eam.iua.edu.ar\/eam\/wp-json\/wp\/v2\/posts\/14211","targetHints":{"allow":["GET"]}}],"collection":[{"href":"http:\/\/www.eam.iua.edu.ar\/eam\/wp-json\/wp\/v2\/posts"}],"about":[{"href":"http:\/\/www.eam.iua.edu.ar\/eam\/wp-json\/wp\/v2\/types\/post"}],"author":[{"embeddable":true,"href":"http:\/\/www.eam.iua.edu.ar\/eam\/wp-json\/wp\/v2\/users\/5"}],"replies":[{"embeddable":true,"href":"http:\/\/www.eam.iua.edu.ar\/eam\/wp-json\/wp\/v2\/comments?post=14211"}],"version-history":[{"count":2,"href":"http:\/\/www.eam.iua.edu.ar\/eam\/wp-json\/wp\/v2\/posts\/14211\/revisions"}],"predecessor-version":[{"id":14221,"href":"http:\/\/www.eam.iua.edu.ar\/eam\/wp-json\/wp\/v2\/posts\/14211\/revisions\/14221"}],"wp:featuredmedia":[{"embeddable":true,"href":"http:\/\/www.eam.iua.edu.ar\/eam\/wp-json\/wp\/v2\/media\/14217"}],"wp:attachment":[{"href":"http:\/\/www.eam.iua.edu.ar\/eam\/wp-json\/wp\/v2\/media?parent=14211"}],"wp:term":[{"taxonomy":"category","embeddable":true,"href":"http:\/\/www.eam.iua.edu.ar\/eam\/wp-json\/wp\/v2\/categories?post=14211"},{"taxonomy":"post_tag","embeddable":true,"href":"http:\/\/www.eam.iua.edu.ar\/eam\/wp-json\/wp\/v2\/tags?post=14211"}],"curies":[{"name":"wp","href":"https:\/\/api.w.org\/{rel}","templated":true}]}}