{"id":14230,"date":"2025-02-25T14:29:49","date_gmt":"2025-02-25T17:29:49","guid":{"rendered":"http:\/\/www.eam.iua.edu.ar\/eam\/?p=14230"},"modified":"2025-02-25T14:29:49","modified_gmt":"2025-02-25T17:29:49","slug":"convocatoria-de-profesor-a-nivel-universitario-para-eam-avionica","status":"publish","type":"post","link":"http:\/\/www.eam.iua.edu.ar\/eam\/convocatoria-de-profesor-a-nivel-universitario-para-eam-avionica\/","title":{"rendered":"Convocatoria de Profesor\/a Nivel Universitario Para EAM || \u00abAVI\u00d3NICA\u00bb"},"content":{"rendered":"<p>[vc_row][vc_column][vc_column_text]<\/p>\n<p style=\"text-align: justify;\">[\/vc_column_text][\/vc_column][\/vc_row][vc_row][vc_column][vc_column_text css=\u00bb.vc_custom_1740502485252{padding-right: 2em !important;}\u00bb]Se lleva a conocimiento al p\u00fablico en general, que la Escuela de Aviaci\u00f3n Militar realiza una convocatoria para Selecci\u00f3n Docente para cubrir <strong>DOS (02) cargos<\/strong> de Profesor\/a de Nivel Universitario con car\u00e1cter Suplente para la asignatura \u00ab <strong>AVI\u00d3NICA \u00bb<\/strong>, seg\u00fan el siguiente detalle:<\/p>\n<p><strong>\u2013 CINCO (05) horas semanales<\/strong> de clase (cada cargo), desde el <strong>01 MAY 25 hasta el 31 AGO 25.<\/strong>[\/vc_column_text][vc_empty_space][vc_row_inner][vc_column_inner width=\u00bb1\/4&#8243;]<span class=\"sc_icon icon-calendar-light aligncenter\" style=\"font-size:2em; line-height: 1em;\"><\/span>[\/vc_column_inner][vc_column_inner width=\u00bb3\/4&#8243;][vc_empty_space][vc_column_text]<\/p>\n<p style=\"text-align: center;\"><strong>FECHA DE INSCRIPCI\u00d3N:<\/strong> <strong>05 MAR 25<\/strong> hasta el <strong>18 MAR 25<\/strong> de 09:00 a 13:00 hs, ambas fechas inclusive.<\/p>\n<p>\u00a0[\/vc_column_text][\/vc_column_inner][\/vc_row_inner][vc_row_inner][vc_column_inner width=\u00bb1\/4&#8243;]<span class=\"sc_icon icon-graduation-light aligncenter\" style=\"font-size:2em; line-height: 1em;\"><\/span>[\/vc_column_inner][vc_column_inner width=\u00bb3\/4&#8243;][vc_column_text]<\/p>\n<p style=\"text-align: left;\"><b>PERFIL: CONTAR CON AL MENOS UNO DE LOS SIGUIENTES T\u00cdTULOS UNIVERSITARIOS:<br \/>\n<\/b>a)\u00a0\u00a0\u00a0\u00a0\u00a0 Reglamentarios:<br \/>\n&#8211;\u00a0\u00a0\u00a0\u00a0\u00a0\u00a0\u00a0\u00a0\u00a0 Ingenier\u00eda Electr\u00f3nica.<br \/>\n&#8211;\u00a0\u00a0\u00a0\u00a0\u00a0\u00a0\u00a0\u00a0\u00a0 Ingenier\u00eda en Telecomunicaciones.<br \/>\n&#8211;\u00a0\u00a0\u00a0\u00a0\u00a0\u00a0\u00a0\u00a0\u00a0 Ingenier\u00eda Aeron\u00e1utica.<\/p>\n<div><\/div>\n<p>[\/vc_column_text][vc_empty_space][\/vc_column_inner][\/vc_row_inner][vc_row_inner][vc_column_inner width=\u00bb1\/4&#8243;]<span class=\"sc_icon icon-file-pdf aligncenter\" style=\"font-size:2em; line-height: 1em;\"><\/span>[\/vc_column_inner][vc_column_inner width=\u00bb3\/4&#8243;][vc_column_text]<\/p>\n<p style=\"text-align: center;\"><strong>DESCARGAR<\/strong>: <a href=\"http:\/\/www.eam.iua.edu.ar\/eam\/wp-content\/uploads\/2025\/02\/Orden-de-Guarnicion-No-02.pdf\" target=\"_blank\" rel=\"noopener noreferrer\">BASES DE LA CONVOCATORIA<\/a><\/p>\n<p>[\/vc_column_text][vc_empty_space][\/vc_column_inner][\/vc_row_inner][vc_row_inner][vc_column_inner width=\u00bb1\/4&#8243;]<span class=\"sc_icon icon-location-light aligncenter\" style=\"font-size:2em; line-height: 1em;\"><\/span>[\/vc_column_inner][vc_column_inner width=\u00bb3\/4&#8243;][vc_column_text]<\/p>\n<p style=\"text-align: center;\"><strong>LUGAR DE INSCRIPCI\u00d3N:<\/strong> Presencialmente en la Oficina<strong> \u00abDivisi\u00f3n Docentes\u00bb <\/strong>de la <strong>Escuela de Aviaci\u00f3n Militar. <\/strong>(ubicada en el Escuadr\u00f3n Estudios \u2013 Planta Alta).<\/p>\n<p>[\/vc_column_text][vc_empty_space][\/vc_column_inner][\/vc_row_inner][vc_row_inner][vc_column_inner width=\u00bb1\/4&#8243;]<span class=\"sc_icon icon-mail-light aligncenter\" style=\"font-size:2em; line-height: 1em;\"><\/span>[\/vc_column_inner][vc_column_inner width=\u00bb3\/4&#8243;][vc_column_text]<\/p>\n<p style=\"text-align: center;\"><strong>EMAIL:<\/strong> <a href=\"mailto:selecciondocente@eam.iua.edu.ar\">selecciondocente@eam.iua.edu.ar<\/a><\/p>\n<p style=\"text-align: justify;\">[\/vc_column_text][vc_empty_space][\/vc_column_inner][\/vc_row_inner][vc_row_inner][vc_column_inner width=\u00bb1\/4&#8243;]<span class=\"sc_icon icon-mobile-light aligncenter\" style=\"font-size:2em; line-height: 1em;\"><\/span>[\/vc_column_inner][vc_column_inner width=\u00bb3\/4&#8243;][vc_column_text]<\/p>\n<p style=\"text-align: center;\">TEL\u00c9FONO: (+54) 4333 900 &#8211; interno: 37259<\/p>\n<p>[\/vc_column_text][vc_empty_space][\/vc_column_inner][\/vc_row_inner][vc_row_inner][vc_column_inner width=\u00bb1\/4&#8243;]<span class=\"sc_icon icon-clock-empty aligncenter\" style=\"font-size:2em; line-height: 1em;\"><\/span>[\/vc_column_inner][vc_column_inner width=\u00bb3\/4&#8243;][vc_column_text]<\/p>\n<p style=\"text-align: center;\"><strong>HORARIO DE INSCRIPCI\u00d3N:<\/strong> 9:00 hs a 13:00hs.<\/p>\n<p style=\"text-align: justify;\">[\/vc_column_text][vc_empty_space][\/vc_column_inner][\/vc_row_inner][\/vc_column][\/vc_row][vc_row][vc_column][vc_empty_space][vc_empty_space][\/vc_column][\/vc_row][vc_row][vc_column][vc_column_text]<\/p>\n<p>[\/vc_column_text][\/vc_column][\/vc_row]<\/p>\n","protected":false},"excerpt":{"rendered":"<p>[vc_row][vc_column][vc_column_text][\/vc_column_text][\/vc_column][\/vc_row][vc_row][vc_column][vc_column_text css=\u00bb.vc_custom_1740502485252{padding-right: 2em !important;}\u00bb]Se lleva a conocimiento al p\u00fablico en general, que la Escuela de Aviaci\u00f3n Militar realiza una convocatoria para Selecci\u00f3n Docente para cubrir DOS (02) cargos de Profesor\/a de Nivel Universitario con car\u00e1cter Suplente para la asignatura \u00ab AVI\u00d3NICA \u00bb, seg\u00fan el siguiente detalle: \u2013 CINCO (05) horas semanales de clase (cada [&hellip;]<\/p>\n","protected":false},"author":1,"featured_media":14228,"comment_status":"closed","ping_status":"closed","sticky":false,"template":"","format":"standard","meta":{"_joinchat":[],"footnotes":""},"categories":[2995],"tags":[],"class_list":["post-14230","post","type-post","status-publish","format-standard","has-post-thumbnail","hentry","category-noticias-2"],"_links":{"self":[{"href":"http:\/\/www.eam.iua.edu.ar\/eam\/wp-json\/wp\/v2\/posts\/14230","targetHints":{"allow":["GET"]}}],"collection":[{"href":"http:\/\/www.eam.iua.edu.ar\/eam\/wp-json\/wp\/v2\/posts"}],"about":[{"href":"http:\/\/www.eam.iua.edu.ar\/eam\/wp-json\/wp\/v2\/types\/post"}],"author":[{"embeddable":true,"href":"http:\/\/www.eam.iua.edu.ar\/eam\/wp-json\/wp\/v2\/users\/1"}],"replies":[{"embeddable":true,"href":"http:\/\/www.eam.iua.edu.ar\/eam\/wp-json\/wp\/v2\/comments?post=14230"}],"version-history":[{"count":2,"href":"http:\/\/www.eam.iua.edu.ar\/eam\/wp-json\/wp\/v2\/posts\/14230\/revisions"}],"predecessor-version":[{"id":14232,"href":"http:\/\/www.eam.iua.edu.ar\/eam\/wp-json\/wp\/v2\/posts\/14230\/revisions\/14232"}],"wp:featuredmedia":[{"embeddable":true,"href":"http:\/\/www.eam.iua.edu.ar\/eam\/wp-json\/wp\/v2\/media\/14228"}],"wp:attachment":[{"href":"http:\/\/www.eam.iua.edu.ar\/eam\/wp-json\/wp\/v2\/media?parent=14230"}],"wp:term":[{"taxonomy":"category","embeddable":true,"href":"http:\/\/www.eam.iua.edu.ar\/eam\/wp-json\/wp\/v2\/categories?post=14230"},{"taxonomy":"post_tag","embeddable":true,"href":"http:\/\/www.eam.iua.edu.ar\/eam\/wp-json\/wp\/v2\/tags?post=14230"}],"curies":[{"name":"wp","href":"https:\/\/api.w.org\/{rel}","templated":true}]}}