{"id":14334,"date":"2025-04-11T11:34:54","date_gmt":"2025-04-11T14:34:54","guid":{"rendered":"http:\/\/www.eam.iua.edu.ar\/eam\/?p=14334"},"modified":"2025-04-11T11:34:54","modified_gmt":"2025-04-11T14:34:54","slug":"convocatoria-de-profesor-a-nivel-universitario-para-eam-meteorologia","status":"publish","type":"post","link":"http:\/\/www.eam.iua.edu.ar\/eam\/convocatoria-de-profesor-a-nivel-universitario-para-eam-meteorologia\/","title":{"rendered":"Convocatoria de Profesor\/a Nivel Universitario Para EAM || \u00abMETEOROLOG\u00cdA\u201d"},"content":{"rendered":"<p>[vc_row][vc_column][vc_column_text]<\/p>\n<p style=\"text-align: justify;\">[\/vc_column_text][\/vc_column][\/vc_row][vc_row][vc_column][vc_column_text css=\u00bb.vc_custom_1744215559384{padding-right: 2em !important;}\u00bb]Se lleva a conocimiento al p\u00fablico en general, que la Escuela de Aviaci\u00f3n Militar realizar\u00e1 una convocatoria para Concurso Docente para cubrir <strong>UN (01)<\/strong> cargo Titular Interino de Profesor para la asignatura\u00a0 <strong>\u00abMETEOROLOG\u00cdA\u201d<\/strong> en el Cuerpo de Cadetes, seg\u00fan el siguiente detalle:<\/p>\n<p><strong>\u2013 CUATRO (04) horas semanales<\/strong> de clase cada uno, a desempe\u00f1ar los d\u00edas<strong> lunes y martes de 15:00 a 17:00 hs.<\/strong>[\/vc_column_text][vc_empty_space][vc_row_inner][vc_column_inner width=\u00bb1\/4&#8243;]<span class=\"sc_icon icon-calendar-light aligncenter\" style=\"font-size:2em; line-height: 1em;\"><\/span>[\/vc_column_inner][vc_column_inner width=\u00bb3\/4&#8243;][vc_empty_space][vc_column_text]<\/p>\n<p style=\"text-align: center;\"><strong>FECHA DE INSCRIPCI\u00d3N:<\/strong> <strong>14 ABR 25<\/strong> hasta el <strong>02 MAY<\/strong><strong> 25 <\/strong>de 09:00 a 13:00 hs, ambas fechas inclusive.<\/p>\n<p>[\/vc_column_text][\/vc_column_inner][\/vc_row_inner][vc_row_inner][vc_column_inner width=\u00bb1\/4&#8243;]<span class=\"sc_icon icon-graduation-light aligncenter\" style=\"font-size:2em; line-height: 1em;\"><\/span>[\/vc_column_inner][vc_column_inner width=\u00bb3\/4&#8243;][vc_column_text]<\/p>\n<p style=\"text-align: left;\"><b>PERFIL: CONTAR CON AL MENOS UNO DE LOS SIGUIENTES T\u00cdTULOS UNIVERSITARIOS:<br \/>\n<\/b>Deber\u00e1 acreditar T\u00edtulo de Superior Universitario y T\u00e9cnicos Superiores (excluyente)<\/p>\n<p style=\"text-align: left;\">Reglamentarios:<br \/>\na)\u00a0\u00a0\u00a0\u00a0\u00a0\u00a0 Profesor en Meteorolog\u00eda.<br \/>\nb)\u00a0\u00a0\u00a0\u00a0\u00a0 Licenciado en Ciencias de la Atm\u00f3sfera.<br \/>\nc)\u00a0\u00a0\u00a0\u00a0\u00a0\u00a0 Tecnicatura Superior en Meteorolog\u00eda.<\/p>\n<p>[\/vc_column_text][vc_empty_space][\/vc_column_inner][\/vc_row_inner][vc_row_inner][vc_column_inner width=\u00bb1\/4&#8243;]<span class=\"sc_icon icon-file-pdf aligncenter\" style=\"font-size:2em; line-height: 1em;\"><\/span>[\/vc_column_inner][vc_column_inner width=\u00bb3\/4&#8243;][vc_column_text]<\/p>\n<p style=\"text-align: center;\"><strong>DESCARGAR<\/strong>: <a href=\"http:\/\/www.eam.iua.edu.ar\/eam\/wp-content\/uploads\/2025\/04\/CONCURSO-METEROLOGIA_compressed.pdf\" target=\"_blank\" rel=\"noopener noreferrer\">BASES DE LA CONVOCATORIA<\/a><\/p>\n<p>[\/vc_column_text][vc_empty_space][\/vc_column_inner][\/vc_row_inner][vc_row_inner][vc_column_inner width=\u00bb1\/4&#8243;]<span class=\"sc_icon icon-location-light aligncenter\" style=\"font-size:2em; line-height: 1em;\"><\/span>[\/vc_column_inner][vc_column_inner width=\u00bb3\/4&#8243;][vc_column_text]<\/p>\n<p style=\"text-align: center;\"><strong>LUGAR DE INSCRIPCI\u00d3N:<\/strong> Presencialmente en la Oficina<strong> \u00abDivisi\u00f3n Docentes\u00bb <\/strong>de la <strong>Escuela de Aviaci\u00f3n Militar. <\/strong>(ubicada en el Escuadr\u00f3n Estudios \u2013 Planta Alta).<\/p>\n<p>[\/vc_column_text][vc_empty_space][\/vc_column_inner][\/vc_row_inner][vc_row_inner][vc_column_inner width=\u00bb1\/4&#8243;]<span class=\"sc_icon icon-mail-light aligncenter\" style=\"font-size:2em; line-height: 1em;\"><\/span>[\/vc_column_inner][vc_column_inner width=\u00bb3\/4&#8243;][vc_column_text]<\/p>\n<p style=\"text-align: center;\"><strong>EMAIL:<\/strong> <a href=\"mailto:selecciondocente@eam.iua.edu.ar\">selecciondocente@eam.iua.edu.ar<\/a><\/p>\n<p style=\"text-align: justify;\">[\/vc_column_text][vc_empty_space][\/vc_column_inner][\/vc_row_inner][vc_row_inner][vc_column_inner width=\u00bb1\/4&#8243;]<span class=\"sc_icon icon-mobile-light aligncenter\" style=\"font-size:2em; line-height: 1em;\"><\/span>[\/vc_column_inner][vc_column_inner width=\u00bb3\/4&#8243;][vc_column_text]<\/p>\n<p style=\"text-align: center;\">TEL\u00c9FONO: (+54) 4333 900 &#8211; interno: 37259<\/p>\n<p>[\/vc_column_text][vc_empty_space][\/vc_column_inner][\/vc_row_inner][vc_row_inner][vc_column_inner width=\u00bb1\/4&#8243;]<span class=\"sc_icon icon-clock-empty aligncenter\" style=\"font-size:2em; line-height: 1em;\"><\/span>[\/vc_column_inner][vc_column_inner width=\u00bb3\/4&#8243;][vc_column_text]<\/p>\n<p style=\"text-align: center;\"><strong>HORARIO DE INSCRIPCI\u00d3N:<\/strong> 9:00 hs a 13:00hs.<\/p>\n<p style=\"text-align: justify;\">[\/vc_column_text][vc_empty_space][\/vc_column_inner][\/vc_row_inner][\/vc_column][\/vc_row][vc_row][vc_column][vc_empty_space][vc_empty_space][\/vc_column][\/vc_row][vc_row][vc_column][vc_column_text]<\/p>\n<p>[\/vc_column_text][\/vc_column][\/vc_row]<\/p>\n","protected":false},"excerpt":{"rendered":"<p>[vc_row][vc_column][vc_column_text][\/vc_column_text][\/vc_column][\/vc_row][vc_row][vc_column][vc_column_text css=\u00bb.vc_custom_1744215559384{padding-right: 2em !important;}\u00bb]Se lleva a conocimiento al p\u00fablico en general, que la Escuela de Aviaci\u00f3n Militar realizar\u00e1 una convocatoria para Concurso Docente para cubrir UN (01) cargo Titular Interino de Profesor para la asignatura\u00a0 \u00abMETEOROLOG\u00cdA\u201d en el Cuerpo de Cadetes, seg\u00fan el siguiente detalle: \u2013 CUATRO (04) horas semanales de clase cada uno, [&hellip;]<\/p>\n","protected":false},"author":1,"featured_media":14338,"comment_status":"closed","ping_status":"closed","sticky":false,"template":"","format":"standard","meta":{"_joinchat":[],"footnotes":""},"categories":[2995],"tags":[95,874,1890,3036,123,107,3037],"class_list":["post-14334","post","type-post","status-publish","format-standard","has-post-thumbnail","hentry","category-noticias-2","tag-eam","tag-escuela-de-aviacion","tag-escuela-de-aviacion-militar","tag-profesor-docentes","tag-profesores","tag-seleccion-docente","tag-universidad"],"_links":{"self":[{"href":"http:\/\/www.eam.iua.edu.ar\/eam\/wp-json\/wp\/v2\/posts\/14334","targetHints":{"allow":["GET"]}}],"collection":[{"href":"http:\/\/www.eam.iua.edu.ar\/eam\/wp-json\/wp\/v2\/posts"}],"about":[{"href":"http:\/\/www.eam.iua.edu.ar\/eam\/wp-json\/wp\/v2\/types\/post"}],"author":[{"embeddable":true,"href":"http:\/\/www.eam.iua.edu.ar\/eam\/wp-json\/wp\/v2\/users\/1"}],"replies":[{"embeddable":true,"href":"http:\/\/www.eam.iua.edu.ar\/eam\/wp-json\/wp\/v2\/comments?post=14334"}],"version-history":[{"count":2,"href":"http:\/\/www.eam.iua.edu.ar\/eam\/wp-json\/wp\/v2\/posts\/14334\/revisions"}],"predecessor-version":[{"id":14337,"href":"http:\/\/www.eam.iua.edu.ar\/eam\/wp-json\/wp\/v2\/posts\/14334\/revisions\/14337"}],"wp:featuredmedia":[{"embeddable":true,"href":"http:\/\/www.eam.iua.edu.ar\/eam\/wp-json\/wp\/v2\/media\/14338"}],"wp:attachment":[{"href":"http:\/\/www.eam.iua.edu.ar\/eam\/wp-json\/wp\/v2\/media?parent=14334"}],"wp:term":[{"taxonomy":"category","embeddable":true,"href":"http:\/\/www.eam.iua.edu.ar\/eam\/wp-json\/wp\/v2\/categories?post=14334"},{"taxonomy":"post_tag","embeddable":true,"href":"http:\/\/www.eam.iua.edu.ar\/eam\/wp-json\/wp\/v2\/tags?post=14334"}],"curies":[{"name":"wp","href":"https:\/\/api.w.org\/{rel}","templated":true}]}}