{"id":14349,"date":"2025-05-02T11:12:33","date_gmt":"2025-05-02T14:12:33","guid":{"rendered":"http:\/\/www.eam.iua.edu.ar\/eam\/?p=14349"},"modified":"2025-05-02T11:34:23","modified_gmt":"2025-05-02T14:34:23","slug":"43-aniversario-del-bautismo-de-fuego-de-la-fuerza-aerea-argentina","status":"publish","type":"post","link":"http:\/\/www.eam.iua.edu.ar\/eam\/43-aniversario-del-bautismo-de-fuego-de-la-fuerza-aerea-argentina\/","title":{"rendered":"43\u00b0 Aniversario del Bautismo de Fuego de la Fuerza A\u00e9rea Argentina"},"content":{"rendered":"<p>[vc_row][vc_column]<figure class=\"sc_image  sc_image_shape_square\"><img decoding=\"async\" src=\"http:\/\/www.eam.iua.edu.ar\/eam\/wp-content\/uploads\/2025\/05\/Bautismo-de-Fuego-scaled.jpg\" alt=\"\" \/><\/figure>[\/vc_column][\/vc_row][vc_row][vc_column][vc_empty_space height=\u00bb25px\u00bb][\/vc_column][\/vc_row][vc_row][vc_column][vc_column_text]<\/p>\n<p align=\"justify\">Cada 1\u00b0 de mayo, nuestra instituci\u00f3n conmemora un d\u00eda hist\u00f3rico. Hace 43 a\u00f1os, la Fuerza A\u00e9rea Argentina era probada en combate y desplegaba todo su potencial para defender la soberan\u00eda en las Islas Malvinas.<br \/>\nPor este motivo, la Guarnici\u00f3n A\u00e9rea C\u00f3rdoba realiz\u00f3 una emotiva ceremonia para rendir homenaje a todos aquellos que lucharon en el Conflicto del Atl\u00e1ntico Sur, especialmente a los h\u00e9roes que dieron su vida en defensa de nuestro territorio.<br \/>\nEn la Plaza de Armas de la Escuela de Aviaci\u00f3n Militar se hicieron presentes Veteranos de Guerra acompa\u00f1ados por sus familias, como as\u00ed tambi\u00e9n familiares de oficiales ca\u00eddos en combate.<\/p>\n<p align=\"justify\">El evento fue presidido por el Jefe de la Guarnici\u00f3n A\u00e9rea C\u00f3rdoba y Director de la E.A.M., Brigadier Hugo Marcelo Fiocca, quien estuvo acompa\u00f1ado por Personal Militar en actividad y en situaci\u00f3n de retiro, Jefes de Unidades y Organismos de la Guarnici\u00f3n A\u00e9rea C\u00f3rdoba, autoridades de las Fuerzas Armadas y de Seguridad en la provincia de C\u00f3rdoba. Adem\u00e1s, particip\u00f3 Personal Militar Superior, Subalterno, Docentes, Civiles, Cadetes, Aspirantes, Tropa Voluntaria, como tambi\u00e9n alumnos del IPET 251 de la Guarnici\u00f3n A\u00e9rea C\u00f3rdoba, familiares e invitados especiales.<\/p>\n<p align=\"justify\">Luego de la entonaci\u00f3n de las estrofas del Himno Nacional Argentino y de la invocaci\u00f3n religiosa, se ley\u00f3 la n\u00f3mina de los 55 hombres de la Fuerza A\u00e9rea Argentina que ofrendaron su vida durante el conflicto, y luego se ejecut\u00f3 un toque de silencio en su memoria.<br \/>\nEl Comodoro \u201cVGM\u201d (R) Eduardo Mario Tu\u00f1ez fue el encargado de pronunciar un emotivo discurso a trav\u00e9s del cual logra transmitir con gran detalle y precisi\u00f3n, lo que se vivi\u00f3 aquel 1 de mayo de 1982. <strong>\u201cEn esta fecha surgen desde mi interior fuertes emociones y sentimientos encontrados. Por un lado, el orgullo de haber sido protagonista, pero tambi\u00e9n el dolor por los camaradas ca\u00eddos, a quienes Dios eligi\u00f3 para dar testimonio de compromiso y amor por la Patria. Aquella madrugada del 1\u00b0 de mayo hace 43 a\u00f1os, siendo un joven teniente, numeral de escuadrilla del Sarm IA 58 Pucar\u00e1 desplegado en Pradera del Ganso, junto a mis camaradas del escuadr\u00f3n aerom\u00f3vil, tuvimos un despertar inusual, conmocionante. Eran las 4 de la ma\u00f1ana cuando recibimos la alerta de ataque a\u00e9reo. Puerto Argentino estaba siendo bombardeado\u201d. <\/strong><\/p>\n<p align=\"justify\">Como protagonista de un momento hist\u00f3rico, cada una de las palabras del Comodoro \u201cVGM\u201d (R) Tu\u00f1ez sonaron con gran emoci\u00f3n en cada uno de los presentes.<\/p>\n<p>[\/vc_column_text][\/vc_column][\/vc_row][vc_row][vc_column][vc_empty_space height=\u00bb20px\u00bb][\/vc_column][\/vc_row][vc_row][vc_column]<blockquote class=\"sc_quote\"><p>El rugido de los aviones que parec\u00edan desgarrar el aire fue sucedido por potentes explosiones que estremec\u00edan la tierra [&#8230;] El olor acre, el gusto \u00e1cido en la boca y el silbido agudo en los o\u00eddos agregaban confusi\u00f3n a un ambiente desfigurado por el fuego y oscurecido por el humo [&#8230;] Era el despertar a la Guerra.<\/p><\/blockquote>[\/vc_column][\/vc_row][vc_row][vc_column][vc_column_text]<\/p>\n<p align=\"justify\">Durante la ceremonia se ley\u00f3 tambi\u00e9n el mensaje del Jefe de Estado Mayor General de la Fuerza A\u00e9rea Argentina, Brigadier Gustavo Javier Valverde, quien destac\u00f3 el accionar de cada uno de los hombres y mujeres que enfrentaron con determinaci\u00f3n la superioridad tecnol\u00f3gica del enemigo.<br \/>\n<strong>\u201cDetr\u00e1s de cada vuelo hab\u00eda t\u00e9cnicos, mec\u00e1nicos, operadores, radaristas, artilleros, m\u00e9dicos, personal log\u00edstico y de apoyo. Cada despegue, cada operaci\u00f3n fue posible gracias al esfuerzo sincronizado de esa gran familia a\u00e9rea que trabaj\u00f3 codo a codo, sin horarios ni pausas. En aquella jornada heroica comenzaron a escribirse p\u00e1ginas de gloria y sacrificio. Muchos de nuestros camaradas no regresaron. Sus nombres viven en nuestra memoria, ellos son nuestros 55 h\u00e9roes, a quienes les rendimos homenaje. A nuestros veteranos, quienes a\u00fan nos honran con su presencia, les expresamos nuestra gratitud eterna\u201d.<\/strong><\/p>\n<p align=\"justify\">La ceremonia finaliz\u00f3 con el desfile terrestre encabezado por los Veteranos de Guerra presentes, quienes luego de su paso frente al palco de autoridades se ubicaron para la rendici\u00f3n de honores que les brind\u00f3 la agrupaci\u00f3n \u201cBautismo de Fuego\u201d.<\/p>\n<p>[\/vc_column_text][\/vc_column][\/vc_row][vc_row][vc_column][vc_empty_space height=\u00bb30px\u00bb][\/vc_column][\/vc_row][vc_row][vc_column][vc_gallery type=\u00bbimage_grid\u00bb images=\u00bb14354,14377,14355,14356,14357,14359,14364,14358,14376,14363,14362,14361,14378,14360,14365,14366,14367,14368,14370,14369,14371,14372,14373&#8243;][\/vc_column][\/vc_row]<\/p>\n","protected":false},"excerpt":{"rendered":"<p>[vc_row][vc_column][\/vc_column][\/vc_row][vc_row][vc_column][vc_empty_space height=\u00bb25px\u00bb][\/vc_column][\/vc_row][vc_row][vc_column][vc_column_text] Cada 1\u00b0 de mayo, nuestra instituci\u00f3n conmemora un d\u00eda hist\u00f3rico. Hace 43 a\u00f1os, la Fuerza A\u00e9rea Argentina era probada en combate y desplegaba todo su potencial para defender la soberan\u00eda en las Islas Malvinas. Por este motivo, la Guarnici\u00f3n A\u00e9rea C\u00f3rdoba realiz\u00f3 una emotiva ceremonia para rendir homenaje a todos aquellos que lucharon [&hellip;]<\/p>\n","protected":false},"author":5,"featured_media":14365,"comment_status":"closed","ping_status":"closed","sticky":false,"template":"","format":"standard","meta":{"_joinchat":[],"footnotes":""},"categories":[2995],"tags":[1110,122,95,874,1890,3039,1259,1235],"class_list":["post-14349","post","type-post","status-publish","format-standard","has-post-thumbnail","hentry","category-noticias-2","tag-bautismo-de-fuego","tag-ceremonias","tag-eam","tag-escuela-de-aviacion","tag-escuela-de-aviacion-militar","tag-formacionmilitar","tag-fuerza-aerea-argentina","tag-vgm"],"_links":{"self":[{"href":"http:\/\/www.eam.iua.edu.ar\/eam\/wp-json\/wp\/v2\/posts\/14349","targetHints":{"allow":["GET"]}}],"collection":[{"href":"http:\/\/www.eam.iua.edu.ar\/eam\/wp-json\/wp\/v2\/posts"}],"about":[{"href":"http:\/\/www.eam.iua.edu.ar\/eam\/wp-json\/wp\/v2\/types\/post"}],"author":[{"embeddable":true,"href":"http:\/\/www.eam.iua.edu.ar\/eam\/wp-json\/wp\/v2\/users\/5"}],"replies":[{"embeddable":true,"href":"http:\/\/www.eam.iua.edu.ar\/eam\/wp-json\/wp\/v2\/comments?post=14349"}],"version-history":[{"count":5,"href":"http:\/\/www.eam.iua.edu.ar\/eam\/wp-json\/wp\/v2\/posts\/14349\/revisions"}],"predecessor-version":[{"id":14380,"href":"http:\/\/www.eam.iua.edu.ar\/eam\/wp-json\/wp\/v2\/posts\/14349\/revisions\/14380"}],"wp:featuredmedia":[{"embeddable":true,"href":"http:\/\/www.eam.iua.edu.ar\/eam\/wp-json\/wp\/v2\/media\/14365"}],"wp:attachment":[{"href":"http:\/\/www.eam.iua.edu.ar\/eam\/wp-json\/wp\/v2\/media?parent=14349"}],"wp:term":[{"taxonomy":"category","embeddable":true,"href":"http:\/\/www.eam.iua.edu.ar\/eam\/wp-json\/wp\/v2\/categories?post=14349"},{"taxonomy":"post_tag","embeddable":true,"href":"http:\/\/www.eam.iua.edu.ar\/eam\/wp-json\/wp\/v2\/tags?post=14349"}],"curies":[{"name":"wp","href":"https:\/\/api.w.org\/{rel}","templated":true}]}}