{"id":14506,"date":"2025-05-27T13:13:32","date_gmt":"2025-05-27T16:13:32","guid":{"rendered":"http:\/\/www.eam.iua.edu.ar\/eam\/?p=14506"},"modified":"2025-05-30T12:15:29","modified_gmt":"2025-05-30T15:15:29","slug":"dia-del-soldado-aeronautico-2","status":"publish","type":"post","link":"http:\/\/www.eam.iua.edu.ar\/eam\/dia-del-soldado-aeronautico-2\/","title":{"rendered":"D\u00eda del Soldado Aeron\u00e1utico"},"content":{"rendered":"<p>[vc_row][vc_column][vc_column_text]<\/p>\n<p align=\"justify\">El 23 de mayo se conmemora el D\u00eda del Soldado Aeron\u00e1utico en honor al soldado conscripto Pablo Teodoro Fels, quien un 23 de mayo del a\u00f1o 1913 recibi\u00f3 el brevet de piloto aviador por haber realizado la proeza de unir por aire, a bordo de un avi\u00f3n monoplano Bleriot XI, la ciudad de Buenos Aires con la de Montevideo, Uruguay. Por esta haza\u00f1a tambi\u00e9n fue ascendido al grado de Cabo por Roque S\u00e1enz Pe\u00f1a, quien era Presidente de la Naci\u00f3n en ese momento.<br \/>\nEn este d\u00eda recordamos tambi\u00e9n la figura emblem\u00e1tica del Soldado Aeron\u00e1utico dentro de la Fuerza A\u00e9rea Argentina, por su destacada labor diaria para enaltecer cada servicio de la Instituci\u00f3n. En la Escuela de Aviaci\u00f3n Militar, los soldados llevan a cabo innumerables tareas y actividades ligadas al quehacer aeron\u00e1utico, desde t\u00e9cnicos y bomberos hasta operarios y mantenimiento. Cada uno de ellos forma parte de un eslab\u00f3n fundamental para cumplimentar la misi\u00f3n de la instituci\u00f3n y estar al servicio de la Patria.<\/p>\n<p align=\"justify\">En la Plaza General Manuel Belgrano de la E.A.M se realiz\u00f3 una ceremonia conmemorativa que fue presidida por el Subdirector del Instituto, Comodoro D. Marcelo Agosto. De la formaci\u00f3n particip\u00f3 Personal Militar Superior y Subalterno en actividad y situaci\u00f3n de retiro, Personal Civil y Docente, como as\u00ed tambi\u00e9n todo el personal de Soldados Voluntarios pertenecientes al Escuadr\u00f3n Tropa de la Instituci\u00f3n. Adem\u00e1s, estuvieron presentes Soldados conscriptos que realizaron el Servicio Militar Obligatorio en nuestra instituci\u00f3n.<\/p>\n<p align=\"justify\">Luego de la invocaci\u00f3n religiosa, la Soldado Voluntario de Primera, Mar\u00eda Cajal fue la encargada de pronunciar unas palabras alusivas destacando la labor silenciosa pero siempre esencial de todos los soldados voluntarios. En sus palabras evoc\u00f3 el recuerdo de los tres soldados aeron\u00e1uticos que ofrendaron sus vidas en la Guerra de Malvinas Cabo (PM) H\u00e9ctor Walter Aguirre, Cabo (PM) Luis Guillermo Sevilla y Cabo (PM) Mario Ram\u00f3n Luna., <strong>\u201cSu coraje y su amor por la Patria nos inspira a seguir su ejemplo de honor y sacrificio\u201d<\/strong>.<\/p>\n<p align=\"justify\">El Jefe del Escuadr\u00f3n Tropa, Primer Teniente Miguel A. Rosa, tambi\u00e9n pronunci\u00f3 palabras alusivas, destacando las funciones que cumplen los soldados aeron\u00e1uticos en la instituci\u00f3n. \u201cSoldados log\u00edsticos, sin importar condiciones clim\u00e1ticas, aseguran el funcionamiento de nuestras instalaciones con esfuerzo diario y silencioso. Los soldados t\u00e9cnicos, comprometidos con el mantenimiento y la operatividad del material a\u00e9reo, trabajan con precisi\u00f3n y constancia. Tambi\u00e9n destacamos a todos aquellos soldados que cumplen un rol esencial como centinelas en el sistema de seguridad que permite que la actividad diaria se pueda llevar a cabo con total normalidad\u201d.<\/p>\n<p align=\"justify\">Durante la ceremonia se ley\u00f3 el mensaje del Jefe de Estado Mayor General de la Fuerza A\u00e9rea Argentina, Brigadier Gustavo Javier Valverde. <strong>\u201cDeseo expresar mi profundo agradecimiento y reconocimiento a todos los soldados aeron\u00e1uticos, que con orgullo de pertenecer y sentido de responsabilidad, trabajan d\u00eda a d\u00eda para seguir escribiendo la historia de una fuerza a\u00e9rea presente, operativa y comprometida con los desaf\u00edos del futuro. \u00a1Gloria y honor al soldado aeron\u00e1utico argentino!\u201d<\/strong><\/p>\n<p align=\"justify\">Para finalizar la ceremonia, el Escuadr\u00f3n Tropa formado en la Plaza Belgrano desfil\u00f3 a paso firme frente al palco de autoridades.<\/p>\n<p>[\/vc_column_text][\/vc_column][\/vc_row][vc_row][vc_column][vc_empty_space height=\u00bb25px\u00bb][\/vc_column][\/vc_row][vc_row][vc_column][vc_gallery type=\u00bbimage_grid\u00bb images=\u00bb14507,14513,14508,14509,14510,14512,14511,14514&#8243;][\/vc_column][\/vc_row]<\/p>\n","protected":false},"excerpt":{"rendered":"<p>[vc_row][vc_column][vc_column_text] El 23 de mayo se conmemora el D\u00eda del Soldado Aeron\u00e1utico en honor al soldado conscripto Pablo Teodoro Fels, quien un 23 de mayo del a\u00f1o 1913 recibi\u00f3 el brevet de piloto aviador por haber realizado la proeza de unir por aire, a bordo de un avi\u00f3n monoplano Bleriot XI, la ciudad de Buenos [&hellip;]<\/p>\n","protected":false},"author":5,"featured_media":14510,"comment_status":"closed","ping_status":"closed","sticky":false,"template":"","format":"standard","meta":{"_joinchat":[],"footnotes":""},"categories":[2995],"tags":[122,95,874,1890,660,3039,1259],"class_list":["post-14506","post","type-post","status-publish","format-standard","has-post-thumbnail","hentry","category-noticias-2","tag-ceremonias","tag-eam","tag-escuela-de-aviacion","tag-escuela-de-aviacion-militar","tag-faa","tag-formacionmilitar","tag-fuerza-aerea-argentina"],"_links":{"self":[{"href":"http:\/\/www.eam.iua.edu.ar\/eam\/wp-json\/wp\/v2\/posts\/14506","targetHints":{"allow":["GET"]}}],"collection":[{"href":"http:\/\/www.eam.iua.edu.ar\/eam\/wp-json\/wp\/v2\/posts"}],"about":[{"href":"http:\/\/www.eam.iua.edu.ar\/eam\/wp-json\/wp\/v2\/types\/post"}],"author":[{"embeddable":true,"href":"http:\/\/www.eam.iua.edu.ar\/eam\/wp-json\/wp\/v2\/users\/5"}],"replies":[{"embeddable":true,"href":"http:\/\/www.eam.iua.edu.ar\/eam\/wp-json\/wp\/v2\/comments?post=14506"}],"version-history":[{"count":2,"href":"http:\/\/www.eam.iua.edu.ar\/eam\/wp-json\/wp\/v2\/posts\/14506\/revisions"}],"predecessor-version":[{"id":14516,"href":"http:\/\/www.eam.iua.edu.ar\/eam\/wp-json\/wp\/v2\/posts\/14506\/revisions\/14516"}],"wp:featuredmedia":[{"embeddable":true,"href":"http:\/\/www.eam.iua.edu.ar\/eam\/wp-json\/wp\/v2\/media\/14510"}],"wp:attachment":[{"href":"http:\/\/www.eam.iua.edu.ar\/eam\/wp-json\/wp\/v2\/media?parent=14506"}],"wp:term":[{"taxonomy":"category","embeddable":true,"href":"http:\/\/www.eam.iua.edu.ar\/eam\/wp-json\/wp\/v2\/categories?post=14506"},{"taxonomy":"post_tag","embeddable":true,"href":"http:\/\/www.eam.iua.edu.ar\/eam\/wp-json\/wp\/v2\/tags?post=14506"}],"curies":[{"name":"wp","href":"https:\/\/api.w.org\/{rel}","templated":true}]}}