{"id":14517,"date":"2025-05-28T11:55:41","date_gmt":"2025-05-28T14:55:41","guid":{"rendered":"http:\/\/www.eam.iua.edu.ar\/eam\/?p=14517"},"modified":"2025-05-28T13:16:10","modified_gmt":"2025-05-28T16:16:10","slug":"inscripciones-abiertas-ingreso-2026","status":"publish","type":"post","link":"http:\/\/www.eam.iua.edu.ar\/eam\/inscripciones-abiertas-ingreso-2026\/","title":{"rendered":"INSCRIPCIONES ABIERTAS INGRESO 2026"},"content":{"rendered":"<p>[vc_row][vc_column]<h1 class=\"sc_title sc_title_regular \"><\/p>\n<h4><b>COMENZ\u00d3 LA INSCRIPCI\u00d3N PARA EL INGRESO 2026\u00a0<\/b><b>A LA ESCUELA DE AVIACI\u00d3N MILITAR <\/b><\/h4>\n<p><\/h1>[\/vc_column][\/vc_row][vc_row][vc_column][vc_column_text]<\/p>\n<p style=\"text-align: justify;\">La <strong>Escuela de Aviaci\u00f3n Militar<\/strong> abre sus puertas a una nueva generaci\u00f3n de j\u00f3venes que sue\u00f1an con formar parte de la <strong>Fuerza A\u00e9rea Argentina.<\/strong> Del 26 de mayo y hasta el 21 de noviembre de 2025 se encuentran habilitadas las inscripciones para el <strong>Ingreso 2026 a la Carrera de Oficial.<\/strong> A lo largo de este <strong>proceso integral de formaci\u00f3n<\/strong>, los candidatos aprenden a trabajar en equipo, a servir con vocaci\u00f3n, a amar la Patria y a desarrollar el coraje necesario para volar alto, enfrentando los desaf\u00edos que cada especialidad y misi\u00f3n requieren<\/p>\n<p>[\/vc_column_text][vc_empty_space height=\u00bb2em\u00bb]<figure class=\"sc_image  sc_image_shape_square\"><img decoding=\"async\" src=\"http:\/\/www.eam.iua.edu.ar\/eam\/wp-content\/uploads\/2025\/05\/portada.webp\" alt=\"\" \/><\/figure>[vc_empty_space height=\u00bb2em\u00bb][\/vc_column][\/vc_row][vc_row][vc_column][vc_empty_space height=\u00bb2em\u00bb][vc_column_text]<\/p>\n<h4>PROCESO DE INGRESO A LA CARRERA<\/h4>\n<p style=\"text-align: justify;\"><span style=\"font-weight: 400;\">Aquellos j\u00f3venes interesados que cumplan con los <\/span><a href=\"https:\/\/goo.gl\/1sYcth\"><span style=\"font-weight: 400;\">requisitos de ingreso<\/span><\/a> <span style=\"font-weight: 400;\">a la Carrera deben completar los <\/span><a href=\"http:\/\/www.eam.iua.edu.ar\/eam\/ingreso-a-la-carrera-de-oficial\/\"><span style=\"font-weight: 400;\">pasos del proceso de incorporaci\u00f3n<\/span><\/a><span style=\"font-weight: 400;\">, que incluyen una <\/span><b>inscripci\u00f3n online<\/b><span style=\"font-weight: 400;\">, un <\/span><b>examen intelectual<\/b><span style=\"font-weight: 400;\"> en diciembre de 2025 y un <\/span><b>examen definitivo<\/b><span style=\"font-weight: 400;\"> a principios de 2026, donde se eval\u00faan aspectos f\u00edsicos y m\u00e9dicos, entre otros:<\/span><\/p>\n<p>[\/vc_column_text][vc_empty_space height=\u00bb2em\u00bb]<figure class=\"sc_image  sc_image_shape_square\" style=\"width:60%;\"><img decoding=\"async\" src=\"http:\/\/www.eam.iua.edu.ar\/eam\/wp-content\/uploads\/2025\/05\/Pasos.webp\" alt=\"\" \/><\/figure>[vc_empty_space height=\u00bb2em\u00bb][\/vc_column][\/vc_row][vc_row][vc_column][vc_column_text]<\/p>\n<h4>CARACTER\u00cdSTICAS DE LA CARRERA<\/h4>\n<p style=\"text-align: justify;\">Los Cadetes de la Escuela de Aviaci\u00f3n Militar se forman como los futuros l\u00edderes del Poder Aeroespacial Militar, con el legado presente de ser la <strong>Cuna de los H\u00e9roes de Malvinas,<\/strong> y ser una Fuerza A\u00e9rea\u00a0 probada en combate.<\/p>\n<p style=\"text-align: justify;\">Al incorporarse a primer a\u00f1o, comienzan su <strong>formaci\u00f3n militar<\/strong> con <strong>r\u00e9gimen de internado<\/strong>, adquiriendo conocimientos cient\u00edficos,\u00a0 t\u00e9cnicos y acad\u00e9micos, desarrollando una preparaci\u00f3n f\u00edsica &#8211; deportiva y asimilando las actitudes necesarias que caracterizan a un l\u00edder militar en valores patri\u00f3ticos sanmartinianos. Adem\u00e1s, para efectuar la pr\u00e1ctica de la formaci\u00f3n recibida, se realizan<strong> ejercicios de supervivencia<\/strong> en distintas regiones geogr\u00e1ficas de Argentina (monta\u00f1a, selva, desierto y mar), defensa de instalaciones aeron\u00e1uticas, aplicaci\u00f3n de t\u00e9cnicas de evasi\u00f3n y escape, etc.<\/p>\n<p>[\/vc_column_text][vc_empty_space height=\u00bb2em\u00bb][vc_gallery type=\u00bbimage_grid\u00bb images=\u00bb14531,14530,14529,14528,14527,14526,14525,14524&#8243;][vc_empty_space height=\u00bb2em\u00bb][\/vc_column][\/vc_row][vc_row][vc_column][vc_empty_space height=\u00bb2em\u00bb][vc_column_text]<\/p>\n<h4>PROYECCI\u00d3N PROFESIONAL DEL OFICIAL DE FAA<\/h4>\n<p style=\"text-align: justify;\"><span style=\"font-weight: 400;\">Luego de cursar durante <\/span><b>4 a\u00f1os, <\/b><span style=\"font-weight: 400;\">el Cadete obtiene una <\/span><b>Titulaci\u00f3n Universitaria como Licenciado en Conducci\u00f3n de Recursos Aeroespaciales para la Defensa<\/b> <a href=\"http:\/\/www.eam.iua.edu.ar\/eam\/wp-content\/uploads\/2017\/10\/RM-524-2013-LICRAD.pdf\"><span style=\"font-weight: 400;\">(LICRAD)<\/span><\/a><span style=\"font-weight: 400;\">,<\/span><span style=\"font-weight: 400;\"> y <\/span><span style=\"font-weight: 400;\">el grado militar de <\/span><b>Alferez, <\/b><span style=\"font-weight: 400;\">lo que le permitir\u00e1 iniciar la etapa de especializaci\u00f3n como <\/span><b>Oficial <\/b><span style=\"font-weight: 400;\">en\u00a0 el Escalaf\u00f3n Aire, General o T\u00e9cnico, y continuar <\/span><span style=\"font-weight: 400;\">su<\/span> <a href=\"http:\/\/www.eam.iua.edu.ar\/eam\/proyeccion-profesional\/\"><span style=\"font-weight: 400;\">proyecci\u00f3n profesional<\/span><\/a> <span style=\"font-weight: 400;\">desarroll\u00e1ndose en una de las diecisiete<\/span> <a href=\"http:\/\/www.eam.iua.edu.ar\/eam\/proyeccion-profesional\/\"><span style=\"font-weight: 400;\">Especialidades<\/span><\/a><span style=\"font-weight: 400;\">: <\/span><\/p>\n<p style=\"text-align: justify;\"><span style=\"font-weight: 400;\">\u00a0<\/span><\/p>\n<p>[\/vc_column_text][vc_empty_space height=\u00bb2em\u00bb]<figure class=\"sc_image  sc_image_shape_square\"><img decoding=\"async\" src=\"http:\/\/www.eam.iua.edu.ar\/eam\/wp-content\/uploads\/2025\/05\/especialidades-02-scaled.webp\" alt=\"\" \/><\/figure>[\/vc_column][\/vc_row][vc_row][vc_column][vc_empty_space height=\u00bb2em\u00bb][vc_column_text]<\/p>\n<h4 style=\"text-align: left;\">HALC\u00d3N-1 &#8211;\u00a0\u00a1NUEVO CANAL DE CONTACTO CON LA EAM!<\/h4>\n<p>&nbsp;<\/p>\n<p style=\"text-align: justify;\"><span style=\"font-weight: 400;\">La EAM contin\u00faa fortaleciendo su compromiso con la excelencia en la formaci\u00f3n de los futuros Oficiales de la Fuerza A\u00e9rea Argentina, integrando herramientas modernas que faciliten el acceso a la informaci\u00f3n y promuevan una <\/span><b>comunicaci\u00f3n m\u00e1s eficiente<\/b><span style=\"font-weight: 400;\"> con quienes desean formar parte de esta Instituci\u00f3n.<\/span><\/p>\n<p style=\"text-align: justify;\"><span style=\"font-weight: 400;\">Es por ello que en el marco de esta nueva convocatoria, da un paso m\u00e1s hacia la innovaci\u00f3n tecnol\u00f3gica y presenta a <\/span><a href=\"https:\/\/wa.me\/5493516643424\"><span style=\"font-weight: 400;\">HALC\u00d3N-1<\/span><\/a><span style=\"font-weight: 400;\">, un <\/span><b>chatbot exclusivo de WhatsApp<\/b><span style=\"font-weight: 400;\"> creado para acompa\u00f1ar a los Candidatos en cada etapa del proceso de ingreso y permiti\u00e9ndoles:\u00a0<\/span><\/p>\n<ul style=\"text-align: justify;\">\n<li style=\"font-weight: 400;\" aria-level=\"1\"><span style=\"font-weight: 400;\">Consultar dudas sobre el ingreso a la Carrera de Oficial y otras propuestas de formaci\u00f3n del Instituto.<\/span><\/li>\n<li style=\"font-weight: 400;\" aria-level=\"1\"><span style=\"font-weight: 400;\">Acceder a respuestas r\u00e1pidas, claras y oficiales, disponibles las 24 horas.<\/span><\/li>\n<li style=\"font-weight: 400;\" aria-level=\"1\"><span style=\"font-weight: 400;\">Obtener enlaces directos a inscripciones, requisitos, cronogramas y otros recursos clave.<\/span><\/li>\n<li style=\"font-weight: 400;\" aria-level=\"1\"><span style=\"font-weight: 400;\">Mantener una comunicaci\u00f3n directa, sencilla y sin costo desde cualquier dispositivo.<\/span><\/li>\n<\/ul>\n<p style=\"text-align: justify;\"><span style=\"font-weight: 400;\">&#x1f4f2; Agend\u00e1 el contacto y empez\u00e1 a consultar ahora mismo: <\/span><span style=\"font-weight: 400;\">\u00a0<\/span><a href=\"https:\/\/wa.me\/5493516643424\"><span style=\"font-weight: 400;\">https:\/\/wa.me\/5493516643424<\/span><\/a><span style=\"font-weight: 400;\">\u00a0\u00a0\u00a0<\/span><\/p>\n<p>&nbsp;<\/p>\n<p style=\"text-align: justify;\"><span style=\"font-weight: 400;\">\u00a0<\/span><\/p>\n<p>[\/vc_column_text][\/vc_column][\/vc_row][vc_row][vc_column width=\u00bb1\/2&#8243;]<figure class=\"sc_image  sc_image_shape_square\"><img decoding=\"async\" src=\"http:\/\/www.eam.iua.edu.ar\/eam\/wp-content\/uploads\/2025\/05\/QR-CHATBOT-vertical.webp\" alt=\"\" \/><\/figure>[\/vc_column][vc_column width=\u00bb1\/2&#8243;]<figure class=\"sc_image  sc_image_shape_square\"><img decoding=\"async\" src=\"http:\/\/www.eam.iua.edu.ar\/eam\/wp-content\/uploads\/2025\/05\/CHATBOT-vertical.webp\" alt=\"\" \/><\/figure>[\/vc_column][\/vc_row][vc_row][\/vc_row][vc_column][vc_empty_space height=\u00bb2em\u00bb][vc_column_text]<b>+Info:<\/b><\/p>\n<ul>\n<li><span style=\"font-weight: 400;\">Visit\u00e1 <\/span><a href=\"http:\/\/www.eam.iua.edu.ar\/\"><span style=\"font-weight: 400;\">www.eam.iua.edu.ar<\/span><\/a><span style=\"font-weight: 400;\">\u00a0<\/span><\/li>\n<li><span style=\"font-weight: 400;\">Seguinos <\/span><span style=\"font-weight: 400;\">en las <\/span><a href=\"http:\/\/www.eam.iua.edu.ar\/eam\/contacto\/\"><span style=\"font-weight: 400;\">redes sociales<\/span><\/a><span style=\"font-weight: 400;\">\u00a0<\/span><\/li>\n<li><span style=\"font-weight: 400;\">Escribinos a <\/span><a href=\"mailto:incorporacion@eam.iua.edu.ar\"><span style=\"font-weight: 400;\">incorporacion@eam.iua.edu.ar<\/span><\/a><\/li>\n<\/ul>\n<p>[\/vc_column_text][vc_empty_space height=\u00bb2em\u00bb][\/vc_column]<\/p>\n","protected":false},"excerpt":{"rendered":"<p>[vc_row][vc_column][\/vc_column][\/vc_row][vc_row][vc_column][vc_column_text] La Escuela de Aviaci\u00f3n Militar abre sus puertas a una nueva generaci\u00f3n de j\u00f3venes que sue\u00f1an con formar parte de la Fuerza A\u00e9rea Argentina. Del 26 de mayo y hasta el 21 de noviembre de 2025 se encuentran habilitadas las inscripciones para el Ingreso 2026 a la Carrera de Oficial. A lo largo de [&hellip;]<\/p>\n","protected":false},"author":1,"featured_media":14533,"comment_status":"closed","ping_status":"closed","sticky":false,"template":"","format":"standard","meta":{"_joinchat":[],"footnotes":""},"categories":[2995],"tags":[3046,95,874,1890,660,1259,2645],"class_list":["post-14517","post","type-post","status-publish","format-standard","has-post-thumbnail","hentry","category-noticias-2","tag-carrera-de-oficial","tag-eam","tag-escuela-de-aviacion","tag-escuela-de-aviacion-militar","tag-faa","tag-fuerza-aerea-argentina","tag-inscripciones-abiertas"],"_links":{"self":[{"href":"http:\/\/www.eam.iua.edu.ar\/eam\/wp-json\/wp\/v2\/posts\/14517","targetHints":{"allow":["GET"]}}],"collection":[{"href":"http:\/\/www.eam.iua.edu.ar\/eam\/wp-json\/wp\/v2\/posts"}],"about":[{"href":"http:\/\/www.eam.iua.edu.ar\/eam\/wp-json\/wp\/v2\/types\/post"}],"author":[{"embeddable":true,"href":"http:\/\/www.eam.iua.edu.ar\/eam\/wp-json\/wp\/v2\/users\/1"}],"replies":[{"embeddable":true,"href":"http:\/\/www.eam.iua.edu.ar\/eam\/wp-json\/wp\/v2\/comments?post=14517"}],"version-history":[{"count":15,"href":"http:\/\/www.eam.iua.edu.ar\/eam\/wp-json\/wp\/v2\/posts\/14517\/revisions"}],"predecessor-version":[{"id":14543,"href":"http:\/\/www.eam.iua.edu.ar\/eam\/wp-json\/wp\/v2\/posts\/14517\/revisions\/14543"}],"wp:featuredmedia":[{"embeddable":true,"href":"http:\/\/www.eam.iua.edu.ar\/eam\/wp-json\/wp\/v2\/media\/14533"}],"wp:attachment":[{"href":"http:\/\/www.eam.iua.edu.ar\/eam\/wp-json\/wp\/v2\/media?parent=14517"}],"wp:term":[{"taxonomy":"category","embeddable":true,"href":"http:\/\/www.eam.iua.edu.ar\/eam\/wp-json\/wp\/v2\/categories?post=14517"},{"taxonomy":"post_tag","embeddable":true,"href":"http:\/\/www.eam.iua.edu.ar\/eam\/wp-json\/wp\/v2\/tags?post=14517"}],"curies":[{"name":"wp","href":"https:\/\/api.w.org\/{rel}","templated":true}]}}