{"id":14547,"date":"2025-05-28T14:08:02","date_gmt":"2025-05-28T17:08:02","guid":{"rendered":"http:\/\/www.eam.iua.edu.ar\/eam\/?p=14547"},"modified":"2025-05-28T14:08:02","modified_gmt":"2025-05-28T17:08:02","slug":"215o-aniversario-de-la-revolucion-de-mayo","status":"publish","type":"post","link":"http:\/\/www.eam.iua.edu.ar\/eam\/215o-aniversario-de-la-revolucion-de-mayo\/","title":{"rendered":"215\u00ba Aniversario de la Revoluci\u00f3n de Mayo"},"content":{"rendered":"<p>[vc_row][vc_column][vc_column_text]<\/p>\n<p align=\"justify\">La Escuela de Aviaci\u00f3n Militar conmemor\u00f3 el 215\u00ba Aniversario de la Revoluci\u00f3n de Mayo con una ceremonia en la Plaza General San Mart\u00edn de la Instituci\u00f3n.<\/p>\n<p align=\"justify\">La formaci\u00f3n fue encabezada por el Jefe de la Guarnici\u00f3n A\u00e9rea C\u00f3rdoba, Brigadier Hugo Marcelo Fiocca, quien estuvo acompa\u00f1ado por Jefes de Unidades y Organismos, Personal Militar superior en actividad y en situaci\u00f3n de retiro, Personal Militar Subalterno, Docente, Civil, Cadetes y Tropa Voluntaria de la Guarnici\u00f3n A\u00e9rea C\u00f3rdoba.<\/p>\n<p align=\"justify\">Luego del izado del Pabell\u00f3n Nacional y la entonaci\u00f3n de las estrofas del Himno Nacional, se ley\u00f3 el mensaje del Se\u00f1or Ministro de Defensa de la Naci\u00f3n, Luis Petri, alusivo a la fecha patria.<strong> \u201cUstedes, oficiales, suboficiales, soldados, no portan un uniforme cualquiera. Portan historia. Portan la sagrada causa nacional de defender lo m\u00e1s valioso que tiene el pueblo argentino: los colores de la Patria y su independencia\u201d. <\/strong>Entre sus palabras, el Ministro destac\u00f3 el esp\u00edritu de lucha que forjaron las Fuerzas Armadas: <strong>\u201cLo demostr\u00f3 la Fuerza A\u00e9rea, heredera moderna del esp\u00edritu de Mayo, cuando en 1982 surc\u00f3 los cielos del Atl\u00e1ntico Sur y con valor legendario, enfrent\u00f3 a una potencia mundial en defensa de nuestra soberan\u00eda en Malvinas. Y lo sigue demostrando cada vez que patrulla nuestro espacio a\u00e9reo, que transporta ayuda donde otros no llegan, que vuela cuando todo parece imposible [\u2026] Custodiar la soberan\u00eda, defender la libertad y servir a la Naci\u00f3n no son consignas del pasado, sino responsabilidades del presente. Y mientras exista un soldado dispuesto, la Patria Vivir\u00e1\u201d.<\/strong><\/p>\n<p>[\/vc_column_text][\/vc_column][\/vc_row][vc_row][vc_column][vc_empty_space height=\u00bb20px\u00bb][\/vc_column][\/vc_row][vc_row][vc_column][vc_gallery type=\u00bbimage_grid\u00bb images=\u00bb14549,14551,14550,14548&#8243;][\/vc_column][\/vc_row][vc_row][vc_column][vc_empty_space height=\u00bb40px\u00bb][\/vc_column][\/vc_row][vc_row][vc_column][vc_column_text]<strong>Adem\u00e1s, la Guarnici\u00f3n A\u00e9rea C\u00f3rdoba particip\u00f3 de diversos actos organizados por el Gobierno de la Provincia de C\u00f3rdoba y la Municipalidad de la ciudad<\/strong><\/p>\n<p>El domingo 25 se realiz\u00f3 el acto central en la localidad de Villa Carlos Paz, el cual fue presidido por el Gobernador Llaryora. El Brigadier Fiocca particip\u00f3 en esta ocasi\u00f3n acompa\u00f1ado por altas autoridades provinciales.<br \/>\nPor las calles de la ciudad se realiz\u00f3 un desfile c\u00edvico militar del cual participaron el abanderado y escoltas de la instituci\u00f3n, junto a una secci\u00f3n de cadetes y la Banda Militar de M\u00fasica \u201cBautismo de Fuego\u201d.[\/vc_column_text][\/vc_column][\/vc_row][vc_row][vc_column][vc_empty_space height=\u00bb20px\u00bb][\/vc_column][\/vc_row][vc_row][vc_column][vc_gallery type=\u00bbimage_grid\u00bb images=\u00bb14553,14557,14554,14556,14555,14552,14558&#8243;][\/vc_column][\/vc_row][vc_row][vc_column][vc_empty_space height=\u00bb30px\u00bb][\/vc_column][\/vc_row][vc_row][vc_column][vc_column_text]<\/p>\n<p align=\"justify\"><strong>La Escuela de Aviaci\u00f3n particip\u00f3 tambi\u00e9n en los festejos conmemorativos organizados por la Municipalidad de la ciudad de C\u00f3rdoba.<\/strong><\/p>\n<p align=\"justify\">El Subdirector del Instituto, Comodoro Marcelo Andr\u00e9s Agosto particip\u00f3 del cambio de guardia del Cabildo Hist\u00f3rico de la ciudad que fue encabezado por el Intendente, Dr. Daniel Passerini y cont\u00f3 con la presencia de destacadas autoridades municipales.<br \/>\nAdem\u00e1s, el domingo por la ma\u00f1ana personal militar superior y cadetes participaron del izamiento del Pabell\u00f3n Nacional en la Plaza San Mart\u00edn, en el centro de la ciudad.<br \/>\nEn esta oportunidad, el intendente Passerini encabez\u00f3 la formaci\u00f3n, acompa\u00f1ado por autoridades municipales, personal de las Fuerzas Armadas y de Seguridad e invitados especiales.<\/p>\n<p>[\/vc_column_text][\/vc_column][\/vc_row][vc_row][vc_column][vc_empty_space height=\u00bb20px\u00bb][\/vc_column][\/vc_row][vc_row][vc_column][vc_gallery type=\u00bbimage_grid\u00bb images=\u00bb14566,14565,14563,14564,14559,14562,14560,14561&#8243;][\/vc_column][\/vc_row]<\/p>\n","protected":false},"excerpt":{"rendered":"<p>[vc_row][vc_column][vc_column_text] La Escuela de Aviaci\u00f3n Militar conmemor\u00f3 el 215\u00ba Aniversario de la Revoluci\u00f3n de Mayo con una ceremonia en la Plaza General San Mart\u00edn de la Instituci\u00f3n. La formaci\u00f3n fue encabezada por el Jefe de la Guarnici\u00f3n A\u00e9rea C\u00f3rdoba, Brigadier Hugo Marcelo Fiocca, quien estuvo acompa\u00f1ado por Jefes de Unidades y Organismos, Personal Militar superior [&hellip;]<\/p>\n","protected":false},"author":5,"featured_media":14550,"comment_status":"closed","ping_status":"closed","sticky":false,"template":"","format":"standard","meta":{"_joinchat":[],"footnotes":""},"categories":[2995],"tags":[122,95,874,1890,3039],"class_list":["post-14547","post","type-post","status-publish","format-standard","has-post-thumbnail","hentry","category-noticias-2","tag-ceremonias","tag-eam","tag-escuela-de-aviacion","tag-escuela-de-aviacion-militar","tag-formacionmilitar"],"_links":{"self":[{"href":"http:\/\/www.eam.iua.edu.ar\/eam\/wp-json\/wp\/v2\/posts\/14547","targetHints":{"allow":["GET"]}}],"collection":[{"href":"http:\/\/www.eam.iua.edu.ar\/eam\/wp-json\/wp\/v2\/posts"}],"about":[{"href":"http:\/\/www.eam.iua.edu.ar\/eam\/wp-json\/wp\/v2\/types\/post"}],"author":[{"embeddable":true,"href":"http:\/\/www.eam.iua.edu.ar\/eam\/wp-json\/wp\/v2\/users\/5"}],"replies":[{"embeddable":true,"href":"http:\/\/www.eam.iua.edu.ar\/eam\/wp-json\/wp\/v2\/comments?post=14547"}],"version-history":[{"count":8,"href":"http:\/\/www.eam.iua.edu.ar\/eam\/wp-json\/wp\/v2\/posts\/14547\/revisions"}],"predecessor-version":[{"id":14574,"href":"http:\/\/www.eam.iua.edu.ar\/eam\/wp-json\/wp\/v2\/posts\/14547\/revisions\/14574"}],"wp:featuredmedia":[{"embeddable":true,"href":"http:\/\/www.eam.iua.edu.ar\/eam\/wp-json\/wp\/v2\/media\/14550"}],"wp:attachment":[{"href":"http:\/\/www.eam.iua.edu.ar\/eam\/wp-json\/wp\/v2\/media?parent=14547"}],"wp:term":[{"taxonomy":"category","embeddable":true,"href":"http:\/\/www.eam.iua.edu.ar\/eam\/wp-json\/wp\/v2\/categories?post=14547"},{"taxonomy":"post_tag","embeddable":true,"href":"http:\/\/www.eam.iua.edu.ar\/eam\/wp-json\/wp\/v2\/tags?post=14547"}],"curies":[{"name":"wp","href":"https:\/\/api.w.org\/{rel}","templated":true}]}}