{"id":14604,"date":"2025-06-06T09:11:35","date_gmt":"2025-06-06T12:11:35","guid":{"rendered":"http:\/\/www.eam.iua.edu.ar\/eam\/?p=14604"},"modified":"2025-06-06T09:11:35","modified_gmt":"2025-06-06T12:11:35","slug":"255o-aniversario-del-natalicio-del-general-manuel-belgrano","status":"publish","type":"post","link":"http:\/\/www.eam.iua.edu.ar\/eam\/255o-aniversario-del-natalicio-del-general-manuel-belgrano\/","title":{"rendered":"255\u00ba Aniversario del Natalicio del General Manuel Belgrano"},"content":{"rendered":"<p>[vc_row][vc_column][vc_column_text]<\/p>\n<p align=\"justify\">La Guarnici\u00f3n A\u00e9rea C\u00f3rdoba conmemor\u00f3 el 255\u00ba Aniversario del natalicio del General D. Manuel Belgrano, declarado Pr\u00f3cer Gu\u00eda de la Fuerza A\u00e9rea Argentina.<br \/>\nLa ceremonia tuvo lugar en la Plaza de Armas de la Escuela de Aviaci\u00f3n Militar y fue presidida por el Comodoro Antonio V\u00edctor P\u00e9rez Espa\u00f1\u00f3n, Secretario General del Centro Regional Universitario C\u00f3rdoba &#8211; IUA.<\/p>\n<p align=\"justify\">Participaron los Jefes de Unidades y Organismos de la Guarnici\u00f3n A\u00e9rea C\u00f3rdoba, adem\u00e1s de Personal Militar Superior y Subalterno en actividad y en situaci\u00f3n de retiro, Personal Docente, Civil, Cadetes, Aspirantes y Tropa Voluntaria.<\/p>\n<p align=\"justify\">Las palabras alusivas estuvieron a cargo del Comodoro (R) Ram\u00f3n Virgilio Ib\u00e1nez L\u00f3pez, representante de la Academia Belgraniana en la ciudad de C\u00f3rdoba. Destac\u00f3 entre sus palabras que esta fecha es una <b>\u201coportunidad propicia para recordar al hombre que dio forma y color a nuestra bandera, s\u00edmbolo de identidad y orgullo nacional y uno de los principales dirigentes de ese proceso hist\u00f3rico que condujo a la independencia de nuestro pa\u00eds en mayo de 1810\u201d.\u00a0<\/b><\/p>\n<p align=\"justify\"><b>\u201cSu firmeza de car\u00e1cter fue una virtud ineludible que le implic\u00f3 constancia y fortaleza para tomar decisiones y traducirlas en \u00f3rdenes, que lo colocan en el sitial de los grandes pr\u00f3ceres de nuestra historia\u201d.\u00a0<\/b><\/p>\n<p align=\"justify\">El General D. Manuel Jos\u00e9 Joaqu\u00edn del Coraz\u00f3n de Jes\u00fas Belgrano fue declarado Pr\u00f3cer Gu\u00eda de la Instituci\u00f3n el 4 de junio del a\u00f1o 2018. A trav\u00e9s de la Resoluci\u00f3n N\u00ba 554 del Jefe del Estado Mayor General de la Fuerza A\u00e9rea Argentina se da cuenta del reconocimiento al esfuerzo patri\u00f3tico y dedicaci\u00f3n del creador de nuestra ense\u00f1a Patria, quien supo amalgamar sabiamente la profesi\u00f3n de abogado con la de militar en defensa de los m\u00e1s altos intereses de la Patria.<\/p>\n<p align=\"justify\">La formaci\u00f3n finaliz\u00f3 con la entonaci\u00f3n de todo el personal de las estrofas de la marcha \u201cMi Bandera\u201d.<\/p>\n<p>[\/vc_column_text][\/vc_column][\/vc_row][vc_row][vc_column][vc_empty_space height=\u00bb20px\u00bb][\/vc_column][\/vc_row][vc_row][vc_column][vc_gallery type=\u00bbimage_grid\u00bb images=\u00bb14608,14607,14605,14606&#8243;][\/vc_column][\/vc_row]<\/p>\n","protected":false},"excerpt":{"rendered":"<p>[vc_row][vc_column][vc_column_text] La Guarnici\u00f3n A\u00e9rea C\u00f3rdoba conmemor\u00f3 el 255\u00ba Aniversario del natalicio del General D. Manuel Belgrano, declarado Pr\u00f3cer Gu\u00eda de la Fuerza A\u00e9rea Argentina. La ceremonia tuvo lugar en la Plaza de Armas de la Escuela de Aviaci\u00f3n Militar y fue presidida por el Comodoro Antonio V\u00edctor P\u00e9rez Espa\u00f1\u00f3n, Secretario General del Centro Regional Universitario [&hellip;]<\/p>\n","protected":false},"author":5,"featured_media":14607,"comment_status":"closed","ping_status":"closed","sticky":false,"template":"","format":"standard","meta":{"_joinchat":[],"footnotes":""},"categories":[2995],"tags":[122,95,874,3039,1259],"class_list":["post-14604","post","type-post","status-publish","format-standard","has-post-thumbnail","hentry","category-noticias-2","tag-ceremonias","tag-eam","tag-escuela-de-aviacion","tag-formacionmilitar","tag-fuerza-aerea-argentina"],"_links":{"self":[{"href":"http:\/\/www.eam.iua.edu.ar\/eam\/wp-json\/wp\/v2\/posts\/14604","targetHints":{"allow":["GET"]}}],"collection":[{"href":"http:\/\/www.eam.iua.edu.ar\/eam\/wp-json\/wp\/v2\/posts"}],"about":[{"href":"http:\/\/www.eam.iua.edu.ar\/eam\/wp-json\/wp\/v2\/types\/post"}],"author":[{"embeddable":true,"href":"http:\/\/www.eam.iua.edu.ar\/eam\/wp-json\/wp\/v2\/users\/5"}],"replies":[{"embeddable":true,"href":"http:\/\/www.eam.iua.edu.ar\/eam\/wp-json\/wp\/v2\/comments?post=14604"}],"version-history":[{"count":1,"href":"http:\/\/www.eam.iua.edu.ar\/eam\/wp-json\/wp\/v2\/posts\/14604\/revisions"}],"predecessor-version":[{"id":14609,"href":"http:\/\/www.eam.iua.edu.ar\/eam\/wp-json\/wp\/v2\/posts\/14604\/revisions\/14609"}],"wp:featuredmedia":[{"embeddable":true,"href":"http:\/\/www.eam.iua.edu.ar\/eam\/wp-json\/wp\/v2\/media\/14607"}],"wp:attachment":[{"href":"http:\/\/www.eam.iua.edu.ar\/eam\/wp-json\/wp\/v2\/media?parent=14604"}],"wp:term":[{"taxonomy":"category","embeddable":true,"href":"http:\/\/www.eam.iua.edu.ar\/eam\/wp-json\/wp\/v2\/categories?post=14604"},{"taxonomy":"post_tag","embeddable":true,"href":"http:\/\/www.eam.iua.edu.ar\/eam\/wp-json\/wp\/v2\/tags?post=14604"}],"curies":[{"name":"wp","href":"https:\/\/api.w.org\/{rel}","templated":true}]}}