{"id":14700,"date":"2025-07-10T16:13:23","date_gmt":"2025-07-10T19:13:23","guid":{"rendered":"http:\/\/www.eam.iua.edu.ar\/eam\/?p=14700"},"modified":"2025-07-22T10:35:03","modified_gmt":"2025-07-22T13:35:03","slug":"convocatoria-de-profesor-a-nivel-universitario-para-eam-condicionales","status":"publish","type":"post","link":"http:\/\/www.eam.iua.edu.ar\/eam\/convocatoria-de-profesor-a-nivel-universitario-para-eam-condicionales\/","title":{"rendered":"Convocatoria de Concurso Docente: PROFESOR\/A ASESOR\/A \u2013 Secretar\u00eda Acad\u00e9mica EAM ||"},"content":{"rendered":"<p>[vc_row][vc_column][vc_column_text]<\/p>\n<p style=\"text-align: justify;\">[\/vc_column_text][\/vc_column][\/vc_row][vc_row][vc_column][vc_column_text css=\u00bb.vc_custom_1752161182555{padding-right: 2em !important;}\u00bb]Se lleva a conocimiento al p\u00fablico en general, que la Escuela de Aviaci\u00f3n Militar realizar\u00e1 una convocatoria para Concurso Docente para cubrir <strong>DOS (02)<\/strong> cargos Titulares Permanentes <strong>\u201cCondicionales\u201d<\/strong> de Profesor\/a Asesor\/a de Nivel Universitario, para cumplir funciones en la Secretar\u00edas Acad\u00e9mica del Cuerpo de Cadetes, seg\u00fan el siguiente detalle:<\/p>\n<p>&#8211;\u00a0\u00a0\u00a0\u00a0\u00a0\u00a0\u00a0\u00a0\u00a0 <strong>UN (01) cargo con VEINTE (20) horas semanales<\/strong> para el Asesoramiento en Planes: dise\u00f1o, implementaci\u00f3n y evaluaci\u00f3n institucional.<br \/>\n&#8211;\u00a0\u00a0\u00a0\u00a0\u00a0\u00a0\u00a0\u00a0\u00a0 <strong>UN (01) cargo con SEIS (06) horas semanales<\/strong> para cumplir funciones de Didactizador de contenidos digitales y docencia en tramos de formaci\u00f3n docente.<\/p>\n<p>[\/vc_column_text][vc_empty_space][vc_row_inner][vc_column_inner width=\u00bb1\/4&#8243;]<span class=\"sc_icon icon-calendar-light aligncenter\" style=\"font-size:2em; line-height: 1em;\"><\/span>[\/vc_column_inner][vc_column_inner width=\u00bb3\/4&#8243;][vc_empty_space][vc_column_text]<\/p>\n<p style=\"text-align: center;\"><strong>FECHA DE INSCRIPCI\u00d3N:<\/strong>\u00a0desde el <strong>14 JUL 25 al 01 AGO 25 inclusive<\/strong>, a trav\u00e9s del siguiente link:<br \/>\n<a href=\"https:\/\/docs.google.com\/forms\/d\/e\/1FAIpQLSc8LXq7rZewHT3spWNV7qA7MxyNnpdp-Z8FrezV-xPqrondNg\/viewform?usp=preview\">https:\/\/docs.google.com\/forms\/d\/e\/1FAIpQLSc8LXq7rZewHT3spWNV7qA7MxyNnpdp-Z8FrezV-xPqrondNg\/viewform?usp=preview\u00a0<\/a><\/p>\n<p>[\/vc_column_text][\/vc_column_inner][\/vc_row_inner][vc_row_inner][vc_column_inner width=\u00bb1\/4&#8243;]<span class=\"sc_icon icon-graduation-light aligncenter\" style=\"font-size:2em; line-height: 1em;\"><\/span>[\/vc_column_inner][vc_column_inner width=\u00bb3\/4&#8243;][vc_column_text]<\/p>\n<p style=\"text-align: left;\"><b>PERFIL: <\/b>Deber\u00e1 acreditar T\u00edtulo de Nivel Universitario de instituciones oficialmente reconocidas (excluyente) en:<br \/>\na)\u00a0\u00a0\u00a0\u00a0\u00a0 Reglamentario: Licenciado en Ciencias de la Educaci\u00f3n.<br \/>\nb)\u00a0\u00a0\u00a0\u00a0\u00a0 Supletorio: Profesor en Ciencias de la Educaci\u00f3n.<\/p>\n<p>[\/vc_column_text][vc_empty_space][\/vc_column_inner][\/vc_row_inner][vc_row_inner][vc_column_inner width=\u00bb1\/4&#8243;]<span class=\"sc_icon icon-file-pdf aligncenter\" style=\"font-size:2em; line-height: 1em;\"><\/span>[\/vc_column_inner][vc_column_inner width=\u00bb3\/4&#8243;][vc_column_text]<\/p>\n<p style=\"text-align: center;\"><strong>DESCARGAR<\/strong>: <a href=\"http:\/\/www.eam.iua.edu.ar\/eam\/wp-content\/uploads\/2025\/07\/O.G.48.pdf\" target=\"_blank\" rel=\"noopener noreferrer\">BASES DE LA CONVOCATORIA<\/a><\/p>\n<p>[\/vc_column_text][vc_empty_space][\/vc_column_inner][\/vc_row_inner][vc_row_inner][vc_column_inner width=\u00bb1\/4&#8243;]<span class=\"sc_icon icon-mail-light aligncenter\" style=\"font-size:2em; line-height: 1em;\"><\/span>[\/vc_column_inner][vc_column_inner width=\u00bb3\/4&#8243;][vc_column_text]<\/p>\n<p style=\"text-align: center;\"><strong>EMAIL:<\/strong> <a href=\"mailto:selecciondocente@eam.iua.edu.ar\">selecciondocente@eam.iua.edu.ar<\/a><\/p>\n<p style=\"text-align: justify;\">[\/vc_column_text][vc_empty_space][\/vc_column_inner][\/vc_row_inner][\/vc_column][\/vc_row][vc_row][vc_column][vc_empty_space][vc_empty_space][\/vc_column][\/vc_row][vc_row][vc_column][vc_column_text]<\/p>\n<p>[\/vc_column_text][\/vc_column][\/vc_row]<\/p>\n","protected":false},"excerpt":{"rendered":"<p>[vc_row][vc_column][vc_column_text][\/vc_column_text][\/vc_column][\/vc_row][vc_row][vc_column][vc_column_text css=\u00bb.vc_custom_1752161182555{padding-right: 2em !important;}\u00bb]Se lleva a conocimiento al p\u00fablico en general, que la Escuela de Aviaci\u00f3n Militar realizar\u00e1 una convocatoria para Concurso Docente para cubrir DOS (02) cargos Titulares Permanentes \u201cCondicionales\u201d de Profesor\/a Asesor\/a de Nivel Universitario, para cumplir funciones en la Secretar\u00edas Acad\u00e9mica del Cuerpo de Cadetes, seg\u00fan el siguiente detalle: &#8211;\u00a0\u00a0\u00a0\u00a0\u00a0\u00a0\u00a0\u00a0\u00a0 UN [&hellip;]<\/p>\n","protected":false},"author":1,"featured_media":14706,"comment_status":"closed","ping_status":"closed","sticky":false,"template":"","format":"standard","meta":{"_joinchat":[],"footnotes":""},"categories":[2995],"tags":[1890,660,1259,3036,123,107,3037],"class_list":["post-14700","post","type-post","status-publish","format-standard","has-post-thumbnail","hentry","category-noticias-2","tag-escuela-de-aviacion-militar","tag-faa","tag-fuerza-aerea-argentina","tag-profesor-docentes","tag-profesores","tag-seleccion-docente","tag-universidad"],"_links":{"self":[{"href":"http:\/\/www.eam.iua.edu.ar\/eam\/wp-json\/wp\/v2\/posts\/14700","targetHints":{"allow":["GET"]}}],"collection":[{"href":"http:\/\/www.eam.iua.edu.ar\/eam\/wp-json\/wp\/v2\/posts"}],"about":[{"href":"http:\/\/www.eam.iua.edu.ar\/eam\/wp-json\/wp\/v2\/types\/post"}],"author":[{"embeddable":true,"href":"http:\/\/www.eam.iua.edu.ar\/eam\/wp-json\/wp\/v2\/users\/1"}],"replies":[{"embeddable":true,"href":"http:\/\/www.eam.iua.edu.ar\/eam\/wp-json\/wp\/v2\/comments?post=14700"}],"version-history":[{"count":4,"href":"http:\/\/www.eam.iua.edu.ar\/eam\/wp-json\/wp\/v2\/posts\/14700\/revisions"}],"predecessor-version":[{"id":14739,"href":"http:\/\/www.eam.iua.edu.ar\/eam\/wp-json\/wp\/v2\/posts\/14700\/revisions\/14739"}],"wp:featuredmedia":[{"embeddable":true,"href":"http:\/\/www.eam.iua.edu.ar\/eam\/wp-json\/wp\/v2\/media\/14706"}],"wp:attachment":[{"href":"http:\/\/www.eam.iua.edu.ar\/eam\/wp-json\/wp\/v2\/media?parent=14700"}],"wp:term":[{"taxonomy":"category","embeddable":true,"href":"http:\/\/www.eam.iua.edu.ar\/eam\/wp-json\/wp\/v2\/categories?post=14700"},{"taxonomy":"post_tag","embeddable":true,"href":"http:\/\/www.eam.iua.edu.ar\/eam\/wp-json\/wp\/v2\/tags?post=14700"}],"curies":[{"name":"wp","href":"https:\/\/api.w.org\/{rel}","templated":true}]}}