{"id":14708,"date":"2025-07-17T09:45:23","date_gmt":"2025-07-17T12:45:23","guid":{"rendered":"http:\/\/www.eam.iua.edu.ar\/eam\/?p=14708"},"modified":"2025-07-17T09:45:23","modified_gmt":"2025-07-17T12:45:23","slug":"egreso-del-curso-de-formacion-de-soldados","status":"publish","type":"post","link":"http:\/\/www.eam.iua.edu.ar\/eam\/egreso-del-curso-de-formacion-de-soldados\/","title":{"rendered":"Egreso del Curso de Formaci\u00f3n de Soldados"},"content":{"rendered":"<p>[vc_row][vc_column][vc_column_text]<\/p>\n<p align=\"justify\">El Escuadr\u00f3n Tropa de la Escuela de Aviaci\u00f3n Militar celebr\u00f3 la finalizaci\u00f3n del Curso de Formaci\u00f3n de Soldados Voluntarios (CUFORSOL) que se dicta en las instalaciones dependientes del Grupo Base Escuela. 61 j\u00f3venes se convirtieron en Soldados Voluntarios y recibieron sus correspondientes diplomas de finalizaci\u00f3n del Curso para el ingreso como Personal Militar a la Fuerza A\u00e9rea Argentina. Cada uno de ellos demostr\u00f3 poseer las aptitudes necesarias que los hacen merecedores del grado, con sus respectivas insignias y su correspondiente uniforme.<\/p>\n<p align=\"justify\">La ceremonia fue presidida por el Subdirector de la Escuela de Aviaci\u00f3n Militar, Comodoro D. Marcelo Agosto, quien estuvo acompa\u00f1ado por los Jefes de Grupo de la Instituci\u00f3n, adem\u00e1s de Personal Militar Superior, Subalterno, Civil, Tropa Voluntaria y familiares.<\/p>\n<p align=\"justify\">El Primer Teniente Miguel Alejandro Rosa, Jefe del Escuadr\u00f3n Tropa, fue el encargado de pronunciar un emotivo discurso alusivo a la ceremonia. \u201cBajo la paternal mirada de nuestro pr\u00f3cer gu\u00eda, el General Manuel Belgrano, y con la presencia simb\u00f3lica de nuestros tres h\u00e9roes de Malvinas, hoy celebramos el egreso de estos noveles soldados y el inicio en su vida como hombres y mujeres de armas\u201d.<br \/>\nA los soldados, se dirigi\u00f3 con c\u00e1lidas palabras: \u201cVestir este uniforme no es simplemente portar una prenda. Es un pedazo de bandera, es asumir un compromiso profundo con Dios, la familia y la Patria. Este uniforme representa a\u00f1os de historia y valores, representa la gloria alcanzada en Malvinas y es heredero de todas las tradiciones sanmartinianas y de pioneros como el soldado Teodoro Fels\u201d.<\/p>\n<p align=\"justify\">Durante la ceremonia se entregaron las distinciones al Mejor Promedio de Egreso, y al Mejor Camarada de la promoci\u00f3n, siendo acreedores de tal reconocimiento el Soldado Voluntario de II (E.C.), Agust\u00edn Luna y el Soldado Voluntario de II (E.C.) Fernando Juan Gabriel D\u00edaz respectivamente.<\/p>\n<p align=\"justify\">Para finalizar, toda la formaci\u00f3n enton\u00f3 con fervor las estrofas de la marcha Alas Argentinas.<\/p>\n<p>[\/vc_column_text][\/vc_column][\/vc_row][vc_row][vc_column][vc_empty_space height=\u00bb25px\u00bb][\/vc_column][\/vc_row][vc_row][vc_column][vc_gallery type=\u00bbimage_grid\u00bb images=\u00bb14712,14711,14717,14710,14715,14716,14709,14714,14713&#8243;][\/vc_column][\/vc_row]<\/p>\n","protected":false},"excerpt":{"rendered":"<p>[vc_row][vc_column][vc_column_text] El Escuadr\u00f3n Tropa de la Escuela de Aviaci\u00f3n Militar celebr\u00f3 la finalizaci\u00f3n del Curso de Formaci\u00f3n de Soldados Voluntarios (CUFORSOL) que se dicta en las instalaciones dependientes del Grupo Base Escuela. 61 j\u00f3venes se convirtieron en Soldados Voluntarios y recibieron sus correspondientes diplomas de finalizaci\u00f3n del Curso para el ingreso como Personal Militar a [&hellip;]<\/p>\n","protected":false},"author":5,"featured_media":14712,"comment_status":"closed","ping_status":"closed","sticky":false,"template":"","format":"standard","meta":{"_joinchat":[],"footnotes":""},"categories":[2995],"tags":[122,95,139,874,1890,660,3039,1259],"class_list":["post-14708","post","type-post","status-publish","format-standard","has-post-thumbnail","hentry","category-noticias-2","tag-ceremonias","tag-eam","tag-egreso","tag-escuela-de-aviacion","tag-escuela-de-aviacion-militar","tag-faa","tag-formacionmilitar","tag-fuerza-aerea-argentina"],"_links":{"self":[{"href":"http:\/\/www.eam.iua.edu.ar\/eam\/wp-json\/wp\/v2\/posts\/14708","targetHints":{"allow":["GET"]}}],"collection":[{"href":"http:\/\/www.eam.iua.edu.ar\/eam\/wp-json\/wp\/v2\/posts"}],"about":[{"href":"http:\/\/www.eam.iua.edu.ar\/eam\/wp-json\/wp\/v2\/types\/post"}],"author":[{"embeddable":true,"href":"http:\/\/www.eam.iua.edu.ar\/eam\/wp-json\/wp\/v2\/users\/5"}],"replies":[{"embeddable":true,"href":"http:\/\/www.eam.iua.edu.ar\/eam\/wp-json\/wp\/v2\/comments?post=14708"}],"version-history":[{"count":1,"href":"http:\/\/www.eam.iua.edu.ar\/eam\/wp-json\/wp\/v2\/posts\/14708\/revisions"}],"predecessor-version":[{"id":14718,"href":"http:\/\/www.eam.iua.edu.ar\/eam\/wp-json\/wp\/v2\/posts\/14708\/revisions\/14718"}],"wp:featuredmedia":[{"embeddable":true,"href":"http:\/\/www.eam.iua.edu.ar\/eam\/wp-json\/wp\/v2\/media\/14712"}],"wp:attachment":[{"href":"http:\/\/www.eam.iua.edu.ar\/eam\/wp-json\/wp\/v2\/media?parent=14708"}],"wp:term":[{"taxonomy":"category","embeddable":true,"href":"http:\/\/www.eam.iua.edu.ar\/eam\/wp-json\/wp\/v2\/categories?post=14708"},{"taxonomy":"post_tag","embeddable":true,"href":"http:\/\/www.eam.iua.edu.ar\/eam\/wp-json\/wp\/v2\/tags?post=14708"}],"curies":[{"name":"wp","href":"https:\/\/api.w.org\/{rel}","templated":true}]}}