{"id":15090,"date":"2025-12-11T09:47:36","date_gmt":"2025-12-11T12:47:36","guid":{"rendered":"http:\/\/www.eam.iua.edu.ar\/eam\/?p=15090"},"modified":"2025-12-11T09:47:36","modified_gmt":"2025-12-11T12:47:36","slug":"cambio-de-abanderado-en-la-escuela-de-aviacion-militar","status":"publish","type":"post","link":"http:\/\/www.eam.iua.edu.ar\/eam\/cambio-de-abanderado-en-la-escuela-de-aviacion-militar\/","title":{"rendered":"Cambio de Abanderado en la Escuela de Aviaci\u00f3n Militar"},"content":{"rendered":"<p>[vc_row][vc_column][vc_column_text]<\/p>\n<p align=\"justify\">La Plaza de Armas del Instituto fue testigo de una emotiva ceremonia en la cual se design\u00f3 al nuevo abanderado de la Escuela de Aviaci\u00f3n Militar. En esta ceremonia, los cadetes que se destacaron por su dedicaci\u00f3n y excelencia acad\u00e9mica, han recibido con honor la distinci\u00f3n de ser portadores de la Bandera de Guerra de nuestra Instituci\u00f3n.<\/p>\n<p align=\"justify\">La ceremonia fue presidida por el Director de la E.A.M, Brigadier D. Hugo Marcelo Fiocca, quien estuvo acompa\u00f1ado por autoridades del Instituto, Brigadieres Mayores y Brigadieres en situaci\u00f3n de retiro, Personal Militar Superior, Subalterno, Civil, Docente Civil, Tropa Voluntaria y familiares.<\/p>\n<p align=\"justify\">Durante el evento, recibieron sus diplomas correspondientes los cadetes que se destacaron y obtuvieron los primeros promedios del curso durante el a\u00f1o. Adem\u00e1s, se realiz\u00f3 el ascenso de todos los cadetes de la instituci\u00f3n a su a\u00f1o inmediato superior.<\/p>\n<p align=\"justify\">En esta oportunidad, la Asociaci\u00f3n de Exdirectores de la Escuela de Aviaci\u00f3n Militar entreg\u00f3 las tradicionales distinciones \u201cBrigadier D. Roberto Antonio Gibert\u201d que anualmente reconoce al docente y a los instructores destacados durante el a\u00f1o acad\u00e9mico. El Brigadier Mayor Fernando Luis Nieto (R) entreg\u00f3 la distinci\u00f3n al Teniente Jonatan Kuzyczyn como Instructor del Grupo A\u00e9reo Escuela; el Brigadier Mayor (R) Gustavo Alfredo Testoni hizo entrega a la Primer Teniente Florencia Vaccarello como instructora del Cuerpo de Cadetes y por \u00faltimo el Brigadier \u201cVGM\u201d (R) \u00c1lvaro Luis P\u00e9rez realiz\u00f3 la entrega al profesor Federico Garc\u00eda Cuerva al m\u00e9rito docente. Cabe destacar que el Teniente Kuzyczyn recibi\u00f3 adem\u00e1s una distinci\u00f3n por parte del presidente de la Asociaci\u00f3n de Instructores de Vuelo, Comodoro (R) Daniel Grandi.<\/p>\n<p align=\"justify\">El momento central de la ceremonia se vivi\u00f3 cuando el Brigadier Hugo Marcelo Fiocca hizo entrega de la Bandera de Guerra al nuevo abanderado, el Suboficial Ayudante Cadete Agust\u00edn Hartinger Fiore. Lo acompa\u00f1aron como escoltas el Suboficial Auxiliar Cadete Agust\u00edn Enrique Tom\u00e1s Aranda y el Suboficial Auxiliar Cadete Tom\u00e1s Ian Franco Ferreyra.<\/p>\n<p align=\"justify\">Al finalizar, Personal Militar y Cadetes desfilaron frente al palco de autoridades presentes entonando la marcha Alas Argentinas.<\/p>\n<p>[\/vc_column_text][\/vc_column][\/vc_row][vc_row][vc_column][vc_empty_space height=\u00bb30px\u00bb][\/vc_column][\/vc_row][vc_row][vc_column][vc_gallery type=\u00bbimage_grid\u00bb images=\u00bb15092,15091,15093,15094,15095,15096,15097,15098,15099,15100,15101,15102,15103,15104,15105,15106,15107&#8243;][\/vc_column][\/vc_row]<\/p>\n","protected":false},"excerpt":{"rendered":"<p>[vc_row][vc_column][vc_column_text] La Plaza de Armas del Instituto fue testigo de una emotiva ceremonia en la cual se design\u00f3 al nuevo abanderado de la Escuela de Aviaci\u00f3n Militar. En esta ceremonia, los cadetes que se destacaron por su dedicaci\u00f3n y excelencia acad\u00e9mica, han recibido con honor la distinci\u00f3n de ser portadores de la Bandera de Guerra [&hellip;]<\/p>\n","protected":false},"author":5,"featured_media":15101,"comment_status":"closed","ping_status":"closed","sticky":false,"template":"","format":"standard","meta":{"_joinchat":[],"footnotes":""},"categories":[2995],"tags":[122,121,95,139,874,1890,1259],"class_list":["post-15090","post","type-post","status-publish","format-standard","has-post-thumbnail","hentry","category-noticias-2","tag-ceremonias","tag-cuerpo-cadetes","tag-eam","tag-egreso","tag-escuela-de-aviacion","tag-escuela-de-aviacion-militar","tag-fuerza-aerea-argentina"],"_links":{"self":[{"href":"http:\/\/www.eam.iua.edu.ar\/eam\/wp-json\/wp\/v2\/posts\/15090","targetHints":{"allow":["GET"]}}],"collection":[{"href":"http:\/\/www.eam.iua.edu.ar\/eam\/wp-json\/wp\/v2\/posts"}],"about":[{"href":"http:\/\/www.eam.iua.edu.ar\/eam\/wp-json\/wp\/v2\/types\/post"}],"author":[{"embeddable":true,"href":"http:\/\/www.eam.iua.edu.ar\/eam\/wp-json\/wp\/v2\/users\/5"}],"replies":[{"embeddable":true,"href":"http:\/\/www.eam.iua.edu.ar\/eam\/wp-json\/wp\/v2\/comments?post=15090"}],"version-history":[{"count":1,"href":"http:\/\/www.eam.iua.edu.ar\/eam\/wp-json\/wp\/v2\/posts\/15090\/revisions"}],"predecessor-version":[{"id":15108,"href":"http:\/\/www.eam.iua.edu.ar\/eam\/wp-json\/wp\/v2\/posts\/15090\/revisions\/15108"}],"wp:featuredmedia":[{"embeddable":true,"href":"http:\/\/www.eam.iua.edu.ar\/eam\/wp-json\/wp\/v2\/media\/15101"}],"wp:attachment":[{"href":"http:\/\/www.eam.iua.edu.ar\/eam\/wp-json\/wp\/v2\/media?parent=15090"}],"wp:term":[{"taxonomy":"category","embeddable":true,"href":"http:\/\/www.eam.iua.edu.ar\/eam\/wp-json\/wp\/v2\/categories?post=15090"},{"taxonomy":"post_tag","embeddable":true,"href":"http:\/\/www.eam.iua.edu.ar\/eam\/wp-json\/wp\/v2\/tags?post=15090"}],"curies":[{"name":"wp","href":"https:\/\/api.w.org\/{rel}","templated":true}]}}