{"id":15109,"date":"2025-12-11T10:15:39","date_gmt":"2025-12-11T13:15:39","guid":{"rendered":"http:\/\/www.eam.iua.edu.ar\/eam\/?p=15109"},"modified":"2025-12-11T10:15:39","modified_gmt":"2025-12-11T13:15:39","slug":"egreso-de-los-oficiales-de-la-promocion-xci","status":"publish","type":"post","link":"http:\/\/www.eam.iua.edu.ar\/eam\/egreso-de-los-oficiales-de-la-promocion-xci\/","title":{"rendered":"Egreso de los Oficiales de la Promoci\u00f3n XCI"},"content":{"rendered":"<p>[vc_row][vc_column]<figure class=\"sc_image  sc_image_shape_square\"><img decoding=\"async\" src=\"http:\/\/www.eam.iua.edu.ar\/eam\/wp-content\/uploads\/2025\/12\/Egreso-Promocion-XCI_3-scaled.jpg\" alt=\"\" \/><\/figure>[\/vc_column][\/vc_row][vc_row][vc_column][vc_empty_space height=\u00bb20px\u00bb][\/vc_column][\/vc_row][vc_row][vc_column][vc_column_text]<\/p>\n<p align=\"justify\">El Jefe de Estado Mayor General de la Fuerza A\u00e9rea Argentina, Brigadier Mayor Gustavo Javier Valverde presidi\u00f3 la ceremonia de egreso de 69 nuevos oficiales que pasaron a formar parte del cuadro permanente de oficiales de la Instituci\u00f3n. Cabe destacar que uno de los egresados proviene de la Rep\u00fablica del Paraguay y se incorporar\u00e1 como oficial a la Fuerza A\u00e9rea de su pa\u00eds. En esta importante ceremonia, los integrantes de la Promoci\u00f3n XCI reafirman su inquebrantable vocaci\u00f3n de servicio y compromiso con la defensa del territorio nacional.<\/p>\n<p align=\"justify\">La ceremonia, que tuvo lugar en el comedor del Cuerpo de Cadetes, cont\u00f3 con la presencia del Director General de Educaci\u00f3n, Brigadier Marcelo Abel Ramadori, el Director de la Escuela de Aviaci\u00f3n, Hugo Marcelo Fiocca y el ex Jefe de Estado Mayor General de la F.A.A, Brigadier General \u201cVGM\u201d (R) Walter Domingo Barbero. Adem\u00e1s, participaron destacadas autoridades en actividad y en situaci\u00f3n de retiro de la Fuerza A\u00e9rea Argentina, representantes de instituciones y asociaciones afines al quehacer aeron\u00e1utico, Personal Militar Superior, Subalterno, Civil, Docente y familiares de los egresados.<\/p>\n<p align=\"justify\">Luego de la invocaci\u00f3n religiosa y la bendici\u00f3n de los despachos de los egresados, el Brigadier Hugo Marcelo Fiocca pronunci\u00f3 unas palabras alusivas dirigidas a los flamantes oficiales:<strong> \u201cUstedes ser\u00e1n quienes, por natural sucesi\u00f3n y en m\u00e9rito a su desempe\u00f1o, en un futuro no muy lejano, se les habr\u00e1 de confiar la inmensa responsabilidad de conducir, como l\u00edderes del poder aeroespacial, los destinos de nuestra querida Fuerza A\u00e9rea [&#8230;] Los insto, entonces, a que el esp\u00edritu de sacrificio de los padres de la Aviaci\u00f3n Argentina y el testimonio brindado por nuestros H\u00e9roes ca\u00eddos en combate sean un claro ejemplo para el cumplimiento de las responsabilidades que cada uno de ustedes tenga a partir de este momento\u201d.\u00a0 <\/strong><\/p>\n<p align=\"justify\">La ceremonia continu\u00f3 con la lectura de la Resoluci\u00f3n correspondiente a la entrega de despachos, siendo los alf\u00e9reces con mejores promedios de egreso quienes recibieron sus diplomas de manera individual. El JEMGFAA, Brigadier Gustavo Javier Valverde, entreg\u00f3 el despacho al egresado con el primer promedio, Alf\u00e9rez Alejandro Ezequiel Landi y al Subteniente de la Fuerza A\u00e9rea Paraguaya, Santiago Adri\u00e1n Torales Zayas. Por su parte, el Director General de Educaci\u00f3n, Brigadier Marcelo Abel Ramadori, entreg\u00f3 el despacho al Alf\u00e9rez Augusto Santo Quadrelli y el Secretario General de la F.A.A, Brigadier Ricardo Cappabianca, entreg\u00f3 el despacho correspondiente a la Alf\u00e9rez Candela Mailen Romano Molina. Posteriormente, cada uno de los oficiales egresados recibi\u00f3 su diploma y se realizaron adem\u00e1s las entregas de los premios que los oficiales recibieron por su gran desempe\u00f1o acad\u00e9mico.<\/p>\n<p align=\"justify\">Antes de finalizar, el Brigadier Mayor Gustavo Javier Valverde pronunci\u00f3 unas emotivas palabras destacando lo trascendental de este d\u00eda en la vida de cada uno de los oficiales recibidos, a quienes inst\u00f3 a seguir capacit\u00e1ndose con esfuerzo y gran responsabilidad.<strong> \u201cLa Fuerza A\u00e9rea necesita hombres y mujeres capacitados, comprometidos con el pa\u00eds, pero sobre todo comprometidos con la misi\u00f3n que tiene la Fuerza A\u00e9rea Argentina\u201d. <\/strong><\/p>\n<p align=\"justify\">Para culminar la emotiva ceremonia, todos los presentes entonaron con fervor la marcha que nos identifica, Alas Argentinas.<\/p>\n<p>[\/vc_column_text][\/vc_column][\/vc_row][vc_row][vc_column][vc_empty_space height=\u00bb30px\u00bb][\/vc_column][\/vc_row][vc_row][vc_column][vc_gallery type=\u00bbimage_grid\u00bb images=\u00bb15111,15113,15114,15115,15116,15117,15118,15119,15120,15121,15122,15123,15124,15125,15126,15112,15127,15128,15129&#8243;][\/vc_column][\/vc_row]<\/p>\n","protected":false},"excerpt":{"rendered":"<p>[vc_row][vc_column][\/vc_column][\/vc_row][vc_row][vc_column][vc_empty_space height=\u00bb20px\u00bb][\/vc_column][\/vc_row][vc_row][vc_column][vc_column_text] El Jefe de Estado Mayor General de la Fuerza A\u00e9rea Argentina, Brigadier Mayor Gustavo Javier Valverde presidi\u00f3 la ceremonia de egreso de 69 nuevos oficiales que pasaron a formar parte del cuadro permanente de oficiales de la Instituci\u00f3n. Cabe destacar que uno de los egresados proviene de la Rep\u00fablica del Paraguay y se [&hellip;]<\/p>\n","protected":false},"author":5,"featured_media":15111,"comment_status":"closed","ping_status":"closed","sticky":false,"template":"","format":"standard","meta":{"_joinchat":[],"footnotes":""},"categories":[2995],"tags":[221,122,121,95,874,1890,1259],"class_list":["post-15109","post","type-post","status-publish","format-standard","has-post-thumbnail","hentry","category-noticias-2","tag-cadetes","tag-ceremonias","tag-cuerpo-cadetes","tag-eam","tag-escuela-de-aviacion","tag-escuela-de-aviacion-militar","tag-fuerza-aerea-argentina"],"_links":{"self":[{"href":"http:\/\/www.eam.iua.edu.ar\/eam\/wp-json\/wp\/v2\/posts\/15109","targetHints":{"allow":["GET"]}}],"collection":[{"href":"http:\/\/www.eam.iua.edu.ar\/eam\/wp-json\/wp\/v2\/posts"}],"about":[{"href":"http:\/\/www.eam.iua.edu.ar\/eam\/wp-json\/wp\/v2\/types\/post"}],"author":[{"embeddable":true,"href":"http:\/\/www.eam.iua.edu.ar\/eam\/wp-json\/wp\/v2\/users\/5"}],"replies":[{"embeddable":true,"href":"http:\/\/www.eam.iua.edu.ar\/eam\/wp-json\/wp\/v2\/comments?post=15109"}],"version-history":[{"count":1,"href":"http:\/\/www.eam.iua.edu.ar\/eam\/wp-json\/wp\/v2\/posts\/15109\/revisions"}],"predecessor-version":[{"id":15130,"href":"http:\/\/www.eam.iua.edu.ar\/eam\/wp-json\/wp\/v2\/posts\/15109\/revisions\/15130"}],"wp:featuredmedia":[{"embeddable":true,"href":"http:\/\/www.eam.iua.edu.ar\/eam\/wp-json\/wp\/v2\/media\/15111"}],"wp:attachment":[{"href":"http:\/\/www.eam.iua.edu.ar\/eam\/wp-json\/wp\/v2\/media?parent=15109"}],"wp:term":[{"taxonomy":"category","embeddable":true,"href":"http:\/\/www.eam.iua.edu.ar\/eam\/wp-json\/wp\/v2\/categories?post=15109"},{"taxonomy":"post_tag","embeddable":true,"href":"http:\/\/www.eam.iua.edu.ar\/eam\/wp-json\/wp\/v2\/tags?post=15109"}],"curies":[{"name":"wp","href":"https:\/\/api.w.org\/{rel}","templated":true}]}}