{"id":15231,"date":"2026-03-13T12:30:58","date_gmt":"2026-03-13T15:30:58","guid":{"rendered":"http:\/\/www.eam.iua.edu.ar\/eam\/?p=15231"},"modified":"2026-03-13T12:30:58","modified_gmt":"2026-03-13T15:30:58","slug":"convocatoria-de-concurso-profesor-a-de-nivel-universitario-asesor-sec-academica","status":"publish","type":"post","link":"http:\/\/www.eam.iua.edu.ar\/eam\/convocatoria-de-concurso-profesor-a-de-nivel-universitario-asesor-sec-academica\/","title":{"rendered":"Convocatoria de Concurso: Profesor\/a de Nivel Universitario &#8211; Asesor Sec Acad\u00e9mica"},"content":{"rendered":"<p>[vc_row][vc_column][vc_column_text][\/vc_column_text][\/vc_column][\/vc_row][vc_row][vc_column][vc_column_text css=\u00bb.vc_custom_1773413066336{padding-right: 2em !important;}\u00bb]Se lleva a conocimiento al p\u00fablico en general, que la Escuela de Aviaci\u00f3n Militar realizar\u00e1 una convocatoria para Concurso Docente para cubrir DOS (02) cargo Titular Permanente para el ciclo lectivo 2026, de Profesor\/a Asesor de Nivel Universitario para cumplir funciones en Secretar\u00eda Acad\u00e9mica seg\u00fan el siguiente detalle:<\/p>\n<p>&#8211;\u00a0\u00a0\u00a0\u00a0\u00a0\u00a0\u00a0\u00a0\u00a0\u00a0\u00a0\u00a0\u00a0\u00a0\u00a0\u00a0\u00a0\u00a0\u00a0\u00a0\u00a0\u00a0 UN (01) cargo con QUINCE (15) horas semanales para el Asesoramiento en Planes: dise\u00f1o e implementaci\u00f3n,<br \/>\n&#8211; \u00a0\u00a0\u00a0\u00a0\u00a0\u00a0\u00a0\u00a0\u00a0\u00a0\u00a0\u00a0\u00a0\u00a0\u00a0\u00a0\u00a0\u00a0\u00a0\u00a0\u00a0 UN (01) cargo con QUINCE (15) horas semanales para cumplir funciones para el Asesoramiento de Autoevaluaci\u00f3n Institucional: monitoreo de planes, proyectos, secuencias did\u00e1cticas y la construcci\u00f3n de indicadores para evaluar la calidad educativa.[\/vc_column_text][vc_empty_space][vc_row_inner][vc_column_inner width=\u00bb1\/4&#8243;]<span class=\"sc_icon icon-calendar-light aligncenter\" style=\"font-size:2em; line-height: 1em;\"><\/span>[\/vc_column_inner][vc_column_inner width=\u00bb3\/4&#8243;][vc_empty_space][vc_column_text]FECHA DE INSCRIPCI\u00d3N: 16 MAR 26 al 09 ABR 26, ambas fechas inclusive, a trav\u00e9s del siguiente link:<br \/>\nhttps:\/\/forms.gle\/3Fv2hctEtyeEb9gN9[\/vc_column_text][\/vc_column_inner][\/vc_row_inner][vc_row_inner][vc_column_inner width=\u00bb1\/4&#8243;]<span class=\"sc_icon icon-graduation-light aligncenter\" style=\"font-size:2em; line-height: 1em;\"><\/span>[\/vc_column_inner][vc_column_inner width=\u00bb3\/4&#8243;][vc_column_text]PERFIL DEL PROFESIONAL RELACIONADO CON EL CONCURSO:<\/p>\n<p>Deber\u00e1 acreditar T\u00edtulo de Nivel Universitario en:<br \/>\na)\u00a0\u00a0\u00a0\u00a0\u00a0\u00a0\u00a0\u00a0\u00a0\u00a0\u00a0\u00a0\u00a0\u00a0\u00a0\u00a0\u00a0 Reglamentario:<br \/>\n1\u00ba) T\u00edtulo de Nivel Universitario de instituciones oficialmente reconocidas como Profesorado y\/o Licenciatura en Ciencias de la Educaci\u00f3n, Educaci\u00f3n o Pedagog\u00eda (excluyente).[\/vc_column_text][vc_empty_space][\/vc_column_inner][\/vc_row_inner][vc_row_inner][vc_column_inner width=\u00bb1\/4&#8243;]<span class=\"sc_icon icon-file-pdf aligncenter\" style=\"font-size:2em; line-height: 1em;\"><\/span>[\/vc_column_inner][vc_column_inner width=\u00bb3\/4&#8243;][vc_column_text]<\/p>\n<p style=\"text-align: center;\"><strong>DESCARGAR<\/strong>: <a href=\"http:\/\/www.eam.iua.edu.ar\/eam\/wp-content\/uploads\/2026\/03\/O.G-N\u00b006-CONCURSO-PROFESOR-ASESOR-02-CARGOS.pdf\">BASES DE LA CONVOCATORIA<\/a><\/p>\n<p style=\"text-align: center;\"><strong>DESCARGAR<\/strong>: <a href=\"http:\/\/www.eam.iua.edu.ar\/eam\/wp-content\/uploads\/2026\/02\/MODELO-CV-SELECCION-DOCENTE.docx\">MODELO DE CV<\/a><\/p>\n<p>[\/vc_column_text][vc_empty_space][\/vc_column_inner][\/vc_row_inner][vc_row_inner][vc_column_inner width=\u00bb1\/4&#8243;]<span class=\"sc_icon icon-mail-light aligncenter\" style=\"font-size:2em; line-height: 1em;\"><\/span>[\/vc_column_inner][vc_column_inner width=\u00bb3\/4&#8243;][vc_column_text]<\/p>\n<p style=\"text-align: center;\"><strong>EMAIL:<\/strong> <a href=\"mailto:selecciondocente@eam.iua.edu.ar\">selecciondocente@eam.iua.edu.ar<\/a><\/p>\n<p>[\/vc_column_text][vc_empty_space][\/vc_column_inner][\/vc_row_inner][\/vc_column][\/vc_row][vc_row][vc_column][vc_empty_space][vc_empty_space][\/vc_column][\/vc_row]<\/p>\n","protected":false},"excerpt":{"rendered":"<p>[vc_row][vc_column][vc_column_text][\/vc_column_text][\/vc_column][\/vc_row][vc_row][vc_column][vc_column_text css=\u00bb.vc_custom_1773413066336{padding-right: 2em !important;}\u00bb]Se lleva a conocimiento al p\u00fablico en general, que la Escuela de Aviaci\u00f3n Militar realizar\u00e1 una convocatoria para Concurso Docente para cubrir DOS (02) cargo Titular Permanente para el ciclo lectivo 2026, de Profesor\/a Asesor de Nivel Universitario para cumplir funciones en Secretar\u00eda Acad\u00e9mica seg\u00fan el siguiente detalle: &#8211;\u00a0\u00a0\u00a0\u00a0\u00a0\u00a0\u00a0\u00a0\u00a0\u00a0\u00a0\u00a0\u00a0\u00a0\u00a0\u00a0\u00a0\u00a0\u00a0\u00a0\u00a0\u00a0 UN (01) cargo [&hellip;]<\/p>\n","protected":false},"author":1,"featured_media":15234,"comment_status":"closed","ping_status":"closed","sticky":false,"template":"","format":"standard","meta":{"_joinchat":[],"footnotes":""},"categories":[2995],"tags":[],"class_list":["post-15231","post","type-post","status-publish","format-standard","has-post-thumbnail","hentry","category-noticias-2"],"_links":{"self":[{"href":"http:\/\/www.eam.iua.edu.ar\/eam\/wp-json\/wp\/v2\/posts\/15231","targetHints":{"allow":["GET"]}}],"collection":[{"href":"http:\/\/www.eam.iua.edu.ar\/eam\/wp-json\/wp\/v2\/posts"}],"about":[{"href":"http:\/\/www.eam.iua.edu.ar\/eam\/wp-json\/wp\/v2\/types\/post"}],"author":[{"embeddable":true,"href":"http:\/\/www.eam.iua.edu.ar\/eam\/wp-json\/wp\/v2\/users\/1"}],"replies":[{"embeddable":true,"href":"http:\/\/www.eam.iua.edu.ar\/eam\/wp-json\/wp\/v2\/comments?post=15231"}],"version-history":[{"count":2,"href":"http:\/\/www.eam.iua.edu.ar\/eam\/wp-json\/wp\/v2\/posts\/15231\/revisions"}],"predecessor-version":[{"id":15235,"href":"http:\/\/www.eam.iua.edu.ar\/eam\/wp-json\/wp\/v2\/posts\/15231\/revisions\/15235"}],"wp:featuredmedia":[{"embeddable":true,"href":"http:\/\/www.eam.iua.edu.ar\/eam\/wp-json\/wp\/v2\/media\/15234"}],"wp:attachment":[{"href":"http:\/\/www.eam.iua.edu.ar\/eam\/wp-json\/wp\/v2\/media?parent=15231"}],"wp:term":[{"taxonomy":"category","embeddable":true,"href":"http:\/\/www.eam.iua.edu.ar\/eam\/wp-json\/wp\/v2\/categories?post=15231"},{"taxonomy":"post_tag","embeddable":true,"href":"http:\/\/www.eam.iua.edu.ar\/eam\/wp-json\/wp\/v2\/tags?post=15231"}],"curies":[{"name":"wp","href":"https:\/\/api.w.org\/{rel}","templated":true}]}}